{"id":8475,"date":"2013-02-16T10:10:23","date_gmt":"2013-02-16T16:10:23","guid":{"rendered":"http:\/\/www.eloriente.net\/home\/?p=8475"},"modified":"2013-02-16T10:10:23","modified_gmt":"2013-02-16T16:10:23","slug":"facebook-hackeado-nuestra-informacion-esta-a-salvo","status":"publish","type":"post","link":"http:\/\/www.eloriente.net\/home\/2013\/02\/16\/facebook-hackeado-nuestra-informacion-esta-a-salvo\/","title":{"rendered":"Facebook hackeado \u00bfNuestra informaci\u00f3n est\u00e1 a salvo?"},"content":{"rendered":"<p style=\"text-align: right;\"><a href=\"http:\/\/alt1040.com\/2013\/02\/facebook-hackeado\" target=\"_blank\">Por: York Perry*<\/a><\/p>\n<p><strong>Facebook<\/strong> anunci\u00f3 a trav\u00e9s de <a href=\"https:\/\/www.facebook.com\/notes\/facebook-security\/protecting-people-on-facebook\/10151249208250766\" target=\"_blank\">un comunicado oficial<\/a> que sufri\u00f3 un ataque inform\u00e1tico por parte de un grupo no identificado de Hackers durante el mes de enero, lo que vulner\u00f3 y comprometi\u00f3 la seguridad de sus sistemas y por ende la infraestructura de la propia red social. De acuerdo a lo se\u00f1alado en el relativamente breve y poco claro anuncio, un n\u00famero desconocido de empleados de la compa\u00f1\u00eda, como parte de sus procesos normales de trabajo, visitaron un sitio web comprometido de un desarrollador para m\u00f3viles, lo que llev\u00f3 a que todas las laptops desde las que entraron se infectaran por <strong>un malware hasta la fecha desconocido<\/strong>, que aparentemente fue dise\u00f1ado de manera exclusiva para lograr la intrusi\u00f3n.<\/p>\n<p>Seg\u00fan explican, al percatarse del hackeo pudieron rastrear el origen del \u00absofisticado ataque\u00bb en el sitio referido, descubriendo que el malware de la infecci\u00f3n se trataba de un <strong>exploit<\/strong> de tipo <em>\u00abzero-day\u00bb<\/em> (in\u00e9dito hasta el momento de encontrarlo), motivo por el cual las protecciones y programas de antivirus en los ordenadores comprometidos no pudieron detectarlo, dicha vulnerabilidad ha quedado bloqueado con el apoyo de <strong>Oracle<\/strong> desde el d\u00eda primero de febrero, sin embargo <strong>no se han proporcionado m\u00e1s detalles<\/strong> sobre cu\u00e1l fue precisamente la direcci\u00f3n, el grado real de los da\u00f1os potenciales derivados de la violaci\u00f3n de seguridad, ni qu\u00e9 instancias de la ley se han involucrado en la investigaci\u00f3n que hasta el momento sigue en curso.<\/p>\n<blockquote><p>Tan pronto como descubrimos la presencia del software malicioso remediamos todas las m\u00e1quinas infectadas, informamos a las instancias correspondientes y comenzamos una investigaci\u00f3n significativa que contin\u00faa a la fecha. <strong>No tenemos evidencia de que los datos de los usuarios de Facebook haya quedado comprometida en este ataque.<\/strong><\/p><\/blockquote>\n<p>Con Facebook hackeado la declaraci\u00f3n sobre el estado de los datos privados y de acceso de las cuentas de usuario <strong>es un poco ambigua<\/strong>, indican que no han encontrado ning\u00fan indicio de que esa informaci\u00f3n haya sido sustra\u00edda, pero <strong>tampoco descartan la posibilidad en su totalidad<\/strong>. A la par que el comunicado se\u00f1ala que es probable que otros sitios similares tambi\u00e9n se encuentren comprometidos, pero ellos fueron los primeros en percatarse. Gran alivio&#8230;<\/p>\n<p>Esta no es la primera vez que la seguridad de <strong>Facebook<\/strong> se ve comprometida, en <a href=\"http:\/\/alt1040.com\/2011\/11\/facebook-hackeado-se-inunda-de-pornografia-y-violencia-el-timeline-de-miles-de-usuarios\">noviembre de 2011<\/a> ya hab\u00edan tenido un incidente con su red social, y las consecuencias de este nuevo ataque a\u00fan est\u00e1n por descubrirse.<\/p>\n<p>&nbsp;<\/p>\n<p style=\"text-align: center;\"><a href=\"http:\/\/www.eloriente.net\/home\/wp-content\/uploads\/2013\/02\/facebook.png\"><img loading=\"lazy\" decoding=\"async\" class=\"aligncenter  wp-image-8476\" title=\"facebook\" src=\"http:\/\/www.eloriente.net\/home\/wp-content\/uploads\/2013\/02\/facebook.png\" alt=\"\" width=\"587\" height=\"268\" srcset=\"http:\/\/www.eloriente.net\/home\/wp-content\/uploads\/2013\/02\/facebook.png 979w, http:\/\/www.eloriente.net\/home\/wp-content\/uploads\/2013\/02\/facebook-300x136.png 300w\" sizes=\"(max-width: 587px) 100vw, 587px\" \/><\/a><\/p>\n<p>*Contenido bajo Licencia <a href=\"http:\/\/hipertextual.com\/licencia\/\" target=\"_blank\">Creative Commons<\/a><\/p>\n\n\t\t\t  <div \n\t\t\t  \tclass = \"fb-comments\" \n\t\t\t  \tdata-href = \"http:\/\/www.eloriente.net\/home\/2013\/02\/16\/facebook-hackeado-nuestra-informacion-esta-a-salvo\/\"\n\t\t\t  \tdata-numposts = \"10\"\n\t\t\t\tdata-colorscheme = \"dark\"\n\t\t\t\tdata-order-by = \"social\"\n\t\t\t\tdata-mobile=true>\n\t\t\t  <\/div>\n\t\t  <style>\n\t\t\t.fb_iframe_widget_fluid_desktop iframe {\n\t\t\t    width: 100% !important;\n\t\t\t}\n\t\t  <\/style>\n\t\t  ","protected":false},"excerpt":{"rendered":"<p>Por: York Perry* Facebook anunci\u00f3 a trav\u00e9s de un comunicado oficial que sufri\u00f3 un ataque inform\u00e1tico por parte de un grupo no identificado de Hackers durante el mes de enero, lo que vulner\u00f3 y comprometi\u00f3 la seguridad de sus sistemas y por ende la infraestructura de la propia red social. De acuerdo a lo se\u00f1alado [&hellip;]<\/p>\n","protected":false},"author":1,"featured_media":8476,"comment_status":"closed","ping_status":"open","sticky":false,"template":"","format":"standard","meta":{"_jetpack_memberships_contains_paid_content":false,"footnotes":""},"categories":[32,10,17],"tags":[],"class_list":["post-8475","post","type-post","status-publish","format-standard","has-post-thumbnail","hentry","category-entradas","category-lo-mas-reciente","category-tecnologia"],"jetpack_featured_media_url":"http:\/\/www.eloriente.net\/home\/wp-content\/uploads\/2013\/02\/facebook.png","jetpack_sharing_enabled":true,"_links":{"self":[{"href":"http:\/\/www.eloriente.net\/home\/wp-json\/wp\/v2\/posts\/8475"}],"collection":[{"href":"http:\/\/www.eloriente.net\/home\/wp-json\/wp\/v2\/posts"}],"about":[{"href":"http:\/\/www.eloriente.net\/home\/wp-json\/wp\/v2\/types\/post"}],"author":[{"embeddable":true,"href":"http:\/\/www.eloriente.net\/home\/wp-json\/wp\/v2\/users\/1"}],"replies":[{"embeddable":true,"href":"http:\/\/www.eloriente.net\/home\/wp-json\/wp\/v2\/comments?post=8475"}],"version-history":[{"count":2,"href":"http:\/\/www.eloriente.net\/home\/wp-json\/wp\/v2\/posts\/8475\/revisions"}],"predecessor-version":[{"id":8478,"href":"http:\/\/www.eloriente.net\/home\/wp-json\/wp\/v2\/posts\/8475\/revisions\/8478"}],"wp:featuredmedia":[{"embeddable":true,"href":"http:\/\/www.eloriente.net\/home\/wp-json\/wp\/v2\/media\/8476"}],"wp:attachment":[{"href":"http:\/\/www.eloriente.net\/home\/wp-json\/wp\/v2\/media?parent=8475"}],"wp:term":[{"taxonomy":"category","embeddable":true,"href":"http:\/\/www.eloriente.net\/home\/wp-json\/wp\/v2\/categories?post=8475"},{"taxonomy":"post_tag","embeddable":true,"href":"http:\/\/www.eloriente.net\/home\/wp-json\/wp\/v2\/tags?post=8475"}],"curies":[{"name":"wp","href":"https:\/\/api.w.org\/{rel}","templated":true}]}}