{"id":8535,"date":"2013-06-18T10:22:55","date_gmt":"2013-06-18T16:22:55","guid":{"rendered":"http:\/\/www.eloriente.net\/home\/?p=8535"},"modified":"2013-06-18T12:29:27","modified_gmt":"2013-06-18T18:29:27","slug":"santa-maria-tlahuitoltepec-sera-sede-de-la-ii-cumbre-continental-de-comunicacion-indigena","status":"publish","type":"post","link":"http:\/\/www.eloriente.net\/home\/2013\/06\/18\/santa-maria-tlahuitoltepec-sera-sede-de-la-ii-cumbre-continental-de-comunicacion-indigena\/","title":{"rendered":"Santa Mar\u00eda Tlahuitoltepec, sede de la II Cumbre Continental de Comunicaci\u00f3n Ind\u00edgena"},"content":{"rendered":"<p>eloriente.net<\/p>\n<p>18 de junio de 2013<\/p>\n<p>El pasado 14 de junio de 2013 se llev\u00f3 a cabo la conferencia \u00abRumbo a la \u00a0II Cumbre Continental de Comunicaci\u00f3n Ind\u00edgena Abya Yala\u00bb en el Caf\u00e9 Central, en la Ciudad de Oaxaca.<\/p>\n<p>En su momento, @El_Oriente difundi\u00f3 informaci\u00f3n respecto a este encuentro que se realizar\u00e1 en el mes de octubre en la comunidad de Santa Mar\u00eda Tlahuitoltepec, Mixe.<\/p>\n<p>A continuaci\u00f3n te compartimos los datos:<\/p>\n<p>eloriente.net\/<a href=\"http:\/\/comunicacionesabyayala.org\" target=\"_blank\">Abya Yala<\/a><\/p>\n<p>19 de febrero de 2013<\/p>\n<p>eloriente.net (Oaxaca, Oax.) 19 de febrero de 2013.- La comunidad de Santa Mar\u00eda Tlahuitoltepec, Mixe, en el estado de Oaxaca ser\u00e1 la sede de la II Cumbre Continental de Comunicaci\u00f3n Ind\u00edgena del Abya Yala que se llevar\u00e1 a cabo del 7 al 13 de octubre del 2013.<\/p>\n<p><strong><\/strong>En un comunicado emitido por Abya Yala se informa que durante siete d\u00edas los comunicadores ind\u00edgenas revisar\u00e1n su papel en la defensa de territorios y bienes comunes de los pueblos ind\u00edgenas; la legislaci\u00f3n para la comunicaci\u00f3n y construcci\u00f3n de las pol\u00edticas p\u00fablicas; la construcci\u00f3n de un Plan Continental de formaci\u00f3n integral en comunicaci\u00f3n, as\u00ed como las mujeres en la comunicaci\u00f3n.<\/p>\n<p><strong>J\u00ebnpoj \u201cVientos de Fuego\u201d<\/strong> es una radio comunitaria Mixe, que inicia en el a\u00f1o 2001 con j\u00f3venes, hombres y mujeres comuneros, autoridades agrarias y municipales, retomando la filosof\u00eda de la palabra ayuujk, y que desarrolla la comunicaci\u00f3n comunitaria a trav\u00e9s de la radio, la televisi\u00f3n comunitaria intermitente y su participaci\u00f3n activa en los talleres, foros, congresos y cumbres continentales,\u00a0se informa en el portal de\u00a0<a href=\"http:\/\/comunicacionesabyayala.org\" target=\"_blank\">Abya Yala<\/a>.<\/p>\n<p>Lo anterior ha llevado a esta radio\u00a0 al reconocimiento de ser miembro organizador y sede de la II Cumbre Continental de Comunicaci\u00f3n Ind\u00edgena del Abya Yala.<\/p>\n<p>Para este encuentro se espera la participaci\u00f3n de m\u00e1s de dos mil comunicadores, procedentes desde Canad\u00e1 hasta el sur de Chile y Argentina.<\/p>\n<p>Cabe mencionar que la Primera Cumbre\u00a0 se realiz\u00f3 en el Territorio de Convivencia, Di\u00e1logo y Negociaci\u00f3n, Resguardo Ind\u00edgena de La Mar\u00eda Piendam\u00f3, Cauca, Colombia, del 8 al 12 de Noviembre del a\u00f1o 2010, donde se abrodaron temas de comunicaci\u00f3n, identidad y cultura; la resistencia de los pueblos desde la comunicaci\u00f3n; los desaf\u00edos de los procesos de comunicaci\u00f3n ind\u00edgena y estrategia de comunicaci\u00f3n para el caminar de los pueblos ind\u00edgenas.<\/p>\n<p>@El_Oriente te comparte un video sobre la Radio Comunitaria de Santa Mar\u00eda Tlahuitoltepec, Mixe.<\/p>\n<p><iframe loading=\"lazy\" src=\"http:\/\/www.youtube.com\/embed\/yjGLPi0w_Uo\" frameborder=\"0\" width=\"560\" height=\"315\"><\/iframe><\/p>\n\n\t\t\t  <div \n\t\t\t  \tclass = \"fb-comments\" \n\t\t\t  \tdata-href = \"http:\/\/www.eloriente.net\/home\/2013\/06\/18\/santa-maria-tlahuitoltepec-sera-sede-de-la-ii-cumbre-continental-de-comunicacion-indigena\/\"\n\t\t\t  \tdata-numposts = \"10\"\n\t\t\t\tdata-colorscheme = \"dark\"\n\t\t\t\tdata-order-by = \"social\"\n\t\t\t\tdata-mobile=true>\n\t\t\t  <\/div>\n\t\t  <style>\n\t\t\t.fb_iframe_widget_fluid_desktop iframe {\n\t\t\t    width: 100% !important;\n\t\t\t}\n\t\t  <\/style>\n\t\t  ","protected":false},"excerpt":{"rendered":"<p>eloriente.net 18 de junio de 2013 El pasado 14 de junio de 2013 se llev\u00f3 a cabo la conferencia \u00abRumbo a la \u00a0II Cumbre Continental de Comunicaci\u00f3n Ind\u00edgena Abya Yala\u00bb en el Caf\u00e9 Central, en la Ciudad de Oaxaca. En su momento, @El_Oriente difundi\u00f3 informaci\u00f3n respecto a este encuentro que se realizar\u00e1 en el mes [&hellip;]<\/p>\n","protected":false},"author":1,"featured_media":8536,"comment_status":"closed","ping_status":"open","sticky":false,"template":"","format":"standard","meta":{"_jetpack_memberships_contains_paid_content":false,"footnotes":""},"categories":[18,32,10,23],"tags":[],"class_list":["post-8535","post","type-post","status-publish","format-standard","has-post-thumbnail","hentry","category-educacion-y-cultura","category-entradas","category-lo-mas-reciente","category-municipios"],"jetpack_featured_media_url":"http:\/\/www.eloriente.net\/home\/wp-content\/uploads\/2013\/02\/ii-cumbre-de-comunicacio\u0301n-indi\u0301gena.jpg","jetpack_sharing_enabled":true,"_links":{"self":[{"href":"http:\/\/www.eloriente.net\/home\/wp-json\/wp\/v2\/posts\/8535"}],"collection":[{"href":"http:\/\/www.eloriente.net\/home\/wp-json\/wp\/v2\/posts"}],"about":[{"href":"http:\/\/www.eloriente.net\/home\/wp-json\/wp\/v2\/types\/post"}],"author":[{"embeddable":true,"href":"http:\/\/www.eloriente.net\/home\/wp-json\/wp\/v2\/users\/1"}],"replies":[{"embeddable":true,"href":"http:\/\/www.eloriente.net\/home\/wp-json\/wp\/v2\/comments?post=8535"}],"version-history":[{"count":6,"href":"http:\/\/www.eloriente.net\/home\/wp-json\/wp\/v2\/posts\/8535\/revisions"}],"predecessor-version":[{"id":8538,"href":"http:\/\/www.eloriente.net\/home\/wp-json\/wp\/v2\/posts\/8535\/revisions\/8538"}],"wp:featuredmedia":[{"embeddable":true,"href":"http:\/\/www.eloriente.net\/home\/wp-json\/wp\/v2\/media\/8536"}],"wp:attachment":[{"href":"http:\/\/www.eloriente.net\/home\/wp-json\/wp\/v2\/media?parent=8535"}],"wp:term":[{"taxonomy":"category","embeddable":true,"href":"http:\/\/www.eloriente.net\/home\/wp-json\/wp\/v2\/categories?post=8535"},{"taxonomy":"post_tag","embeddable":true,"href":"http:\/\/www.eloriente.net\/home\/wp-json\/wp\/v2\/tags?post=8535"}],"curies":[{"name":"wp","href":"https:\/\/api.w.org\/{rel}","templated":true}]}}