{"id":8613,"date":"2013-02-20T20:38:08","date_gmt":"2013-02-21T02:38:08","guid":{"rendered":"http:\/\/www.eloriente.net\/home\/?p=8613"},"modified":"2013-02-20T20:38:08","modified_gmt":"2013-02-21T02:38:08","slug":"seccion-22-todo-menos-democracia","status":"publish","type":"post","link":"http:\/\/www.eloriente.net\/home\/2013\/02\/20\/seccion-22-todo-menos-democracia\/","title":{"rendered":"Secci\u00f3n 22: Todo menos Democracia"},"content":{"rendered":"<p>eloriente.net<\/p>\n<p>20 de febrero de 2013<\/p>\n<p>La actitud de los miembros de la Secci\u00f3n XXII del magisterio, obstruyendo la realizaci\u00f3n de una conferencia de miembros de la organizaci\u00f3n Mexicanos Primero, es una expresi\u00f3n m\u00e1s del &#8216;ser magisterial&#8217;, ese ente conformado y secuestrado por intereses, liderazgos econ\u00f3micos y mezquindad absoluta.<\/p>\n<p>En efecto, los miembros directivos de dicha organizaci\u00f3n se dispon\u00edan la ma\u00f1ana del 20 de febrero a presentar p\u00fablicamente, en un hotel de la capital de Oaxaca, los resultados locales de un Estudio nacional sobre Desempe\u00f1o Educativo. Sin embargo, miembros de la secci\u00f3n sindical de referencia impidieron la realizaci\u00f3n de la misma, obligando incluso a que los directivos abandonaran el hotel entre diatribas y reclamos.<\/p>\n<p>Es un hecho grave. Ni siquiera por de qui\u00e9nes se trate, ni por sus nombres y apellidos. Sino porque estamos en presencia de un SILENCIAMIENTO DE FACTO a la libertad de expresi\u00f3n, una flagrante violaci\u00f3n de las garant\u00edas constitucionales derivadas y de la actualizaci\u00f3n de delitos cometidos a la vista de la autoridad, pues la conferencia se efectuar\u00eda en un hotel, propiedad privada, y a la cual dichas personas arribaron en turba.<\/p>\n<p>Tres situaciones graves: &#8216;Libertad de expresi\u00f3n s\u00f3lo cuando se dice algo que me gusta&#8217;; &#8216;Exijo respeto a la Constituci\u00f3n s\u00f3lo cuando es mi beneficio y por mis causas&#8217;; y &#8216;La autoridad no garantiza nada, ni siquiera la realizaci\u00f3n de una conferencia&#8217;.<\/p>\n<p>Las tres situaciones tienen destinatarios espec\u00edficos, a los cuales el Presidente de la organizaci\u00f3n refiri\u00f3 en diversos medios luego del desaguisado. Entre otras cosas, dijo que es necesario que el Gobierno de Oaxaca fije una postura firme ante la reforma educativa, y ante la actitud del magisterio en Oaxaca, pues de otra forma se transforma \u00aben c\u00f3mplice de lo que ocurre\u00bb.<\/p>\n<p>Sin embargo, el mensaje central, el m\u00e1s determinante, es la confirmaci\u00f3n por en\u00e9sima vez de que la Secci\u00f3n XXII es profundamente antidemocr\u00e1tica, que s\u00f3lo en el discurso defiende valores ilustrados, pero que en los hechos significa y exalta todo lo contrario.<\/p>\n<p>Por ello, olvidan aquella m\u00e1xima volteriana que tanto se repite y ense\u00f1a en las aulas universitarias, pero que seguramente se omite en las normales de Oaxaca: \u00ab<span style=\"font-family: Verdana, Tahoma, Arial, Helvetica, sans-serif, sans-serif;\">No estoy de acuerdo con lo que dices, pero hasta con mi vida defender\u00e9 el derecho que tienes de decir lo que piensas.\u00bb<\/span><\/p>\n<p>Los c\u00e1lculos sin embargo de la Secci\u00f3n XXII y en su caso de sus aliados parecen err\u00f3neos. Pues en la arena p\u00fablica gran parte de las causas y los objetivos, los consensos, se ganan con legitimidad. \u00bfQui\u00e9n puede creerles algo, respetarlos, si ellos no lo hacen, no consideran a nadie, no escuchan a nadie? Quiz\u00e1 haya una enfermedad en la Secci\u00f3n y en sus aliados que parece incontenible y se llama \u00abmesianismo\u00bb. Creer que tienen todas las respuestas y que el resto debemos seguirlos por ese hecho cuasi divino. Se equivocan.<\/p>\n<p>Otras publicaciones anteriores relacionadas:<\/p>\n<p><a title=\"Permalink to Maestros de Secci\u00f3n 22 impiden Conferencia de Mexicanos Primero sobre desempe\u00f1o educativo\" href=\"http:\/\/www.eloriente.net\/home\/2013\/02\/20\/maestros-de-la-seccion-22-impiden-conferencia-de-mexicanos-primero-sobre-desempeno-educativo\/\" rel=\"bookmark\">Maestros de Secci\u00f3n 22 impiden Conferencia de Mexicanos Primero sobre desempe\u00f1o educativo<\/a><\/p>\n<p><a href=\"http:\/\/www.eloriente.net\/home\/2013\/02\/20\/maestros-de-la-seccion-22-impiden-conferencia-de-mexicanos-primero-sobre-desempeno-educativo\/\" rel=\"bookmark\"><img decoding=\"async\" title=\"Maestros de Secci\u00f3n 22 impiden Conferencia de Mexicanos Primero sobre desempe\u00f1o educativo\" src=\"http:\/\/www.eloriente.net\/home\/wp-content\/themes\/city-desk\/timthumb.php?src=http%3A%2F%2Fwww.eloriente.net%2Fhome%2Fwp-content%2Fuploads%2F2013%2F02%2FCaptura-de-pantalla-2013-02-20-a-las-11.26.07.png&amp;q=90&amp;w=160&amp;h=106&amp;zc=1\" alt=\"Maestros de Secci\u00f3n 22 impiden Conferencia de Mexicanos Primero sobre desempe\u00f1o educativo\" \/><\/a><\/p>\n<p>eloriente.net 20 de febrero de 2013 eloriente.net (Oaxaca, Oax.) 20 de febrero de 2013.- Maestros de la Secci\u00f3n 22 del SNTE impidieron que se llevara a cabo la Conferencia Magistral: \u201cIDEI. Desempe\u00f1o Educativo Incluyente. Avance en los estados de 2009 a 2012\u2033 , que ser\u00eda impartida este mi\u00e9rcoles por el Presidente de la organizaci\u00f3n \u201cMexicanos [&#8230;]<\/p>\n<p>February 20, 2013<\/p>\n<div id=\"post-8468\">\n<p><a title=\"Permalink to Resurgimiento de la APPO: ganan en el efecto\" href=\"http:\/\/www.eloriente.net\/home\/2013\/02\/16\/resurgimiento-de-la-appo-ganan-en-el-efecto\/\" rel=\"bookmark\">Resurgimiento de la APPO: ganan en el efecto<\/a><\/p>\n<p><a href=\"http:\/\/www.eloriente.net\/home\/2013\/02\/16\/resurgimiento-de-la-appo-ganan-en-el-efecto\/\" rel=\"bookmark\"><img decoding=\"async\" title=\"Resurgimiento de la APPO: ganan en el efecto\" src=\"http:\/\/www.eloriente.net\/home\/wp-content\/themes\/city-desk\/timthumb.php?src=http%3A%2F%2Fwww.eloriente.net%2Fhome%2Fwp-content%2Fuploads%2F2013%2F02%2Fappo.jpg&amp;q=90&amp;w=160&amp;h=106&amp;zc=1\" alt=\"Resurgimiento de la APPO: ganan en el efecto\" \/><\/a>Por: Adri\u00e1n Ortiz Romero + Oportunismo, s\u00ed; pero ante caos, es redituable No es buen signo para el gobierno de Oaxaca que, casi en las mismas fechas, ocurran varios hechos que si bien no tienen trascendencia material, de nuevo ponen a la entidad en una situaci\u00f3n francamente deplorable ante la mirada nacional e internacional. En [&#8230;]<\/p>\n<p>February 16, 2013<\/p>\n<\/div>\n<div id=\"post-8230\">\n<p><a title=\"Permalink to Convoca Secci\u00f3n XXII a la APPO para que se integre a Movimiento\" href=\"http:\/\/www.eloriente.net\/home\/2013\/02\/10\/convoca-seccion-xxii-a-la-appo-para-que-se-integre-a-movimiento\/\" rel=\"bookmark\">Convoca Secci\u00f3n XXII a la APPO para que se integre a Movimiento<\/a><\/p>\n<p><a href=\"http:\/\/www.eloriente.net\/home\/2013\/02\/10\/convoca-seccion-xxii-a-la-appo-para-que-se-integre-a-movimiento\/\" rel=\"bookmark\"><img decoding=\"async\" title=\"Convoca Secci\u00f3n XXII a la APPO para que se integre a Movimiento\" src=\"http:\/\/www.eloriente.net\/home\/wp-content\/themes\/city-desk\/timthumb.php?src=http%3A%2F%2Fwww.eloriente.net%2Fhome%2Fwp-content%2Fuploads%2F2012%2F11%2FAlgunos-derechos-reservados-por-Paco-Vila-Libros.jpg&amp;q=90&amp;w=160&amp;h=106&amp;zc=1\" alt=\"Convoca Secci\u00f3n XXII a la APPO para que se integre a Movimiento\" \/><\/a>eloriente.net 10 de febrero de 2013 eloriente.net (Oaxaca, Oax.) a 10 de febrero de 2013.- La Asamblea Estatal Permanente de la Secci\u00f3n XXII magisterial de Oaxaca sesion\u00f3 ayer, acordando una serie de tareas, pronunciamientos y un plan de acci\u00f3n para los pr\u00f3ximos meses, entre lo que destaca la tarea n\u00famero 20: \u201cque se convoquen a [&#8230;]<\/p>\n<p>February 10, 2013<\/p>\n<\/div>\n<div id=\"post-8143\">\n<p><a title=\"Permalink to Breve historia del Plan para la Transformaci\u00f3n de la Educaci\u00f3n en Oaxaca\" href=\"http:\/\/www.eloriente.net\/home\/2013\/02\/07\/breve-historia-del-plan-para-la-transformacion-de-la-educacion-en-oaxaca\/\" rel=\"bookmark\">Breve historia del Plan para la Transformaci\u00f3n de la Educaci\u00f3n en Oaxaca<\/a><\/p>\n<p><a href=\"http:\/\/www.eloriente.net\/home\/2013\/02\/07\/breve-historia-del-plan-para-la-transformacion-de-la-educacion-en-oaxaca\/\" rel=\"bookmark\"><img decoding=\"async\" title=\"Breve historia del Plan para la Transformaci\u00f3n de la Educaci\u00f3n en Oaxaca\" src=\"http:\/\/www.eloriente.net\/home\/wp-content\/themes\/city-desk\/timthumb.php?src=http%3A%2F%2Fwww.eloriente.net%2Fhome%2Fwp-content%2Fuploads%2F2013%2F01%2Fregreso-a-clases2.jpg&amp;q=90&amp;w=160&amp;h=106&amp;zc=1\" alt=\"Breve historia del Plan para la Transformaci\u00f3n de la Educaci\u00f3n en Oaxaca\" \/><\/a>Por: Samael Hern\u00e1ndez Ruiz El d\u00eda martes 7 de febrero de 2012, la dirigencia de la Secci\u00f3n 22, en el marco de la Comisi\u00f3n Mixta IEEPO-Secci\u00f3n 22, present\u00f3 el documento: Plan para la Transformaci\u00f3n de la Educaci\u00f3n en Oaxaca (PTEO). Entonces, las declaraciones del gobernador del estado, Gabino Cu\u00e9 Monteagudo,\u00a0 fueron escuetas y cautelosas; pero [&#8230;]<\/p>\n<p>February 7, 2013<\/p>\n<\/div>\n<div id=\"post-7990\">\n<p><a title=\"Permalink to Dos opositores al proyecto de Mare\u00f1a Renovables fueron liberados\" href=\"http:\/\/www.eloriente.net\/home\/2013\/02\/03\/dos-opositores-al-proyecto-de-marena-renovables-fueron-liberados\/\" rel=\"bookmark\">Dos opositores al proyecto de Mare\u00f1a Renovables fueron liberados<\/a><\/p>\n<p><a href=\"http:\/\/www.eloriente.net\/home\/2013\/02\/03\/dos-opositores-al-proyecto-de-marena-renovables-fueron-liberados\/\" rel=\"bookmark\"><img decoding=\"async\" title=\"Dos opositores al proyecto de Mare\u00f1a Renovables fueron liberados\" src=\"http:\/\/www.eloriente.net\/home\/wp-content\/themes\/city-desk\/timthumb.php?src=http%3A%2F%2Fwww.eloriente.net%2Fhome%2Fwp-content%2Fuploads%2F2012%2F10%2Fcentrales-eo%CC%81licas2.jpg&amp;q=90&amp;w=160&amp;h=106&amp;zc=1\" alt=\"Dos opositores al proyecto de Mare\u00f1a Renovables fueron liberados\" \/><\/a>eloriente.net\/Asamblea de Pueblos Ind\u00edgenas del Istmo 3 de febrero de 2013 eloriente.net (Oaxaca, Oax.) a 3 de febrero de 2013.- Esta madrugada, la Asamblea de Pueblos Ind\u00edgenas del Istmo de Tehuantepec en Defensa de la Tierra y el Territorio, public\u00f3 en comunicado que sus dos compa\u00f1eros que hab\u00edan sido detenidos por la polic\u00eda estatal el [&#8230;]<\/p>\n<p>February 3, 2013<\/p>\n<\/div>\n<div id=\"post-7968\">\n<p><a title=\"Permalink to Oaxaca: \u00bfS\u00f3lo queda desaparici\u00f3n de Poder Legislativo?\" href=\"http:\/\/www.eloriente.net\/home\/2013\/02\/02\/oaxaca-solo-queda-desaparicion-de-poder-legislativo\/\" rel=\"bookmark\">Oaxaca: \u00bfS\u00f3lo queda desaparici\u00f3n de Poder Legislativo?<\/a><\/p>\n<p><a href=\"http:\/\/www.eloriente.net\/home\/2013\/02\/02\/oaxaca-solo-queda-desaparicion-de-poder-legislativo\/\" rel=\"bookmark\"><img decoding=\"async\" title=\"Oaxaca: \u00bfS\u00f3lo queda desaparici\u00f3n de Poder Legislativo?\" src=\"http:\/\/www.eloriente.net\/home\/wp-content\/themes\/city-desk\/timthumb.php?src=http%3A%2F%2Fwww.eloriente.net%2Fhome%2Fwp-content%2Fuploads%2F2013%2F02%2Fplanto%CC%81n-maestros.jpg&amp;q=90&amp;w=160&amp;h=106&amp;zc=1\" alt=\"Oaxaca: \u00bfS\u00f3lo queda desaparici\u00f3n de Poder Legislativo?\" \/><\/a>Por: Adri\u00e1n Ortiz Romero + Ahora, el magisterio no debe imponer su sola voluntad En las condiciones actuales, lo \u00fanico que debiera restar es la desaparici\u00f3n del Legislativo como poder del Estado en Oaxaca. La sumisi\u00f3n que han demostrado sus integrantes, el trato indigno que han permitido por parte de un poder f\u00e1ctico, y la [&#8230;]<\/p>\n<p>February 2, 2013<\/p>\n<\/div>\n<div id=\"post-7785\">\n<p><a title=\"Permalink to Texto \u00edntegro del PTEO de la Secci\u00f3n 22 del SNTE\" href=\"http:\/\/www.eloriente.net\/home\/2013\/01\/29\/texto-integro-del-pteo-de-la-seccion-22-del-snte\/\" rel=\"bookmark\">Texto \u00edntegro del PTEO de la Secci\u00f3n 22 del SNTE<\/a><\/p>\n<p><a href=\"http:\/\/www.eloriente.net\/home\/2013\/01\/29\/texto-integro-del-pteo-de-la-seccion-22-del-snte\/\" rel=\"bookmark\"><img decoding=\"async\" title=\"Texto \u00edntegro del PTEO de la Secci\u00f3n 22 del SNTE\" src=\"http:\/\/www.eloriente.net\/home\/wp-content\/themes\/city-desk\/timthumb.php?src=http%3A%2F%2Fwww.eloriente.net%2Fhome%2Fwp-content%2Fuploads%2F2013%2F01%2FPTEO-secc22.jpg&amp;q=90&amp;w=160&amp;h=106&amp;zc=1\" alt=\"Texto \u00edntegro del PTEO de la Secci\u00f3n 22 del SNTE\" \/><\/a>eloriente.net 29 de enero de 2013 eloriente.net (Oaxaca, Oax.) 29 de enero de 2013.- A \u00faltimas fechas, la Secci\u00f3n 22 del Sindicato Nacional de Trabajadores de la Educaci\u00f3n (SNTE) ha insistido en que el Congreso de Oaxaca reconozca y legisle sobre el Plan para la Transformaci\u00f3n de la Educaci\u00f3n de Oaxaca (PTEO), como una alternativa [&#8230;]<\/p>\n<p>January 29, 2013<\/p>\n<\/div>\n<div id=\"post-7503\">\n<p><a title=\"Permalink to Secci\u00f3n 22 del SNTE\/CNTE contin\u00faa bloqueo a Congreso de Oaxaca\" href=\"http:\/\/www.eloriente.net\/home\/2013\/01\/21\/seccion-22-del-snte-continua-bloqueo-a-sede-del-congreso-de-oaxaca\/\" rel=\"bookmark\">Secci\u00f3n 22 del SNTE\/CNTE contin\u00faa bloqueo a Congreso de Oaxaca<\/a><\/p>\n<p><a href=\"http:\/\/www.eloriente.net\/home\/2013\/01\/21\/seccion-22-del-snte-continua-bloqueo-a-sede-del-congreso-de-oaxaca\/\" rel=\"bookmark\"><img decoding=\"async\" title=\"Secci\u00f3n 22 del SNTE\/CNTE contin\u00faa bloqueo a Congreso de Oaxaca\" src=\"http:\/\/www.eloriente.net\/home\/wp-content\/themes\/city-desk\/timthumb.php?src=http%3A%2F%2Fwww.eloriente.net%2Fhome%2Fwp-content%2Fuploads%2F2013%2F01%2FCaptura-de-pantalla-2013-01-21-a-las-09.40.05.png&amp;q=90&amp;w=160&amp;h=106&amp;zc=1\" alt=\"Secci\u00f3n 22 del SNTE\/CNTE contin\u00faa bloqueo a Congreso de Oaxaca\" \/><\/a>eloriente.net 21 de enero de 2013 eloriente.net (Oaxaca, Oax.) 21 de enero de 2013.- La Asamblea Estatal de la\u00a0Secci\u00f3n 22 del Sindicato Nacional de Trabajadores de la Educaci\u00f3n (SNTE) acord\u00f3 continuar el bloqueo a las instalaciones del Congreso del Estado de Oaxaca\u00a0 en rechazo a la reforma educativa. La ma\u00f1ana de lunes 14 de enero, [&#8230;]<\/p>\n<p>January 21, 2013<\/p>\n<\/div>\n<p>&nbsp;<\/p>\n<p>&nbsp;<\/p>\n<p><span style=\"font-family: Verdana, Tahoma, Arial, Helvetica, sans-serif, sans-serif;\">\u00a0<\/span><\/p>\n\n\t\t\t  <div \n\t\t\t  \tclass = \"fb-comments\" \n\t\t\t  \tdata-href = \"http:\/\/www.eloriente.net\/home\/2013\/02\/20\/seccion-22-todo-menos-democracia\/\"\n\t\t\t  \tdata-numposts = \"10\"\n\t\t\t\tdata-colorscheme = \"dark\"\n\t\t\t\tdata-order-by = \"social\"\n\t\t\t\tdata-mobile=true>\n\t\t\t  <\/div>\n\t\t  <style>\n\t\t\t.fb_iframe_widget_fluid_desktop iframe {\n\t\t\t    width: 100% !important;\n\t\t\t}\n\t\t  <\/style>\n\t\t  ","protected":false},"excerpt":{"rendered":"<p>eloriente.net 20 de febrero de 2013 La actitud de los miembros de la Secci\u00f3n XXII del magisterio, obstruyendo la realizaci\u00f3n de una conferencia de miembros de la organizaci\u00f3n Mexicanos Primero, es una expresi\u00f3n m\u00e1s del &#8216;ser magisterial&#8217;, ese ente conformado y secuestrado por intereses, liderazgos econ\u00f3micos y mezquindad absoluta. En efecto, los miembros directivos de [&hellip;]<\/p>\n","protected":false},"author":1,"featured_media":8614,"comment_status":"closed","ping_status":"open","sticky":false,"template":"","format":"standard","meta":{"_jetpack_memberships_contains_paid_content":false,"footnotes":""},"categories":[9,18,32,21,31],"tags":[],"class_list":["post-8613","post","type-post","status-publish","format-standard","has-post-thumbnail","hentry","category-editorial","category-educacion-y-cultura","category-entradas","category-politica-y-gobierno","category-principal"],"jetpack_featured_media_url":"http:\/\/www.eloriente.net\/home\/wp-content\/uploads\/2013\/02\/voltaire-por-andyket-Algunos-Derechos-Reservados.jpg","jetpack_sharing_enabled":true,"_links":{"self":[{"href":"http:\/\/www.eloriente.net\/home\/wp-json\/wp\/v2\/posts\/8613"}],"collection":[{"href":"http:\/\/www.eloriente.net\/home\/wp-json\/wp\/v2\/posts"}],"about":[{"href":"http:\/\/www.eloriente.net\/home\/wp-json\/wp\/v2\/types\/post"}],"author":[{"embeddable":true,"href":"http:\/\/www.eloriente.net\/home\/wp-json\/wp\/v2\/users\/1"}],"replies":[{"embeddable":true,"href":"http:\/\/www.eloriente.net\/home\/wp-json\/wp\/v2\/comments?post=8613"}],"version-history":[{"count":2,"href":"http:\/\/www.eloriente.net\/home\/wp-json\/wp\/v2\/posts\/8613\/revisions"}],"predecessor-version":[{"id":8650,"href":"http:\/\/www.eloriente.net\/home\/wp-json\/wp\/v2\/posts\/8613\/revisions\/8650"}],"wp:featuredmedia":[{"embeddable":true,"href":"http:\/\/www.eloriente.net\/home\/wp-json\/wp\/v2\/media\/8614"}],"wp:attachment":[{"href":"http:\/\/www.eloriente.net\/home\/wp-json\/wp\/v2\/media?parent=8613"}],"wp:term":[{"taxonomy":"category","embeddable":true,"href":"http:\/\/www.eloriente.net\/home\/wp-json\/wp\/v2\/categories?post=8613"},{"taxonomy":"post_tag","embeddable":true,"href":"http:\/\/www.eloriente.net\/home\/wp-json\/wp\/v2\/tags?post=8613"}],"curies":[{"name":"wp","href":"https:\/\/api.w.org\/{rel}","templated":true}]}}