{"id":8913,"date":"2013-02-27T12:11:12","date_gmt":"2013-02-27T18:11:12","guid":{"rendered":"http:\/\/www.eloriente.net\/home\/?p=8913"},"modified":"2013-02-27T14:31:45","modified_gmt":"2013-02-27T20:31:45","slug":"131-aniversario-del-nacimiento-de-jose-vasconcelos-impulsor-de-la-educacion-en-mexico","status":"publish","type":"post","link":"http:\/\/www.eloriente.net\/home\/2013\/02\/27\/131-aniversario-del-nacimiento-de-jose-vasconcelos-impulsor-de-la-educacion-en-mexico\/","title":{"rendered":"131 Aniversario del nacimiento de Jos\u00e9 Vasconcelos, impulsor de la educaci\u00f3n en M\u00e9xico"},"content":{"rendered":"<p>eloriente.net\/<a href=\"http:\/\/www.conaculta.gob.mx\" target=\"_blank\"> Conaculta<\/a>\/<a href=\"http:\/\/www.sep.gob.mx\/\" target=\"_blank\"> SEP<\/a><\/p>\n<p>27 de febrero de 2013<\/p>\n<p>eloriente.net (Oaxaca, Oax.) 27 de febrero de 2013.- Este 27 de febrero de 2013 se celebra el 130 Aniversario del nacimiento del escritor, fil\u00f3sofo y pol\u00edtico<strong> Jos\u00e9 Vasconcelos<\/strong>, impulsor de la educaci\u00f3n en M\u00e9xico y uno de los intelectuales m\u00e1s destacados del M\u00e9xico posrevolucionario.<\/p>\n<p>Originario de la ciudad de Oaxaca, Oaxaca, Vasconcelos naci\u00f3 el 27 de febrero de 1882. De acuerdo a la informaci\u00f3n publicada por la Secretar\u00eda de Educaci\u00f3n P\u00fablica, Vasconcelos vivi\u00f3 poco tiempo en su ciudad natal para despu\u00e9s residir en Piedras Negras, Coahuila. Viaj\u00f3 por varias ciudades del pa\u00eds y en el Instituto Campechano hizo sus estudios elementales.<\/p>\n<p>En la ciudad de M\u00e9xico ingres\u00f3 en la Escuela Nacional Preparatoria y se gradu\u00f3 en 1907 de Abogado en la Escuela Nacional de Jurisprudencia, perteneci\u00f3 a la generaci\u00f3n del Ateneo de la Juventud. En 1908 se uni\u00f3 al movimiento revolucionario de Francisco I. Madero, opuesto a la dictadura del general Porfirio D\u00edaz,\u00a0 participando en el movimiento revolucionario de 1910. Se afili\u00f3 al maderismo y posteriormente sigui\u00f3 al villismo.<\/p>\n<p>Fue Rector de la Universidad Nacional Aut\u00f3noma de M\u00e9xico entre 1920 y 1921, siendo \u00e9l quien propuso las caracter\u00edsticas del escudo y el lema de la Universidad.<\/p>\n<p>De 1921 a 1924 desarroll\u00f3 una extraordinaria labor como Secretario de Educaci\u00f3n P\u00fablica. Organiz\u00f3 la Secretar\u00eda en tres departamentos: Escolar, de Bellas Artes y de Bibliotecas y Archivos, asimismo impuls\u00f3 la educaci\u00f3n popular, cre\u00f3 bibliotecas y celebr\u00f3 con gran \u00e9xito la primera Exposici\u00f3n del Libro en el Palacio de Miner\u00eda; agot\u00f3 un amplio programa de publicaciones, edit\u00f3 una serie de cl\u00e1sicos de la literatura universal, llev\u00f3 a cabo programas de alfabetizaci\u00f3n, entre otros.<\/p>\n<p>A prop\u00f3sito de esta conmemoraci\u00f3n, el Consejo Nacional para la Cultura y las Artes difundi\u00f3 en su portal de internet que el \u00abtambi\u00e9n nombrado Maestro de las Juventudes de Am\u00e9rica le dio una gran importancia a la educaci\u00f3n est\u00e9tica, misma que ten\u00eda dos vertientes principales, el arte que se inculca a trav\u00e9s de la educaci\u00f3n art\u00edstica desde el departamento de dibujo y manuales de la SEP; y el impulso al arte a trav\u00e9s de murales situados en lugares p\u00fablicos para que la gente los vea y se env\u00ede un mensaje cultural\u00bb.<\/p>\n<p>Cabe destacar que la pintura mural mexicana adquiri\u00f3 trascendencia y calidad universal gracias a las ideas de Vasconcelos, quien\u00a0 entreg\u00f3 los muros de diversos edificios p\u00fablicos a los grandes maestros de la escuela mexicana de pintura: Diego Rivera, Jos\u00e9 Clemente Orozco, David Alfaro Siqueiros, Roberto Montenegro y Jean Charlot.<\/p>\n<p>Vasconcelos propuso educar a las masas por medio de ideas e im\u00e1genes plasmadas en los muros de edificios como el Colegio de Sal Ildefonso, la Alameda Central, El Palacio Nacional y la Universidad de Chapingo. En ellos se reflejar\u00edan hechos hist\u00f3ricos para ser transmitidos al p\u00fablico en general, como una forma de comprender la historia de M\u00e9xico.<\/p>\n<p>@El_Oriente te comparte un video sobre este importante personaje. En el primero, producido por el Centro Nacional de las Artes, la maestra Martha Robles aborda el tema de los integrantes del Ateneo de la Juventud y del proyecto educativo que implementa Vasconcelos.<\/p>\n<p>El segundo video es realizado por la Direcci\u00f3n General de Educaci\u00f3n Superior para Profesionales de la Educaci\u00f3n y trata sobre la faceta de educador de Jos\u00e9 Vasconcelos.<\/p>\n<p><iframe loading=\"lazy\" src=\"http:\/\/www.youtube.com\/embed\/tq3uBV7u9kU\" frameborder=\"0\" width=\"480\" height=\"360\"><\/iframe><\/p>\n<p><iframe loading=\"lazy\" src=\"http:\/\/www.youtube.com\/embed\/JLAhOYtHj1s\" frameborder=\"0\" width=\"480\" height=\"360\"><\/iframe><\/p>\n<p>&nbsp;<\/p>\n<p><a href=\"http:\/\/www.eloriente.net\/home\/wp-content\/uploads\/2013\/02\/jose\u0301-vasconcelos.jpg\"><img loading=\"lazy\" decoding=\"async\" class=\"aligncenter size-full wp-image-8916\" title=\"jose\u0301 vasconcelos\" src=\"http:\/\/www.eloriente.net\/home\/wp-content\/uploads\/2013\/02\/jose\u0301-vasconcelos.jpg\" alt=\"\" width=\"549\" height=\"760\" srcset=\"http:\/\/www.eloriente.net\/home\/wp-content\/uploads\/2013\/02\/jose\u0301-vasconcelos.jpg 549w, http:\/\/www.eloriente.net\/home\/wp-content\/uploads\/2013\/02\/jose\u0301-vasconcelos-216x300.jpg 216w\" sizes=\"(max-width: 549px) 100vw, 549px\" \/><\/a><\/p>\n<p>&nbsp;<\/p>\n\n\t\t\t  <div \n\t\t\t  \tclass = \"fb-comments\" \n\t\t\t  \tdata-href = \"http:\/\/www.eloriente.net\/home\/2013\/02\/27\/131-aniversario-del-nacimiento-de-jose-vasconcelos-impulsor-de-la-educacion-en-mexico\/\"\n\t\t\t  \tdata-numposts = \"10\"\n\t\t\t\tdata-colorscheme = \"dark\"\n\t\t\t\tdata-order-by = \"social\"\n\t\t\t\tdata-mobile=true>\n\t\t\t  <\/div>\n\t\t  <style>\n\t\t\t.fb_iframe_widget_fluid_desktop iframe {\n\t\t\t    width: 100% !important;\n\t\t\t}\n\t\t  <\/style>\n\t\t  ","protected":false},"excerpt":{"rendered":"<p>eloriente.net\/ Conaculta\/ SEP 27 de febrero de 2013 eloriente.net (Oaxaca, Oax.) 27 de febrero de 2013.- Este 27 de febrero de 2013 se celebra el 130 Aniversario del nacimiento del escritor, fil\u00f3sofo y pol\u00edtico Jos\u00e9 Vasconcelos, impulsor de la educaci\u00f3n en M\u00e9xico y uno de los intelectuales m\u00e1s destacados del M\u00e9xico posrevolucionario. Originario de la [&hellip;]<\/p>\n","protected":false},"author":1,"featured_media":8916,"comment_status":"closed","ping_status":"open","sticky":false,"template":"","format":"standard","meta":{"_jetpack_memberships_contains_paid_content":false,"footnotes":""},"categories":[18,32,10,24],"tags":[],"class_list":["post-8913","post","type-post","status-publish","format-standard","has-post-thumbnail","hentry","category-educacion-y-cultura","category-entradas","category-lo-mas-reciente","category-mexico-y-el-mundo"],"jetpack_featured_media_url":"http:\/\/www.eloriente.net\/home\/wp-content\/uploads\/2013\/02\/jose\u0301-vasconcelos.jpg","jetpack_sharing_enabled":true,"_links":{"self":[{"href":"http:\/\/www.eloriente.net\/home\/wp-json\/wp\/v2\/posts\/8913"}],"collection":[{"href":"http:\/\/www.eloriente.net\/home\/wp-json\/wp\/v2\/posts"}],"about":[{"href":"http:\/\/www.eloriente.net\/home\/wp-json\/wp\/v2\/types\/post"}],"author":[{"embeddable":true,"href":"http:\/\/www.eloriente.net\/home\/wp-json\/wp\/v2\/users\/1"}],"replies":[{"embeddable":true,"href":"http:\/\/www.eloriente.net\/home\/wp-json\/wp\/v2\/comments?post=8913"}],"version-history":[{"count":11,"href":"http:\/\/www.eloriente.net\/home\/wp-json\/wp\/v2\/posts\/8913\/revisions"}],"predecessor-version":[{"id":8935,"href":"http:\/\/www.eloriente.net\/home\/wp-json\/wp\/v2\/posts\/8913\/revisions\/8935"}],"wp:featuredmedia":[{"embeddable":true,"href":"http:\/\/www.eloriente.net\/home\/wp-json\/wp\/v2\/media\/8916"}],"wp:attachment":[{"href":"http:\/\/www.eloriente.net\/home\/wp-json\/wp\/v2\/media?parent=8913"}],"wp:term":[{"taxonomy":"category","embeddable":true,"href":"http:\/\/www.eloriente.net\/home\/wp-json\/wp\/v2\/categories?post=8913"},{"taxonomy":"post_tag","embeddable":true,"href":"http:\/\/www.eloriente.net\/home\/wp-json\/wp\/v2\/tags?post=8913"}],"curies":[{"name":"wp","href":"https:\/\/api.w.org\/{rel}","templated":true}]}}