{"id":8955,"date":"2013-02-28T08:12:51","date_gmt":"2013-02-28T14:12:51","guid":{"rendered":"http:\/\/www.eloriente.net\/home\/?p=8955"},"modified":"2013-02-28T09:31:03","modified_gmt":"2013-02-28T15:31:03","slug":"no-podemos-permitir-que-la-violencia-imponga-el-silencio","status":"publish","type":"post","link":"http:\/\/www.eloriente.net\/home\/2013\/02\/28\/no-podemos-permitir-que-la-violencia-imponga-el-silencio\/","title":{"rendered":"\u201cNo podemos permitir que la violencia imponga el silencio\u201d: ACIV"},"content":{"rendered":"<p>eloriente.net\/<a href=\"http:\/\/www.eluniversal.com.mx\" target=\"_blank\">El Universal<\/a><\/p>\n<p>28 de febrero de 2013<\/p>\n<p>eloriente.net (Oaxaca, Oax.) 28 de febrero de 2013.- Por\u00a0tercer d\u00eda\u00a0consecutivo el medio de comunicaci\u00f3n impreso \u00abEl Siglo de Torre\u00f3n\u00bb sufri\u00f3\u00a0atentados, esta vez por desgracia con saldos rojos, inform\u00f3 El Universal.<\/p>\n<p>El d\u00eda de ayer como acto de sometimiento o represi\u00f3n, El Siglo de Torre\u00f3n, diario impreso de Torre\u00f3n, Coahuila, tuvo como saldo en su tercer d\u00eda de ataques a una persona fallecida a tiros, una m\u00e1s herida despu\u00e9s de repeler la agresi\u00f3n y una \u00a0mujer embarazada con episodio de crisis al presenciar dicho acto.<\/p>\n<p>Seg\u00fan fuentes del Universal, el Ministerio P\u00fablico de Torre\u00f3n inform\u00f3 que la v\u00edctima trabajaba en una maquinadora, mientras que los polic\u00edas que repelieron la agresi\u00f3n fueron auxiliados por socorristas de la Cruz Roja, para despu\u00e9s ser trasladadados a una cl\u00ednica.<\/p>\n<p>Por su parte, integrantes y firmantes del\u00a0<strong>Acuerdo para la Cobertura Informativa de la Violencia<\/strong>\u00a0 (<strong>ACIV<\/strong>),\u00a0 entre los que se encuentran medios informativos como\u00a0El Universal, El Imparcial de Oaxaca, El financiero, Canal 22 y Cadena Tres, han expresado\u00a0su solidaridad con los colegas del diario El Siglo de Torre\u00f3n.<\/p>\n<p>Dichos medios realizaron un llamado urgente para demostrar la voluntad pol\u00edtica para abatir la impunidad en los casos de asesinato, agresi\u00f3n y desaparici\u00f3n de periodistas, as\u00ed como en los ataques directos a medios de comunicaci\u00f3n, enfatizando en su exhorto que\u00a0\u201cNo podemos permitir que la violencia imponga el silencio\u201d.<\/p>\n<p>&nbsp;<\/p>\n<p><strong>Objetivos del Acuerdo para la Cobertura Informativa de la Violencia<\/strong><\/p>\n<p>Entre los objetivos que se se\u00f1alan en este Acuerdo se encuentran:<\/p>\n<p>Establecer mecanismos que impidan que los medios se conviertan en instrumentos involuntarios de la propaganda del crimen organizado.<\/p>\n<p>Definir criterios para la protecci\u00f3n de la identidad de las v\u00edctimas de la violencia generada por la delincuencia organizada.<\/p>\n<p>Establecer mecanismos para la protecci\u00f3n de los periodistas en situaciones de riesgo.<\/p>\n<p>Promover el respeto a la legalidad, el combate a la impunidad y la participaci\u00f3n ciudadana.<\/p>\n<p>&nbsp;<\/p>\n<p><strong>Principios Rectores<\/strong><\/p>\n<p>El respeto a las libertades de expresi\u00f3n y de prensa.<\/p>\n<p>La independencia editorial de cada medio de comunicaci\u00f3n.<\/p>\n<p>La obligaci\u00f3n de los medios para informar con profesionalismo.<\/p>\n<p>La responsabilidad social de los medios sobre lo que informan.<\/p>\n<p>&nbsp;<\/p>\n<p>@El_Oriente te comparte la p\u00e1gina en donde puedes consultar a fondo el <strong>Acuerdo para la Cobertura Informativa de la Violencia<\/strong>, solo da click<strong> <a href=\"http:\/\/www.observatoriocomunicacionviolencia.org\" target=\"_blank\">AQU\u00cd<\/a>.<\/strong><\/p>\n<p>&nbsp;<\/p>\n<p><a href=\"http:\/\/www.eloriente.net\/home\/wp-content\/uploads\/2013\/02\/Captura-de-pantalla-2013-02-28-a-las-08.04.18.png\"><img loading=\"lazy\" decoding=\"async\" class=\"alignnone size-full wp-image-8956\" src=\"http:\/\/www.eloriente.net\/home\/wp-content\/uploads\/2013\/02\/Captura-de-pantalla-2013-02-28-a-las-08.04.18.png\" alt=\"\" width=\"500\" height=\"498\" srcset=\"http:\/\/www.eloriente.net\/home\/wp-content\/uploads\/2013\/02\/Captura-de-pantalla-2013-02-28-a-las-08.04.18.png 500w, http:\/\/www.eloriente.net\/home\/wp-content\/uploads\/2013\/02\/Captura-de-pantalla-2013-02-28-a-las-08.04.18-150x150.png 150w, http:\/\/www.eloriente.net\/home\/wp-content\/uploads\/2013\/02\/Captura-de-pantalla-2013-02-28-a-las-08.04.18-300x298.png 300w, http:\/\/www.eloriente.net\/home\/wp-content\/uploads\/2013\/02\/Captura-de-pantalla-2013-02-28-a-las-08.04.18-50x50.png 50w\" sizes=\"(max-width: 500px) 100vw, 500px\" \/><\/a><\/p>\n\n\t\t\t  <div \n\t\t\t  \tclass = \"fb-comments\" \n\t\t\t  \tdata-href = \"http:\/\/www.eloriente.net\/home\/2013\/02\/28\/no-podemos-permitir-que-la-violencia-imponga-el-silencio\/\"\n\t\t\t  \tdata-numposts = \"10\"\n\t\t\t\tdata-colorscheme = \"dark\"\n\t\t\t\tdata-order-by = \"social\"\n\t\t\t\tdata-mobile=true>\n\t\t\t  <\/div>\n\t\t  <style>\n\t\t\t.fb_iframe_widget_fluid_desktop iframe {\n\t\t\t    width: 100% !important;\n\t\t\t}\n\t\t  <\/style>\n\t\t  ","protected":false},"excerpt":{"rendered":"<p>eloriente.net\/El Universal 28 de febrero de 2013 eloriente.net (Oaxaca, Oax.) 28 de febrero de 2013.- Por\u00a0tercer d\u00eda\u00a0consecutivo el medio de comunicaci\u00f3n impreso \u00abEl Siglo de Torre\u00f3n\u00bb sufri\u00f3\u00a0atentados, esta vez por desgracia con saldos rojos, inform\u00f3 El Universal. El d\u00eda de ayer como acto de sometimiento o represi\u00f3n, El Siglo de Torre\u00f3n, diario impreso de Torre\u00f3n, [&hellip;]<\/p>\n","protected":false},"author":1,"featured_media":8956,"comment_status":"closed","ping_status":"open","sticky":false,"template":"","format":"standard","meta":{"_jetpack_memberships_contains_paid_content":false,"footnotes":""},"categories":[8,22,32,63,10],"tags":[],"class_list":["post-8955","post","type-post","status-publish","format-standard","has-post-thumbnail","hentry","category-agenda","category-derechos-humanos","category-entradas","category-estados","category-lo-mas-reciente"],"jetpack_featured_media_url":"http:\/\/www.eloriente.net\/home\/wp-content\/uploads\/2013\/02\/Captura-de-pantalla-2013-02-28-a-las-08.04.18.png","jetpack_sharing_enabled":true,"_links":{"self":[{"href":"http:\/\/www.eloriente.net\/home\/wp-json\/wp\/v2\/posts\/8955"}],"collection":[{"href":"http:\/\/www.eloriente.net\/home\/wp-json\/wp\/v2\/posts"}],"about":[{"href":"http:\/\/www.eloriente.net\/home\/wp-json\/wp\/v2\/types\/post"}],"author":[{"embeddable":true,"href":"http:\/\/www.eloriente.net\/home\/wp-json\/wp\/v2\/users\/1"}],"replies":[{"embeddable":true,"href":"http:\/\/www.eloriente.net\/home\/wp-json\/wp\/v2\/comments?post=8955"}],"version-history":[{"count":8,"href":"http:\/\/www.eloriente.net\/home\/wp-json\/wp\/v2\/posts\/8955\/revisions"}],"predecessor-version":[{"id":8974,"href":"http:\/\/www.eloriente.net\/home\/wp-json\/wp\/v2\/posts\/8955\/revisions\/8974"}],"wp:featuredmedia":[{"embeddable":true,"href":"http:\/\/www.eloriente.net\/home\/wp-json\/wp\/v2\/media\/8956"}],"wp:attachment":[{"href":"http:\/\/www.eloriente.net\/home\/wp-json\/wp\/v2\/media?parent=8955"}],"wp:term":[{"taxonomy":"category","embeddable":true,"href":"http:\/\/www.eloriente.net\/home\/wp-json\/wp\/v2\/categories?post=8955"},{"taxonomy":"post_tag","embeddable":true,"href":"http:\/\/www.eloriente.net\/home\/wp-json\/wp\/v2\/tags?post=8955"}],"curies":[{"name":"wp","href":"https:\/\/api.w.org\/{rel}","templated":true}]}}