{"id":8959,"date":"2013-02-28T08:34:46","date_gmt":"2013-02-28T14:34:46","guid":{"rendered":"http:\/\/www.eloriente.net\/home\/?p=8959"},"modified":"2013-02-28T11:02:25","modified_gmt":"2013-02-28T17:02:25","slug":"pinta-tu-musica-2013","status":"publish","type":"post","link":"http:\/\/www.eloriente.net\/home\/2013\/02\/28\/pinta-tu-musica-2013\/","title":{"rendered":"Convocatoria \u00abSegundo Premio Internacional de Grabado FIG Bilbao 2013\u00bb"},"content":{"rendered":"<div>eloriente.net\/ <a href=\"http:\/\/www.figbilbao.com\" target=\"_blank\">FIG BILBAO<\/a><\/div>\n<div><\/div>\n<div>28 de febrero de 2013<\/div>\n<div><\/div>\n<div>eloriente.net (Oaxaca, Oax.) 28 de febrero de 2013.-\u00a0Casa Falconieri, Grupo Intermedio y FIART han lanzado la convocatoria del\u00a0Segundo Premio Internacional de Grabado Contempor\u00e1neo FIG Bilbao 2013, en el cual pueden participar todos los artistas sin l\u00edmite de edad y nacionalidad.<\/div>\n<div><\/div>\n<div>Desde que el proyecto comenz\u00f3 ha tenido como objetivo dar un gran impulso al grabado contempor\u00e1neo en sus diversas formas y dar actualidad a la tradici\u00f3n de las Artes de grabado.<\/div>\n<div>\n<p>\u00a0Aqu\u00ed algunos de los lineamientos de la convocatoria:<\/p>\n<div>\n<ul>\n<li>Pueden participar artistas sin l\u00edmite de edad y de cualquier nacionalidad.<\/li>\n<li>Cada artista presentar\u00e1 un m\u00e1ximo de cuatro obras.<\/li>\n<li>El premio est\u00e1 abierto a t\u00e9cnicas de grabado tradicionales y experimentales, incluyendo t\u00e9cnicas digitales,\u00a0intervenciones directas y mezcla de t\u00e9cnicas.<\/li>\n<li>La obra premiada deber ser posterior al 2011, no puede haber ganado otro concursos ni ser presentada antes a\u00a0otros cert\u00e1menes.<\/li>\n<\/ul>\n<\/div>\n<p>El premio es una gran oportunidad para desarrollar una colecci\u00f3n permanente que ser\u00e1 alojada en museos y fundaciones internacionales, para difundir y mejorar el mundo del grabado contempor\u00e1neo, distingui\u00e9ndose por ser una muestra de grabado, de car\u00e1cter \u00fanico en Europa, se estructura en secciones perfectamente diferenciadas que favorezcan la interrelaci\u00f3n y el di\u00e1logo<\/p>\n<p>Los interesados en participar deben hacer su registro en linea y enviar sus obras antes del 1 de septiembre de 2013.<\/p>\n<p>Para mayor informaci\u00f3n te compartimos el sitio en donde puedes consultar a detalle las bases de la convocatoria, solo da click <a href=\"http:\/\/www.figbilbao.com\/concurso\/\" target=\"_blank\">AQU\u00cd<\/a>.<\/p>\n<p>&nbsp;<\/p>\n<figure id=\"attachment_8978\" aria-describedby=\"caption-attachment-8978\" style=\"width: 798px\" class=\"wp-caption alignnone\"><a href=\"http:\/\/www.eloriente.net\/home\/wp-content\/uploads\/2013\/02\/Captura-de-pantalla-2013-02-28-a-las-10.08.57.png\"><img loading=\"lazy\" decoding=\"async\" class=\"size-full wp-image-8978\" src=\"http:\/\/www.eloriente.net\/home\/wp-content\/uploads\/2013\/02\/Captura-de-pantalla-2013-02-28-a-las-10.08.57.png\" alt=\"\" width=\"798\" height=\"599\" srcset=\"http:\/\/www.eloriente.net\/home\/wp-content\/uploads\/2013\/02\/Captura-de-pantalla-2013-02-28-a-las-10.08.57.png 798w, http:\/\/www.eloriente.net\/home\/wp-content\/uploads\/2013\/02\/Captura-de-pantalla-2013-02-28-a-las-10.08.57-300x225.png 300w\" sizes=\"(max-width: 798px) 100vw, 798px\" \/><\/a><figcaption id=\"caption-attachment-8978\" class=\"wp-caption-text\">FIG Bilbao 2012\/ http:\/\/www.figbilbao.com<\/figcaption><\/figure>\n<p>&nbsp;<\/p>\n<p>&nbsp;<\/p>\n<\/div>\n\n\t\t\t  <div \n\t\t\t  \tclass = \"fb-comments\" \n\t\t\t  \tdata-href = \"http:\/\/www.eloriente.net\/home\/2013\/02\/28\/pinta-tu-musica-2013\/\"\n\t\t\t  \tdata-numposts = \"10\"\n\t\t\t\tdata-colorscheme = \"dark\"\n\t\t\t\tdata-order-by = \"social\"\n\t\t\t\tdata-mobile=true>\n\t\t\t  <\/div>\n\t\t  <style>\n\t\t\t.fb_iframe_widget_fluid_desktop iframe {\n\t\t\t    width: 100% !important;\n\t\t\t}\n\t\t  <\/style>\n\t\t  ","protected":false},"excerpt":{"rendered":"<p>eloriente.net\/ FIG BILBAO 28 de febrero de 2013 eloriente.net (Oaxaca, Oax.) 28 de febrero de 2013.-\u00a0Casa Falconieri, Grupo Intermedio y FIART han lanzado la convocatoria del\u00a0Segundo Premio Internacional de Grabado Contempor\u00e1neo FIG Bilbao 2013, en el cual pueden participar todos los artistas sin l\u00edmite de edad y nacionalidad. Desde que el proyecto comenz\u00f3 ha tenido [&hellip;]<\/p>\n","protected":false},"author":1,"featured_media":8978,"comment_status":"closed","ping_status":"open","sticky":false,"template":"","format":"standard","meta":{"_jetpack_memberships_contains_paid_content":false,"footnotes":""},"categories":[8,29,26,49,18,32,10],"tags":[],"class_list":["post-8959","post","type-post","status-publish","format-standard","has-post-thumbnail","hentry","category-agenda","category-capital","category-convocatorias","category-destacadas","category-educacion-y-cultura","category-entradas","category-lo-mas-reciente"],"jetpack_featured_media_url":"http:\/\/www.eloriente.net\/home\/wp-content\/uploads\/2013\/02\/Captura-de-pantalla-2013-02-28-a-las-10.08.57.png","jetpack_sharing_enabled":true,"_links":{"self":[{"href":"http:\/\/www.eloriente.net\/home\/wp-json\/wp\/v2\/posts\/8959"}],"collection":[{"href":"http:\/\/www.eloriente.net\/home\/wp-json\/wp\/v2\/posts"}],"about":[{"href":"http:\/\/www.eloriente.net\/home\/wp-json\/wp\/v2\/types\/post"}],"author":[{"embeddable":true,"href":"http:\/\/www.eloriente.net\/home\/wp-json\/wp\/v2\/users\/1"}],"replies":[{"embeddable":true,"href":"http:\/\/www.eloriente.net\/home\/wp-json\/wp\/v2\/comments?post=8959"}],"version-history":[{"count":10,"href":"http:\/\/www.eloriente.net\/home\/wp-json\/wp\/v2\/posts\/8959\/revisions"}],"predecessor-version":[{"id":8990,"href":"http:\/\/www.eloriente.net\/home\/wp-json\/wp\/v2\/posts\/8959\/revisions\/8990"}],"wp:featuredmedia":[{"embeddable":true,"href":"http:\/\/www.eloriente.net\/home\/wp-json\/wp\/v2\/media\/8978"}],"wp:attachment":[{"href":"http:\/\/www.eloriente.net\/home\/wp-json\/wp\/v2\/media?parent=8959"}],"wp:term":[{"taxonomy":"category","embeddable":true,"href":"http:\/\/www.eloriente.net\/home\/wp-json\/wp\/v2\/categories?post=8959"},{"taxonomy":"post_tag","embeddable":true,"href":"http:\/\/www.eloriente.net\/home\/wp-json\/wp\/v2\/tags?post=8959"}],"curies":[{"name":"wp","href":"https:\/\/api.w.org\/{rel}","templated":true}]}}