{"id":8987,"date":"2013-02-28T11:15:57","date_gmt":"2013-02-28T17:15:57","guid":{"rendered":"http:\/\/www.eloriente.net\/home\/?p=8987"},"modified":"2013-03-01T06:23:52","modified_gmt":"2013-03-01T12:23:52","slug":"buscan-construir-waltmart-en-zona-de-bosque-mesofilo-de-xalapa","status":"publish","type":"post","link":"http:\/\/www.eloriente.net\/home\/2013\/02\/28\/buscan-construir-waltmart-en-zona-de-bosque-mesofilo-de-xalapa\/","title":{"rendered":"Buscan construir Waltmart en zona de bosque mes\u00f3filo de Xalapa"},"content":{"rendered":"<p>eloriente.net<\/p>\n<p>28 de febrero de 2013<\/p>\n<p>eloriente.net (Oaxaca, Oax.) 28 de febrero de 2013.- Grupos de activistas se oponen al proyecto de Mexico Retail Properties (MRP) que plantea construir una plaza comercial en La Joyita, predio de m\u00e1s de 30 hect\u00e1reas de bosque mes\u00f3filo \u2013ecosistema rico en flora y fauna\u2013 en Xalapa, Veracruz, inform\u00f3 el diario <a href=\"http:\/\/www.jornada.unam.mx\" target=\"_blank\">La Jornada.<\/a><\/p>\n<div>MRP tiene publicado en su portal de internet como proyecto en desarrollo la plaza \u00abPatio La Joyita\u00bb, con una tienda Walmart, 20 locales comerciales y 850 cajones de estacionamiento. Seg\u00fan los datos que ah\u00ed se encuentran disponibles, el centro comercial ubicado en la avenida Enrique C. R\u00e9bsamen, colonia Bella Vista, estar\u00eda terminado en el verano del 2015 y se calcula una afluencia anual de un mill\u00f3n 800 mil visitantes.<\/div>\n<div>\n<div><\/div>\n<div>De acuerdo a la informaci\u00f3n difundida por <a href=\"http:\/\/www.jornada.unam.mx\">La Jornada<\/a>, el director de desarrollo urbano de Xalapa,\u00a0 Jos\u00e9 Antonio Ochoa Acosta, neg\u00f3 hace unos d\u00edas que se haya iniciado un tr\u00e1mite en la actual administraci\u00f3n por dicho predio y se comprometi\u00f3 a entregar un oficio que confirme la inexistencia del proyecto.<\/div>\n<div><\/div>\n<div>Por su parte, la Presidenta Municipal Elizabeth Morales Garc\u00eda, inform\u00f3 a principios de este mes a trav\u00e9s de un comunicado que ya existe una denuncia interpuesta ante la Procuradur\u00eda del Medio Ambiente por la tala ilegal de \u00e1rboles.<\/div>\n<\/div>\n<p>La edil enfatiz\u00f3 que solo se han hecho tr\u00e1mites administrativos con la empresa relacionados con el cambio de nombre y algunas otras modificaciones, pero nada relacionado con la continuaci\u00f3n de la urbanizaci\u00f3n.<\/p>\n<div>Investigadores y expertos de la Universidad Veracruzana, el Instituto de Ecolog\u00eda y la Universidad An\u00e1huac, han se\u00f1alado que este predio debe conservarse por su gran valor ambiental.<\/div>\n<div><\/div>\n<div>Asimismo, Mar\u00eda Cristina Azuara Lorenzo, asesora jur\u00eddica del Comit\u00e9 Ciudadano en Defensa del Predio La Joyita dijo que: <q>Es necesario que las autoridades hablen con transparencia. Si alguien quiere construir un centro comercial, deben dec\u00edrnoslo<\/q>.<\/div>\n<div><\/div>\n<div><a href=\"http:\/\/www.eloriente.net\/home\/wp-content\/uploads\/2013\/02\/la-joyita.jpg\"><img loading=\"lazy\" decoding=\"async\" class=\"aligncenter size-medium wp-image-8989\" title=\"la joyita\" src=\"http:\/\/www.eloriente.net\/home\/wp-content\/uploads\/2013\/02\/la-joyita-300x176.jpg\" alt=\"\" width=\"300\" height=\"176\" srcset=\"http:\/\/www.eloriente.net\/home\/wp-content\/uploads\/2013\/02\/la-joyita-300x176.jpg 300w, http:\/\/www.eloriente.net\/home\/wp-content\/uploads\/2013\/02\/la-joyita.jpg 600w\" sizes=\"(max-width: 300px) 100vw, 300px\" \/><\/a><\/div>\n<p>&nbsp;<\/p>\n\n\t\t\t  <div \n\t\t\t  \tclass = \"fb-comments\" \n\t\t\t  \tdata-href = \"http:\/\/www.eloriente.net\/home\/2013\/02\/28\/buscan-construir-waltmart-en-zona-de-bosque-mesofilo-de-xalapa\/\"\n\t\t\t  \tdata-numposts = \"10\"\n\t\t\t\tdata-colorscheme = \"dark\"\n\t\t\t\tdata-order-by = \"social\"\n\t\t\t\tdata-mobile=true>\n\t\t\t  <\/div>\n\t\t  <style>\n\t\t\t.fb_iframe_widget_fluid_desktop iframe {\n\t\t\t    width: 100% !important;\n\t\t\t}\n\t\t  <\/style>\n\t\t  ","protected":false},"excerpt":{"rendered":"<p>eloriente.net 28 de febrero de 2013 eloriente.net (Oaxaca, Oax.) 28 de febrero de 2013.- Grupos de activistas se oponen al proyecto de Mexico Retail Properties (MRP) que plantea construir una plaza comercial en La Joyita, predio de m\u00e1s de 30 hect\u00e1reas de bosque mes\u00f3filo \u2013ecosistema rico en flora y fauna\u2013 en Xalapa, Veracruz, inform\u00f3 el [&hellip;]<\/p>\n","protected":false},"author":1,"featured_media":8989,"comment_status":"closed","ping_status":"open","sticky":false,"template":"","format":"standard","meta":{"_jetpack_memberships_contains_paid_content":false,"footnotes":""},"categories":[32,10,20,24],"tags":[],"class_list":["post-8987","post","type-post","status-publish","format-standard","has-post-thumbnail","hentry","category-entradas","category-lo-mas-reciente","category-medio-ambiente","category-mexico-y-el-mundo"],"jetpack_featured_media_url":"http:\/\/www.eloriente.net\/home\/wp-content\/uploads\/2013\/02\/la-joyita.jpg","jetpack_sharing_enabled":true,"_links":{"self":[{"href":"http:\/\/www.eloriente.net\/home\/wp-json\/wp\/v2\/posts\/8987"}],"collection":[{"href":"http:\/\/www.eloriente.net\/home\/wp-json\/wp\/v2\/posts"}],"about":[{"href":"http:\/\/www.eloriente.net\/home\/wp-json\/wp\/v2\/types\/post"}],"author":[{"embeddable":true,"href":"http:\/\/www.eloriente.net\/home\/wp-json\/wp\/v2\/users\/1"}],"replies":[{"embeddable":true,"href":"http:\/\/www.eloriente.net\/home\/wp-json\/wp\/v2\/comments?post=8987"}],"version-history":[{"count":10,"href":"http:\/\/www.eloriente.net\/home\/wp-json\/wp\/v2\/posts\/8987\/revisions"}],"predecessor-version":[{"id":8995,"href":"http:\/\/www.eloriente.net\/home\/wp-json\/wp\/v2\/posts\/8987\/revisions\/8995"}],"wp:featuredmedia":[{"embeddable":true,"href":"http:\/\/www.eloriente.net\/home\/wp-json\/wp\/v2\/media\/8989"}],"wp:attachment":[{"href":"http:\/\/www.eloriente.net\/home\/wp-json\/wp\/v2\/media?parent=8987"}],"wp:term":[{"taxonomy":"category","embeddable":true,"href":"http:\/\/www.eloriente.net\/home\/wp-json\/wp\/v2\/categories?post=8987"},{"taxonomy":"post_tag","embeddable":true,"href":"http:\/\/www.eloriente.net\/home\/wp-json\/wp\/v2\/tags?post=8987"}],"curies":[{"name":"wp","href":"https:\/\/api.w.org\/{rel}","templated":true}]}}