{"id":8991,"date":"2013-02-28T16:14:39","date_gmt":"2013-02-28T22:14:39","guid":{"rendered":"http:\/\/www.eloriente.net\/home\/?p=8991"},"modified":"2013-02-28T16:37:43","modified_gmt":"2013-02-28T22:37:43","slug":"convocatorias-abiertas-28-de-febrero-de-2013-artes-visuales-cine-y-ciencia","status":"publish","type":"post","link":"http:\/\/www.eloriente.net\/home\/2013\/02\/28\/convocatorias-abiertas-28-de-febrero-de-2013-artes-visuales-cine-y-ciencia\/","title":{"rendered":"Convocatorias abiertas (28 de febrero de 2013): Artes visuales, Cine y Ciencia"},"content":{"rendered":"<p>eloriente.net<\/p>\n<p>28 de febrero de 2013<\/p>\n<p>Para El Oriente, es muy importante acercarte contenido de calidad y material que contribuya a tu desarrollo integral, por ello, contamos con una secci\u00f3n de Convocatorias, donde ponemos a tu disposici\u00f3n las convocatorias que abren diferentes instancias.<\/p>\n<p>Tenemos para ti, la recopilaci\u00f3n de convocatorias que siguen abiertas, si est\u00e1s interesado en participar consulta las bases en los enlaces que hemos puesto en cada nota.<\/p>\n<p><a title=\"Permalink to Convocatoria \u201cSegundo Premio Internacional de Grabado FIG Bilbao 2013\u2033\" href=\"http:\/\/www.eloriente.net\/home\/2013\/02\/28\/pinta-tu-musica-2013\/\" rel=\"bookmark\">1. Convocatoria \u201cSegundo Premio Internacional de Grabado FIG Bilbao 2013\u2033<\/a><\/p>\n<p>Casa Falconieri, Grupo Intermedio y FIART han lanzado la convocatoria del\u00a0Segundo Premio Internacional de Grabado Contempor\u00e1neo FIG Bilbao 2013, en el cual pueden participar todos los artistas sin l\u00edmite de edad y nacionalidad.<\/p>\n<p><strong>Cierre de convocatoria: 1 de septiembre de 2013<\/strong><\/p>\n<p>&nbsp;<\/p>\n<p><a title=\"Permalink to Becas para las Mujeres en la Ciencia L\u2019Or\u00e9al\u2013UNESCO-AMC\" href=\"http:\/\/www.eloriente.net\/home\/2013\/02\/21\/becas-para-las-mujeres-en-la-ciencia-loreal-unesco-amc\/\" rel=\"bookmark\">2. Becas para las Mujeres en la Ciencia L\u2019Or\u00e9al\u2013UNESCO-AMC<\/a><\/p>\n<p>La oficina de la Organizaci\u00f3n de las Naciones Unidas para la Educaci\u00f3n, la Ciencia y la Cultura (UNESCO) en M\u00e9xico,\u00a0 la Comisi\u00f3n Mexicana de Cooperaci\u00f3n con la UNESCO (CONALMEX), L\u2019Or\u00e9al M\u00e9xico y la Academia Mexicana de Ciencias (AMC) han lanzado la convocatoria de \u201cBecas para las mujeres en la ciencia\u201d.<\/p>\n<p>Las candidaturas se recibir\u00e1n hasta el lunes 22 de abril de 2013 y los resultados ser\u00e1n publicados en el portal de la AMC.<\/p>\n<p><strong>Cierre de convocatoria: 23 de abril de 2013<\/strong><\/p>\n<p>&nbsp;<\/p>\n<p><a title=\"Permalink to Convocatoria XIII Certamen Nacional de Oratoria \u201cBenito Ju\u00e1rez\u201d\" href=\"http:\/\/www.eloriente.net\/home\/2013\/02\/19\/convocatoria-xiii-certamen-nacional-de-oratoria-benito-juarez\/\" rel=\"bookmark\">3. Convocatoria XIII Certamen Nacional de Oratoria \u201cBenito Ju\u00e1rez\u201d<\/a><\/p>\n<p>El H. Congreso del Estado de Oaxaca ha lanzado la convocatoria a ni\u00f1os y j\u00f3venes para participar en el XIII Certamen Nacional de Oratoria \u201cBenito Ju\u00e1rez\u201d que se realizar\u00e1 en su fase estatal el 15 de marzo y en su estapa nacional el d\u00eda 19 del mismo mes.<\/p>\n<p><strong>Cierre de convocatoria:15 de marzo de 2013\u00a0<\/strong><\/p>\n<p>&nbsp;<\/p>\n<p><a title=\"Permalink to 19\u00b0 Concurso Latinoamericano de Fotograf\u00eda Documental \u201cLos Trabajos y los D\u00edas\u201d\" href=\"http:\/\/www.eloriente.net\/home\/2013\/02\/15\/19-concurso-latinoamericano-de-fotografia-documental-los-trabajos-y-los-dias\/\" rel=\"bookmark\">4. 19\u00b0 Concurso Latinoamericano de Fotograf\u00eda Documental \u201cLos Trabajos y los D\u00edas\u201d<\/a><\/p>\n<p>La Escuela Nacional Sindical de Colombia ha lanzado la convocatoria para participar en el 19\u00ba Concurso Latinoamericano de Fotograf\u00eda Documental \u201cLos Trabajos y los D\u00edas\u201d.<\/p>\n<p>El tema de las fotograf\u00edas debe girar alrededor de seres humanos (sin importar edad, sexo o raza) realizando alg\u00fan tipo de trabajo u oficio.<\/p>\n<p>Los interesados en participar deber\u00e1n enviar sus fotograf\u00edas DIGITALES por Internet, para lo cual deber\u00e1n llenar el formato que estar\u00e1 disponible en la p\u00e1gina web<a href=\"http:\/\/www.ens.org.co\/concurso\" target=\"_blank\">http:\/\/www.ens.org.co\/concurso<\/a>\u00a0hasta el 20 de marzo de 2013, fecha l\u00edmite para la recepci\u00f3n de obras.<\/p>\n<p><strong>Cierre de convocatoria: 20 de marzo de 2013<\/strong><\/p>\n<p>&nbsp;<\/p>\n<p><a title=\"Permalink to Convocatoria Premios ISARCH para estudiantes de arquitectura\" href=\"http:\/\/www.eloriente.net\/home\/2013\/02\/12\/convocatoria-premios-isarch-para-estudiantes-de-arquitectura\/\" rel=\"bookmark\">5. Convocatoria Premios ISARCH para estudiantes de arquitectura<\/a><\/p>\n<p>Se ha lanzado la convocatoria para participar en los Premios internacionales ISARCH para estudiantes de Arquitectura.<\/p>\n<p>Puede inscribirse cualquier estudiante de arquitectura o joven arquitecto que no haya obtenido el t\u00edtulo antes de 3 a\u00f1os desde la entrega de la documentaci\u00f3n. Las propuestas pueden ser presentadas por un estudiante o un equipo de estudiantes.<\/p>\n<div><strong>Cierre convocatoria: 22 de abril de 2012<\/strong><\/div>\n<div><\/div>\n<p><a title=\"Permalink to Convocatoria 13\u00ba Concurso Nacional de Proyectos de Cortometraje 2013\" href=\"http:\/\/www.eloriente.net\/home\/2013\/02\/07\/convocatoria-13o-concurso-nacional-de-proyectos-de-cortometraje-2013\/\" rel=\"bookmark\">6. Convocatoria 13\u00ba Concurso Nacional de Proyectos de Cortometraje 2013<\/a><\/p>\n<p>El Consejo Nacional para la Cultura y las Artes a trav\u00e9s del Instituto Mexicano de Cinematograf\u00eda (Imcine) y su Direcci\u00f3n de Apoyo a la Producci\u00f3n Cinematogr\u00e1fica, ha lanzado la convocatoria para participar en el 13\u00ba Concurso Nacional de Proyectos de Cortometraje 2012, cuyo premio ser\u00e1 la producci\u00f3n de los cortometrajes ganadores en DCP (Digital Cinema Package).<\/p>\n<p><strong>Cierre de convocatoria: 28 de marzo de 2013<\/strong><\/p>\n<p>&nbsp;<\/p>\n<p><a title=\"Permalink to I Bienal Internacional de Grabado Jos\u00e9 Guadalupe Posada\" href=\"http:\/\/www.eloriente.net\/home\/2013\/01\/21\/i-bienal-internacional-de-grabado-jose-guadalupe-posada\/\" rel=\"bookmark\">7. I Bienal Internacional de Grabado Jos\u00e9 Guadalupe Posada<\/a><\/p>\n<p>El Instituto Cultural de Aguascalientes, el Consejo para la Cultura y las Artes y el Instituto Nacional de Bellas Artes, como un homenaje al ilustre garabador Jos\u00e9 Guadalupe Posada (1852-1913) en el 100\u00ba Aniversario de su muerte, han convocado a la\u00a0I Bienal Internacional de Grabado Jos\u00e9 Guadalupe Posada.<\/p>\n<p><strong>Cierre de la convocatoria: 29 de junio del 2013<\/strong><\/p>\n<p>&nbsp;<\/p>\n<p><a title=\"Permalink to Convocatoria XVI Festival Internacional de Cine de Guanajuato\" href=\"http:\/\/www.eloriente.net\/home\/2013\/01\/17\/convocatoria-xvi-festival-internacional-de-cine-de-guanajuato\/\" rel=\"bookmark\">8. Convocatoria XVI Festival Internacional de Cine de Guanajuato<\/a><\/p>\n<p>eloriente.net (Oaxaca, Oax.) 17 de enero de 2013.- La XVI edici\u00f3n del Festival Internacional de Cine de Guanajuato que se celebrar\u00e1 del 19 al 28 de Julio de este a\u00f1o en las ciudades de San Miguel de Allende y Guanajuato, Gto., M\u00e9xico, abri\u00f3 el d\u00eda de ayer la convocatoria a cineastas mexicanos y extranjeros para participar con sus cintas en las diferentes categor\u00edas del Festival.<\/p>\n<p><strong>Cierre de la convocatoria:1\u00ba de Mayo, 2013<\/strong><\/p>\n<p>&nbsp;<\/p>\n<p><a title=\"Permalink to Convocatoria Bienal de Cartel Bolivia (BICeB\u00e9) 2013\" href=\"http:\/\/www.eloriente.net\/home\/2013\/01\/15\/convocatoria-bienal-de-cartel-bolivia-bicebe-2013\/\" rel=\"bookmark\">9. Convocatoria Bienal de Cartel Bolivia (BICeB\u00e9) 2013<\/a><\/p>\n<p>eloriente.net (Oaxaca, Oax.) 15 de enero de 2013.-La Bienal del Cartel Bolivia BICeB\u00e9\u00ae convoca a estudiantes de dise\u00f1o, dise\u00f1adores gr\u00e1ficos, artistas pl\u00e1sticos, fot\u00f3grafos y productores gr\u00e1ficos en general, sin importar su edad, a participar en la\u00a0BICeB\u00e9 2013 con carteles impresos entre junio de 2011 y junio de 2013, de t\u00e9cnica y formato\u00a0 libres.<\/p>\n<p><strong>Cierre de convocatoria: 30 de abril de 2013<\/strong><\/p>\n\n\t\t\t  <div \n\t\t\t  \tclass = \"fb-comments\" \n\t\t\t  \tdata-href = \"http:\/\/www.eloriente.net\/home\/2013\/02\/28\/convocatorias-abiertas-28-de-febrero-de-2013-artes-visuales-cine-y-ciencia\/\"\n\t\t\t  \tdata-numposts = \"10\"\n\t\t\t\tdata-colorscheme = \"dark\"\n\t\t\t\tdata-order-by = \"social\"\n\t\t\t\tdata-mobile=true>\n\t\t\t  <\/div>\n\t\t  <style>\n\t\t\t.fb_iframe_widget_fluid_desktop iframe {\n\t\t\t    width: 100% !important;\n\t\t\t}\n\t\t  <\/style>\n\t\t  ","protected":false},"excerpt":{"rendered":"<p>eloriente.net 28 de febrero de 2013 Para El Oriente, es muy importante acercarte contenido de calidad y material que contribuya a tu desarrollo integral, por ello, contamos con una secci\u00f3n de Convocatorias, donde ponemos a tu disposici\u00f3n las convocatorias que abren diferentes instancias. Tenemos para ti, la recopilaci\u00f3n de convocatorias que siguen abiertas, si est\u00e1s [&hellip;]<\/p>\n","protected":false},"author":1,"featured_media":7265,"comment_status":"closed","ping_status":"open","sticky":false,"template":"","format":"standard","meta":{"_jetpack_memberships_contains_paid_content":false,"footnotes":""},"categories":[26,18,32,10],"tags":[],"class_list":["post-8991","post","type-post","status-publish","format-standard","has-post-thumbnail","hentry","category-convocatorias","category-educacion-y-cultura","category-entradas","category-lo-mas-reciente"],"jetpack_featured_media_url":"http:\/\/www.eloriente.net\/home\/wp-content\/uploads\/2013\/01\/CONVOCATORIA-CALL.jpg","jetpack_sharing_enabled":true,"_links":{"self":[{"href":"http:\/\/www.eloriente.net\/home\/wp-json\/wp\/v2\/posts\/8991"}],"collection":[{"href":"http:\/\/www.eloriente.net\/home\/wp-json\/wp\/v2\/posts"}],"about":[{"href":"http:\/\/www.eloriente.net\/home\/wp-json\/wp\/v2\/types\/post"}],"author":[{"embeddable":true,"href":"http:\/\/www.eloriente.net\/home\/wp-json\/wp\/v2\/users\/1"}],"replies":[{"embeddable":true,"href":"http:\/\/www.eloriente.net\/home\/wp-json\/wp\/v2\/comments?post=8991"}],"version-history":[{"count":3,"href":"http:\/\/www.eloriente.net\/home\/wp-json\/wp\/v2\/posts\/8991\/revisions"}],"predecessor-version":[{"id":9016,"href":"http:\/\/www.eloriente.net\/home\/wp-json\/wp\/v2\/posts\/8991\/revisions\/9016"}],"wp:featuredmedia":[{"embeddable":true,"href":"http:\/\/www.eloriente.net\/home\/wp-json\/wp\/v2\/media\/7265"}],"wp:attachment":[{"href":"http:\/\/www.eloriente.net\/home\/wp-json\/wp\/v2\/media?parent=8991"}],"wp:term":[{"taxonomy":"category","embeddable":true,"href":"http:\/\/www.eloriente.net\/home\/wp-json\/wp\/v2\/categories?post=8991"},{"taxonomy":"post_tag","embeddable":true,"href":"http:\/\/www.eloriente.net\/home\/wp-json\/wp\/v2\/tags?post=8991"}],"curies":[{"name":"wp","href":"https:\/\/api.w.org\/{rel}","templated":true}]}}