{"id":9008,"date":"2013-02-28T16:09:25","date_gmt":"2013-02-28T22:09:25","guid":{"rendered":"http:\/\/www.eloriente.net\/home\/?p=9008"},"modified":"2013-03-01T16:27:27","modified_gmt":"2013-03-01T22:27:27","slug":"exhibir-a-lideres-sociales-en-oaxaca","status":"publish","type":"post","link":"http:\/\/www.eloriente.net\/home\/2013\/02\/28\/exhibir-a-lideres-sociales-en-oaxaca\/","title":{"rendered":"Exhibir a &#8216;l\u00edderes sociales&#8217; en Oaxaca"},"content":{"rendered":"<p>eloriente.net<\/p>\n<p>28 de febrero de 2013<\/p>\n<p>Nada m\u00e1s sagrado que el derecho de expresi\u00f3n y manifestaci\u00f3n. Pero la Ciudad de Oaxaca en los \u00faltimos d\u00edas no ha sido escenario para el ejercicio de esos derechos, sino por el contrario del chantaje, la ignorancia, el gusto por la revuelta, el resultado de una inercia que ha formado hombres y mujeres que saben vivir del conflicto m\u00e1s que del trabajo.<\/p>\n<p>En efecto, los bloqueos y manifestaciones a toda hora en la ciudad, son apenas el s\u00edntoma de una ciudadan\u00eda que sufre varios males. Por un lado, la apat\u00eda, la falta de motivaci\u00f3n social, el desgano.<\/p>\n<p>Por el otro, que una buena parte de ciudadanos se presta, a veces por necesidad y otras por falta de instrucci\u00f3n, a seguir el juego a ciertos l\u00edderes &#8216;sociales&#8217; a cambio de la d\u00e1vida, el dinero f\u00e1cil, o ya de plano por diversi\u00f3n. Esos hombres y mujeres de Oaxaca (oaxaque\u00f1os como nosotros) no se dan cuenta que son v\u00edctimas y victimarios al mismo tiempo.<\/p>\n<p>Victimarios por las razones evidentes. Pero v\u00edctimas porque es necesario que lo sepan: el hambre de hoy es la miseria de ma\u00f1ana si no mejor ocupan su tiempo y capacidad en otros menesteres. Son v\u00edctimas de s\u00ed mismos porque est\u00e1n predeterminando el dudoso futuro de sus hijos y de sus familias.<\/p>\n<p>Por otro lado, est\u00e1n los l\u00edderes. L\u00edderes adem\u00e1s que todo mundo dice conocer pero que al mismo tiempo nadie conoce; no le rinden cuentas a nadie, su poder es omn\u00edmodo y viven en completa impunidad. Personas que se dan el lujo de afectar a todos los dem\u00e1s sin responder por nada, ni siquiera por su nombre.<\/p>\n<p>La referencia a cierta lideresa de mala suerte es involuntaria. Y lo es, porque al menos aquella lideresa tiene nombre y apellido.<\/p>\n<p>Pero en el caso de los l\u00edderes de Oaxaca, los ciudadanos ni siquiera sabemos cu\u00e1les son sus nombres, im\u00e1genes, forma de vida, calle donde de viven, cuentas bancarias. Act\u00faan en completa opacidad y en completo anonimato.<\/p>\n<p>Ha llegado el momento de exhibir qui\u00e9nes son esos l\u00edderes, cu\u00e1les sus intereses, los miembros de esos membretes espectaculares que presiden y que vemos inflamados inclusive en los muros del centro hist\u00f3rico.<\/p>\n<p>Alguien puede decir que esta publicidad s\u00f3lo le dar\u00eda alas a ciertos personajes que buscan fama.<\/p>\n<p>Se equivocan. Nada mejor que un nombre y la transparencia, la identidad, para desmontar ciertos temores, fantasmas, para sacar de la oscuridad las amenazas.<\/p>\n<p>As\u00ed es. Hay que sacar de la oscuridad a quienes inclusive presumen su actitud beligerante. Ayer mismo, en redes sociales, ciertos l\u00edderes apuntaban que una u otra organizaci\u00f3n ahora s\u00ed \u00abhab\u00edan mostrado m\u00fasculo\u00bb, demostrado \u00absu capacidad de movilizaci\u00f3n\u00bb, la \u00abtropa en pleno\u00bb.<\/p>\n<p>Es natural. La opacidad, el bajo nivel educativo en nuestra sociedad, la impunidad y la poca firmeza y ausencia de proyecto de gobierno, provocan que al paso de los a\u00f1os se conformen ideas y creencias equivocadas. Creer por ejemplo que la invasi\u00f3n y destrucci\u00f3n de las calles y la valentoner\u00eda son lo correcto.<\/p>\n<p>\u00bfC\u00f3mo comenzar a cambiar esas ideas? Exhibiendo a quienes lo provocan, explicando que hay actitudes impermisibles, que hay reglas que deben cumplirse y hacerse cumplir.<\/p>\n<p>&nbsp;<\/p>\n<p><a href=\"http:\/\/www.eloriente.net\/home\/wp-content\/uploads\/2013\/01\/Algunos-derechos-reserados-por-phyvln-oaxaca.jpg\"><img loading=\"lazy\" decoding=\"async\" class=\"aligncenter size-medium wp-image-7907\" title=\"Algunos derechos reserados por phyvln-oaxaca\" src=\"http:\/\/www.eloriente.net\/home\/wp-content\/uploads\/2013\/01\/Algunos-derechos-reserados-por-phyvln-oaxaca-300x198.jpg\" alt=\"\" width=\"300\" height=\"198\" srcset=\"http:\/\/www.eloriente.net\/home\/wp-content\/uploads\/2013\/01\/Algunos-derechos-reserados-por-phyvln-oaxaca-300x198.jpg 300w, http:\/\/www.eloriente.net\/home\/wp-content\/uploads\/2013\/01\/Algunos-derechos-reserados-por-phyvln-oaxaca.jpg 1024w\" sizes=\"(max-width: 300px) 100vw, 300px\" \/><\/a><\/p>\n<p>Foto: <a href=\"http:\/\/www.flickr.com\/photos\/phylevn\" target=\"_blank\">Phyveln<\/a>, <a href=\"http:\/\/creativecommons.org\/licenses\/by\/2.0\/\" target=\"_blank\">Algunos derechos reservados. <\/a><\/p>\n<p>&nbsp;<\/p>\n<p>&nbsp;<\/p>\n\n\t\t\t  <div \n\t\t\t  \tclass = \"fb-comments\" \n\t\t\t  \tdata-href = \"http:\/\/www.eloriente.net\/home\/2013\/02\/28\/exhibir-a-lideres-sociales-en-oaxaca\/\"\n\t\t\t  \tdata-numposts = \"10\"\n\t\t\t\tdata-colorscheme = \"dark\"\n\t\t\t\tdata-order-by = \"social\"\n\t\t\t\tdata-mobile=true>\n\t\t\t  <\/div>\n\t\t  <style>\n\t\t\t.fb_iframe_widget_fluid_desktop iframe {\n\t\t\t    width: 100% !important;\n\t\t\t}\n\t\t  <\/style>\n\t\t  ","protected":false},"excerpt":{"rendered":"<p>eloriente.net 28 de febrero de 2013 Nada m\u00e1s sagrado que el derecho de expresi\u00f3n y manifestaci\u00f3n. Pero la Ciudad de Oaxaca en los \u00faltimos d\u00edas no ha sido escenario para el ejercicio de esos derechos, sino por el contrario del chantaje, la ignorancia, el gusto por la revuelta, el resultado de una inercia que ha [&hellip;]<\/p>\n","protected":false},"author":1,"featured_media":7907,"comment_status":"closed","ping_status":"open","sticky":false,"template":"","format":"standard","meta":{"_jetpack_memberships_contains_paid_content":false,"footnotes":""},"categories":[29,9,32,10,21],"tags":[],"class_list":["post-9008","post","type-post","status-publish","format-standard","has-post-thumbnail","hentry","category-capital","category-editorial","category-entradas","category-lo-mas-reciente","category-politica-y-gobierno"],"jetpack_featured_media_url":"http:\/\/www.eloriente.net\/home\/wp-content\/uploads\/2013\/01\/Algunos-derechos-reserados-por-phyvln-oaxaca.jpg","jetpack_sharing_enabled":true,"_links":{"self":[{"href":"http:\/\/www.eloriente.net\/home\/wp-json\/wp\/v2\/posts\/9008"}],"collection":[{"href":"http:\/\/www.eloriente.net\/home\/wp-json\/wp\/v2\/posts"}],"about":[{"href":"http:\/\/www.eloriente.net\/home\/wp-json\/wp\/v2\/types\/post"}],"author":[{"embeddable":true,"href":"http:\/\/www.eloriente.net\/home\/wp-json\/wp\/v2\/users\/1"}],"replies":[{"embeddable":true,"href":"http:\/\/www.eloriente.net\/home\/wp-json\/wp\/v2\/comments?post=9008"}],"version-history":[{"count":6,"href":"http:\/\/www.eloriente.net\/home\/wp-json\/wp\/v2\/posts\/9008\/revisions"}],"predecessor-version":[{"id":9014,"href":"http:\/\/www.eloriente.net\/home\/wp-json\/wp\/v2\/posts\/9008\/revisions\/9014"}],"wp:featuredmedia":[{"embeddable":true,"href":"http:\/\/www.eloriente.net\/home\/wp-json\/wp\/v2\/media\/7907"}],"wp:attachment":[{"href":"http:\/\/www.eloriente.net\/home\/wp-json\/wp\/v2\/media?parent=9008"}],"wp:term":[{"taxonomy":"category","embeddable":true,"href":"http:\/\/www.eloriente.net\/home\/wp-json\/wp\/v2\/categories?post=9008"},{"taxonomy":"post_tag","embeddable":true,"href":"http:\/\/www.eloriente.net\/home\/wp-json\/wp\/v2\/tags?post=9008"}],"curies":[{"name":"wp","href":"https:\/\/api.w.org\/{rel}","templated":true}]}}