{"id":9027,"date":"2013-03-01T08:48:30","date_gmt":"2013-03-01T14:48:30","guid":{"rendered":"http:\/\/www.eloriente.net\/home\/?p=9027"},"modified":"2013-03-01T08:53:00","modified_gmt":"2013-03-01T14:53:00","slug":"las-10-vistas-de-el_oriente-en-enero-2013","status":"publish","type":"post","link":"http:\/\/www.eloriente.net\/home\/2013\/03\/01\/las-10-vistas-de-el_oriente-en-enero-2013\/","title":{"rendered":"Las 10+ Vistas de @El_Oriente en Febrero 2013"},"content":{"rendered":"<p>1 de marzo de 2013<\/p>\n<p>Cada mes, El Oriente publicar\u00e1 esta lista de los contenidos m\u00e1s visitados por nuestros usuarios. Esto, para que aquellos que se han perdido una buena recomendaci\u00f3n, una buena nota, tengan la oportunidad de volver sobre ella, aprender, regocijarse, disfrutar.<\/p>\n<p>Hay que recordar que el objetivo de El Oriente es no solamente informar, sino hacer llegar a tu mirada algunas de las cosas que valen la pena de la vida: im\u00e1genes extraordinarias, palabras que transforman, voces para aprender.<\/p>\n<p>La lista de Febrero de 2013:<\/p>\n<p><a href=\"http:\/\/www.eloriente.net\/home\/2013\/02\/27\/pri-oaxaca-lanza-convocatoria-para-postular-candidatos-a-diputados-y-presidentes-municipales\/\" target=\"_blank\">1. LA CONVOCATORIA \u00cdNTEGRA DEL PRI PARA ELEGIR CANDIDATOS A DIPUTADOS Y PRESIDENTES<\/a><\/p>\n<p>Para elegir candidatos a presidentes municipales en 153 municipios y a diputados en el congreso local, el Partido Revolucionario Institucional public\u00f3 la convocatoria respectiva, en la cual se contemplan, entre otros datos estatutarios, los requisitos y fechas para ser elegible como tales. A los integrantes del partido les pareci\u00f3 fundamental conocer estos t\u00e9rminos y se recibieron innumerables visitas a esta entrada.<\/p>\n<p><a href=\"http:\/\/www.eloriente.net\/home\/2013\/01\/26\/mexico-quinto-pais-con-mayor-numero-de-usuarios-en-facebook\/\" target=\"_blank\">2. M\u00c9XICO, QUINTO PA\u00cdS CON MAYOR N\u00daMERO DE USUARIOS EN FACEBOOK<\/a><\/p>\n<p>S\u00f3lo debajo de Estados Unidos, Brasil, India e Indonesia, nuestro pa\u00eds cuenta con casi 40 millones de usuarios de la red social. En @El_Oriente te presentamos estas cifras y adem\u00e1s el rango de crecimiento que se ha marcado a \u00faltimas fechas.<\/p>\n<p><a href=\"http:\/\/www.eloriente.net\/home\/2013\/02\/01\/los-70-comunicadores-con-mayor-impacto-en-twitter-de-oaxaca-enero2013\/\" target=\"_blank\">3. LA LISTA DE LOS 70 COMUNICADORES DE MAYOR IMPACTO EN TWITTER DE OAXACA<\/a><\/p>\n<p>La lista sigue siendo una entrada de gran inter\u00e9s para nuestros lectores y es ya una referencia en Oaxaca. Hay que recordar que esta lista se efect\u00faa con una metodolog\u00eda que all\u00ed se explica y que est\u00e1 abierta a que los lectores puedan sugerir la inclusi\u00f3n de nuevas cuentas. Ent\u00e9rate qui\u00e9nes son los comunicadores con mayor impacto en la red en nuestro estado. Su publicaci\u00f3n es bimestral.<\/p>\n<p><a href=\"http:\/\/www.eloriente.net\/home\/category\/colaboradores\/vicente-lopez-portillo\/\" target=\"_blank\">4. LA COLUMNA FINANCIERA DE VICENTE L\u00d3PEZ PORTILLO<\/a><\/p>\n<p>\u00bfQu\u00e9 debes hacer de tu afore? \u00bfC\u00f3mo hacer rendir mi dinero? o La realidad del pago m\u00ednimo en tarjeta de cr\u00e9dito, son algunos de los temas que Vicente L\u00f3pez Portillo presenta cada martes en @El_Oriente y que ha muchos lectores ha interesado. Da click y has m\u00e1s eficaz tu gasto, tu dinero, tu plan financiero.<\/p>\n<p><a href=\"http:\/\/www.eloriente.net\/home\/author\/omar\/\" target=\"_blank\">5. LA COLUMNA LITERARIA DE OMAR ALEJANDRO CORT\u00c9S<\/a><\/p>\n<p>Poemas, vi\u00f1etas, cuentos, es lo que presenta a los lectores de @El_Oriente el escritor oaxaque\u00f1o Omar Alejandro Cort\u00e9s. \u00abLas venganzas castigan pero no quitan las culpas&#8230;\u00bb Por cierto que Omar est\u00e1 preparando un proyecto sudamericano que en pr\u00f3ximas fechas ser\u00e1 presentado en @El_Oriente. S\u00edguelo.<\/p>\n<p><a href=\"http:\/\/www.eloriente.net\/home\/2013\/02\/07\/breve-historia-del-plan-para-la-transformacion-de-la-educacion-en-oaxaca\/\" target=\"_blank\">6. BREVE HISTORIA DEL PLAN PARA LA TRANSFORMACI\u00d3N DE LA EDUCACI\u00d3N EN OAXACA (PTEO)<\/a><\/p>\n<p>Una colaboraci\u00f3n de Samael Hern\u00e1ndez que ya en diversos medios es utilizada como referencia para describir la g\u00e9nesis del PTEO, documento impulsado por la Secci\u00f3n 22 y que es hoy su principal bandera. En @El_Oriente hemos impulsado una visi\u00f3n objetiva de la problem\u00e1tica magisterial y hemos presentado todas las voces. Inclusive, en nuestra p\u00e1gina puedes encontrar \u00edntegro el texto del PTEO, aunque tambi\u00e9n, por ejemplo, el estudio de Mexicanos Primero sobre desempe\u00f1o educativo.<\/p>\n<p><a href=\"Este jueves 7 de febrero el Centro Acad\u00e9mico y Cultural San Pablo y Ediciones del Ermita\u00f1o llevar\u00e1n a cabo la firma de un convenio que contempla la creaci\u00f3n de un programa completo para la b\u00fasqueda y activaci\u00f3n de lectores y escritores en lenguas ind\u00edgenas.  Dicho convenio forma parte de una serie de actividades que engloban la creaci\u00f3n de la Colecci\u00f3n de Literatura en Lenguas Ind\u00edgenas de Ediciones del Ermita\u00f1o, en la cual se traducir\u00e1n textos universales.\" target=\"_blank\">7. ACUERDO ENTRE SAN PABLO Y EDICIONES DEL ERMITA\u00d1O PARA ACTIVAR LENGUAS IND\u00cdGENAS<\/a><\/p>\n<p>Este ha sido un tema de continuo seguimiento en @El_Oriente: el rescate, preservaci\u00f3n y difusi\u00f3n de las lenguas ind\u00edgenas. Por fortuna, nuestros lectores han premiado este tipo de contenidos y han reconocido el esfuerzo de instancias como el Centro Cultural San Pablo y Ediciones del Ermita\u00f1o, las que han presentado un acuerdo y acciones concretas en el \u00e1mbito de la literatura. \u00a1Ya esperamos las antolog\u00edas de cuento contempor\u00e1neo en mixe o zapoteco!<\/p>\n<p><a href=\"http:\/\/www.eloriente.net\/home\/2013\/01\/29\/texto-integro-del-pteo-de-la-seccion-22-del-snte\/\" target=\"_blank\">8. TEXTO \u00cdNTEGRO DEL PTEO<\/a><\/p>\n<p>Nos interesa que nuestros lectores se formen una opini\u00f3n, pero que \u00e9sta se sustente en documentaci\u00f3n y datos primarios. Por ello, aqu\u00ed se puede consultar el documento de propuesta de la Secci\u00f3n XXII de profesores en Oaxaca.<\/p>\n<p><a href=\"http:\/\/www.eloriente.net\/home\/2012\/07\/16\/mexico-uno-de-los-5-paises-megadiversos-del-mundo-y-oaxaca-el-estado-mas-biodiverso-del-pais-2\/\" target=\"_blank\">9. BIODIVERSIDAD EN OAXACA, LA MAYOR DE M\u00c9XICO<\/a><\/p>\n<p>Una colaboraci\u00f3n de David Ortega del Valle y Gustavo S\u00e1nchez Benitez de WWF en Oaxaca y que a pesar de haber sido publicada en julio de 2012 sigue interesando a los lectores. Se trata de un texto para @El_Oriente que analiza la biodiversidad en Oaxaca en su justa dimensi\u00f3n: Oaxaca es medalla de oro en biodiversidad.<\/p>\n<p><a href=\"http:\/\/www.eloriente.net\/home\/2012\/07\/16\/mexico-uno-de-los-5-paises-megadiversos-del-mundo-y-oaxaca-el-estado-mas-biodiverso-del-pais-2\/\" target=\"_blank\">10. NUESTRA CATEGOR\u00cdA DE CONVOCATORIAS<\/a><\/p>\n<p>Para artistas, escritores, mujeres, j\u00f3venes, maestrantes, nuestra categor\u00eda de convocatorias se ha vuelto una referencia. En este momento, hay concursos y premios abiertos en artes visuales, cine y ciencia, \u00a1con\u00f3celas!<\/p>\n<p><a href=\"http:\/\/www.eloriente.net\/home\/wp-content\/uploads\/2013\/03\/DR-Philippe-Halsman-@Magnum-Photos-Marilyn-Monroe.jpg\"><img loading=\"lazy\" decoding=\"async\" class=\"aligncenter size-full wp-image-9040\" title=\"DR Philippe Halsman-@Magnum Photos Marilyn Monroe\" src=\"http:\/\/www.eloriente.net\/home\/wp-content\/uploads\/2013\/03\/DR-Philippe-Halsman-@Magnum-Photos-Marilyn-Monroe.jpg\" alt=\"\" width=\"758\" height=\"594\" \/><\/a><\/p>\n<p>Photo \u00a9 Philippe Halsman\/<a href=\"http:\/\/www.facebook.com\/photo.php?fbid=10151418324994831&amp;set=a.55567984830.63266.15974534830&amp;type=1&amp;theater\" target=\"_blank\">Magnum Photos<\/a><br \/>\nUSA. American actress Marilyn MONROE. 1952.<\/p>\n<p>&nbsp;<\/p>\n<p>&nbsp;<\/p>\n\n\t\t\t  <div \n\t\t\t  \tclass = \"fb-comments\" \n\t\t\t  \tdata-href = \"http:\/\/www.eloriente.net\/home\/2013\/03\/01\/las-10-vistas-de-el_oriente-en-enero-2013\/\"\n\t\t\t  \tdata-numposts = \"10\"\n\t\t\t\tdata-colorscheme = \"dark\"\n\t\t\t\tdata-order-by = \"social\"\n\t\t\t\tdata-mobile=true>\n\t\t\t  <\/div>\n\t\t  <style>\n\t\t\t.fb_iframe_widget_fluid_desktop iframe {\n\t\t\t    width: 100% !important;\n\t\t\t}\n\t\t  <\/style>\n\t\t  ","protected":false},"excerpt":{"rendered":"<p>1 de marzo de 2013 Cada mes, El Oriente publicar\u00e1 esta lista de los contenidos m\u00e1s visitados por nuestros usuarios. Esto, para que aquellos que se han perdido una buena recomendaci\u00f3n, una buena nota, tengan la oportunidad de volver sobre ella, aprender, regocijarse, disfrutar. Hay que recordar que el objetivo de El Oriente es no [&hellip;]<\/p>\n","protected":false},"author":1,"featured_media":9040,"comment_status":"closed","ping_status":"open","sticky":false,"template":"","format":"standard","meta":{"_jetpack_memberships_contains_paid_content":false,"footnotes":""},"categories":[32,13,31],"tags":[],"class_list":["post-9027","post","type-post","status-publish","format-standard","has-post-thumbnail","hentry","category-entradas","category-especiales","category-principal"],"jetpack_featured_media_url":"http:\/\/www.eloriente.net\/home\/wp-content\/uploads\/2013\/03\/DR-Philippe-Halsman-@Magnum-Photos-Marilyn-Monroe-e1362149557795.jpg","jetpack_sharing_enabled":true,"_links":{"self":[{"href":"http:\/\/www.eloriente.net\/home\/wp-json\/wp\/v2\/posts\/9027"}],"collection":[{"href":"http:\/\/www.eloriente.net\/home\/wp-json\/wp\/v2\/posts"}],"about":[{"href":"http:\/\/www.eloriente.net\/home\/wp-json\/wp\/v2\/types\/post"}],"author":[{"embeddable":true,"href":"http:\/\/www.eloriente.net\/home\/wp-json\/wp\/v2\/users\/1"}],"replies":[{"embeddable":true,"href":"http:\/\/www.eloriente.net\/home\/wp-json\/wp\/v2\/comments?post=9027"}],"version-history":[{"count":3,"href":"http:\/\/www.eloriente.net\/home\/wp-json\/wp\/v2\/posts\/9027\/revisions"}],"predecessor-version":[{"id":9046,"href":"http:\/\/www.eloriente.net\/home\/wp-json\/wp\/v2\/posts\/9027\/revisions\/9046"}],"wp:featuredmedia":[{"embeddable":true,"href":"http:\/\/www.eloriente.net\/home\/wp-json\/wp\/v2\/media\/9040"}],"wp:attachment":[{"href":"http:\/\/www.eloriente.net\/home\/wp-json\/wp\/v2\/media?parent=9027"}],"wp:term":[{"taxonomy":"category","embeddable":true,"href":"http:\/\/www.eloriente.net\/home\/wp-json\/wp\/v2\/categories?post=9027"},{"taxonomy":"post_tag","embeddable":true,"href":"http:\/\/www.eloriente.net\/home\/wp-json\/wp\/v2\/tags?post=9027"}],"curies":[{"name":"wp","href":"https:\/\/api.w.org\/{rel}","templated":true}]}}