{"id":9037,"date":"2013-03-01T08:44:56","date_gmt":"2013-03-01T14:44:56","guid":{"rendered":"http:\/\/www.eloriente.net\/home\/?p=9037"},"modified":"2013-03-01T16:22:15","modified_gmt":"2013-03-01T22:22:15","slug":"inicia-mido-en-su-xv-edicion","status":"publish","type":"post","link":"http:\/\/www.eloriente.net\/home\/2013\/03\/01\/inicia-mido-en-su-xv-edicion\/","title":{"rendered":"Inicia Muestra Internacional de Danza Oaxaca 2013"},"content":{"rendered":"<p>eloriente.net\/<a href=\"http:\/\/www.culturasyartes.oaxaca.gob.mx\" target=\"_blank\">Secretar\u00eda de las Culturas y Artes de Oaxaca<\/a><\/p>\n<p>eloriente.net (Oaxaca, Oax.) 1 de marzo de 2013.-\u00a0 Con el espect\u00e1culo \u00abShakespeare y la luna siempre\u00bb que se llevar\u00e1 a cabo este viernes a las 20:15 hrs., en el Teatro Macedonio Alcal\u00e1, dar\u00e1 inicio la Muestra Internacional de Danza Oaxaca 2013, la cual se realizar\u00e1 por d\u00e9cima quinta ocasi\u00f3n del 1 al 9 de marzo en la capital oaxaque\u00f1a.<\/p>\n<p>Las y los amantes de la m\u00fasica y la danza podremos deleitarnos con la participaci\u00f3n de compa\u00f1\u00edas internacionales de danza como: \u201cAbundanza\u201d (Chile), \u201cInquiquitante\u201d (Espa\u00f1a) y\u201cEl Escote\u201d (Argentina). De M\u00e9xico estar\u00e1n presentes: \u201cViva Flamenco\u201d, \u201ciO Artes Esc\u00e9nicas\u201d, \u201cTierra Independiente\u201d, \u201cCressida\u201d, \u201cCuatro x cuatro\u201d y \u201cTandem\u201d.<\/p>\n<p>Por parte de nuestro estado se presentar\u00e1n la \u201cCompa\u00f1\u00eda Estatal de Danza Contempor\u00e1nea\u201d, Compa\u00f1\u00eda \u201cPunto Cero\u201d danza contempor\u00e1nea, \u201cQuimerina\u201d ballet cl\u00e1sico y 10 agrupaciones de int\u00e9rpretes de la \u201cMonumental Danza de la Pluma\u201d, Chinas Oaxaque\u00f1as y Zancudos de la Villa de Zaachila.<\/p>\n<p>Como cada a\u00f1o, los recintos que albergar\u00e1n dichos eventos culturales ser\u00e1n: Teatro Macedonio Alcal\u00e1,\u00a0Teatro Ju\u00e1rez,\u00a0Jard\u00edn El Pa\u00f1uelito, la Plaza de la Danza y la Casa de la Cultura Oaxaque\u00f1a, en los cuales se llevar\u00e1n a cabo talleres de danza contempor\u00e1nea\u00a0 y artes visuales afines a la danza, adem\u00e1s se realizar\u00e1 una conferencia magistral impartida por la core\u00f3grafa chilena Isabel Croxatto y una exposici\u00f3n fotogr\u00e1fica tem\u00e1tica.<\/p>\n<p>Cabe destacar que la Muestra Internacional de Danza (MIDO), tiene sus\u00a0or\u00edgenes\u00a0en el a\u00f1o 1999 con el nombre de \u201cPrimer Festival del D\u00eda Internacional de la Danza\u201d, surgido por iniciativa de Gerardo Ib\u00e1\u00f1ez, responsable del Grupo Representativo de Danza Contempor\u00e1nea de la Casa de la Cultura Oaxaque\u00f1a (CCO), con el objetivo inicial de difundir la disciplina art\u00edstica.<\/p>\n<p>En la actualidad, la MIDO es uno de los espacios de convergencia danc\u00edstica m\u00e1s conocidos a nivel nacional y en este 2013 las actividades se han reforzado con la implementaci\u00f3n de talleres, cursos, conferencias, fotograf\u00eda y exposiciones.<\/p>\n<p>Para revisar la cartelera de las actividades de la MIDO 2013 te invitamos a dar click <a href=\"http:\/\/www.culturasyartes.oaxaca.gob.mx\/?p=5917&amp;utm_source=rss&amp;utm_medium=rss&amp;utm_campaign=muestra-internacional-de-danza-2013\" target=\"_blank\">AQU\u00cd<\/a>.<\/p>\n<p>&nbsp;<\/p>\n<figure id=\"attachment_9038\" aria-describedby=\"caption-attachment-9038\" style=\"width: 400px\" class=\"wp-caption alignnone\"><a href=\"http:\/\/www.eloriente.net\/home\/wp-content\/uploads\/2013\/03\/mido-oaxaca-2013.jpg\"><img loading=\"lazy\" decoding=\"async\" class=\"size-full wp-image-9038\" src=\"http:\/\/www.eloriente.net\/home\/wp-content\/uploads\/2013\/03\/mido-oaxaca-2013.jpg\" alt=\"MIDO 2013\" width=\"400\" height=\"275\" srcset=\"http:\/\/www.eloriente.net\/home\/wp-content\/uploads\/2013\/03\/mido-oaxaca-2013.jpg 400w, http:\/\/www.eloriente.net\/home\/wp-content\/uploads\/2013\/03\/mido-oaxaca-2013-300x206.jpg 300w\" sizes=\"(max-width: 400px) 100vw, 400px\" \/><\/a><figcaption id=\"caption-attachment-9038\" class=\"wp-caption-text\">MIDO 2013<\/figcaption><\/figure>\n<p><span class=\"embed-youtube\" style=\"text-align:center; display: block;\"><iframe loading=\"lazy\" class=\"youtube-player\" width=\"640\" height=\"360\" src=\"https:\/\/www.youtube.com\/embed\/xROk0ypXfUc?version=3&#038;rel=1&#038;showsearch=0&#038;showinfo=1&#038;iv_load_policy=1&#038;fs=1&#038;hl=es-ES&#038;autohide=2&#038;wmode=transparent\" allowfullscreen=\"true\" style=\"border:0;\" sandbox=\"allow-scripts allow-same-origin allow-popups allow-presentation allow-popups-to-escape-sandbox\"><\/iframe><\/span><\/p>\n\n\t\t\t  <div \n\t\t\t  \tclass = \"fb-comments\" \n\t\t\t  \tdata-href = \"http:\/\/www.eloriente.net\/home\/2013\/03\/01\/inicia-mido-en-su-xv-edicion\/\"\n\t\t\t  \tdata-numposts = \"10\"\n\t\t\t\tdata-colorscheme = \"dark\"\n\t\t\t\tdata-order-by = \"social\"\n\t\t\t\tdata-mobile=true>\n\t\t\t  <\/div>\n\t\t  <style>\n\t\t\t.fb_iframe_widget_fluid_desktop iframe {\n\t\t\t    width: 100% !important;\n\t\t\t}\n\t\t  <\/style>\n\t\t  ","protected":false},"excerpt":{"rendered":"<p>eloriente.net\/Secretar\u00eda de las Culturas y Artes de Oaxaca eloriente.net (Oaxaca, Oax.) 1 de marzo de 2013.-\u00a0 Con el espect\u00e1culo \u00abShakespeare y la luna siempre\u00bb que se llevar\u00e1 a cabo este viernes a las 20:15 hrs., en el Teatro Macedonio Alcal\u00e1, dar\u00e1 inicio la Muestra Internacional de Danza Oaxaca 2013, la cual se realizar\u00e1 por d\u00e9cima [&hellip;]<\/p>\n","protected":false},"author":1,"featured_media":9038,"comment_status":"closed","ping_status":"open","sticky":false,"template":"","format":"standard","meta":{"_jetpack_memberships_contains_paid_content":false,"footnotes":""},"categories":[8,29,49,18,32,10],"tags":[],"class_list":["post-9037","post","type-post","status-publish","format-standard","has-post-thumbnail","hentry","category-agenda","category-capital","category-destacadas","category-educacion-y-cultura","category-entradas","category-lo-mas-reciente"],"jetpack_featured_media_url":"http:\/\/www.eloriente.net\/home\/wp-content\/uploads\/2013\/03\/mido-oaxaca-2013.jpg","jetpack_sharing_enabled":true,"_links":{"self":[{"href":"http:\/\/www.eloriente.net\/home\/wp-json\/wp\/v2\/posts\/9037"}],"collection":[{"href":"http:\/\/www.eloriente.net\/home\/wp-json\/wp\/v2\/posts"}],"about":[{"href":"http:\/\/www.eloriente.net\/home\/wp-json\/wp\/v2\/types\/post"}],"author":[{"embeddable":true,"href":"http:\/\/www.eloriente.net\/home\/wp-json\/wp\/v2\/users\/1"}],"replies":[{"embeddable":true,"href":"http:\/\/www.eloriente.net\/home\/wp-json\/wp\/v2\/comments?post=9037"}],"version-history":[{"count":11,"href":"http:\/\/www.eloriente.net\/home\/wp-json\/wp\/v2\/posts\/9037\/revisions"}],"predecessor-version":[{"id":9041,"href":"http:\/\/www.eloriente.net\/home\/wp-json\/wp\/v2\/posts\/9037\/revisions\/9041"}],"wp:featuredmedia":[{"embeddable":true,"href":"http:\/\/www.eloriente.net\/home\/wp-json\/wp\/v2\/media\/9038"}],"wp:attachment":[{"href":"http:\/\/www.eloriente.net\/home\/wp-json\/wp\/v2\/media?parent=9037"}],"wp:term":[{"taxonomy":"category","embeddable":true,"href":"http:\/\/www.eloriente.net\/home\/wp-json\/wp\/v2\/categories?post=9037"},{"taxonomy":"post_tag","embeddable":true,"href":"http:\/\/www.eloriente.net\/home\/wp-json\/wp\/v2\/tags?post=9037"}],"curies":[{"name":"wp","href":"https:\/\/api.w.org\/{rel}","templated":true}]}}