{"id":9051,"date":"2013-03-01T10:06:30","date_gmt":"2013-03-01T16:06:30","guid":{"rendered":"http:\/\/www.eloriente.net\/home\/?p=9051"},"modified":"2013-03-01T10:06:30","modified_gmt":"2013-03-01T16:06:30","slug":"directiva-de-guerreros-de-oaxaca-anuncia-nuevos-integrantes","status":"publish","type":"post","link":"http:\/\/www.eloriente.net\/home\/2013\/03\/01\/directiva-de-guerreros-de-oaxaca-anuncia-nuevos-integrantes\/","title":{"rendered":"Directiva de Guerreros de Oaxaca anuncia nuevos integrantes"},"content":{"rendered":"<p>eloriente.net\/ <a href=\"http:\/\/www.guerrerosdeoaxaca.com.mx\" target=\"_blank\">Guerreros de Oaxaca<\/a><\/p>\n<p>1 de marzo de 2013<\/p>\n<p>eloriente.net (Oaxaca, Oax.) 1 de marzo de 2013.-<em><\/em><em> <\/em>La directiva de Guerreros de Oaxaca inform\u00f3 a trav\u00e9s de un comunicado publicado en su <a href=\"http:\/\/www.guerrerosdeoaxaca.com.mx\" target=\"_blank\">sitio<\/a> de internet, la integraci\u00f3n de los jugadores <em>Iv\u00e1n Villaescusa y Jos\u00e9 Jes\u00fas Mart\u00ednez,<\/em> ambos procedentes de Diablos Rojos del M\u00e9xico, en intercambio del tercera base Sergio Omar Gastelum.<\/p>\n<p>Dichos jugadores se unen a los Guerreros con la finalidad de reforzar la base mexicana para la temporada 2013 de la Liga Mexicana de B\u00e9isbol (LMB).<\/p>\n<p>Con veintis\u00e9is a\u00f1os de edad y originario de Ciudad Obreg\u00f3n, Sonora, el receptor Iv\u00e1n Antonio Villaescusa, particip\u00f3 en 2012 en la Liga Mexicana del Pac\u00edfico (LMP) con los Mayos de Navojoa, bateando para .286 en 9 encuentros.<\/p>\n<p>Por su parte, originario de Nuevo Laredo Tamaulipas y con 22 a\u00f1os de edad, Jos\u00e9 Jes\u00fas Mart\u00ednez, tuvo participaci\u00f3n en 2012\u00a0en la Liga Norte de M\u00e9xico (LNM)\u00a0con Marineros de Ensenada, quedando campeones al vencer a\u00a0Tiburones de Puerto Pe\u00f1asco. Adem\u00e1s form\u00f3 parte del roster de los Diablos Rojos del Tepic,\u00a0sucursal de desarrollo de Diablos Rojos del M\u00e9xico y Guerreros de Oaxaca en la Liga de B\u00e9isbol del Noroeste de M\u00e9xico (LBN), en donde tuvo una destacada participaci\u00f3n.<\/p>\n<p><strong>Iv\u00e1n Antonio Villaescusa<\/strong><\/p>\n<p>Posici\u00f3n: Catcher<\/p>\n<p>Lugar de Nacimiento: Ciudad Obreg\u00f3n, Sonora, M\u00e9xico.<\/p>\n<p>Fecha de Nacimiento: 13\/10\/1986<\/p>\n<p>Edad: 26 a\u00f1os<\/p>\n<p>Batea \/ Tira:\u00a0\u00a0 Z\/D<\/p>\n<p><strong>Jos\u00e9 Jes\u00fas Mart\u00ednez<\/strong><\/p>\n<p>Posici\u00f3n: Infielder<\/p>\n<p>Lugar de Nacimiento: Nuevo Laredo Tamaulipas.<\/p>\n<p>Fecha de nacimiento: 06\/01\/1990<\/p>\n<p>Edad: 22 a\u00f1os<\/p>\n<p>Batea \/ Tira:\u00a0\u00a0 D\/D<\/p>\n<p>&nbsp;<\/p>\n<p><a href=\"http:\/\/www.eloriente.net\/home\/wp-content\/uploads\/2013\/03\/guerreros-de-oaxaca-nuevos-integrantes.jpg\"><img loading=\"lazy\" decoding=\"async\" class=\"aligncenter size-full wp-image-9053\" title=\"guerreros de oaxaca nuevos integrantes\" src=\"http:\/\/www.eloriente.net\/home\/wp-content\/uploads\/2013\/03\/guerreros-de-oaxaca-nuevos-integrantes.jpg\" alt=\"\" width=\"595\" height=\"225\" srcset=\"http:\/\/www.eloriente.net\/home\/wp-content\/uploads\/2013\/03\/guerreros-de-oaxaca-nuevos-integrantes.jpg 595w, http:\/\/www.eloriente.net\/home\/wp-content\/uploads\/2013\/03\/guerreros-de-oaxaca-nuevos-integrantes-300x113.jpg 300w\" sizes=\"(max-width: 595px) 100vw, 595px\" \/><\/a>t<\/p>\n\n\t\t\t  <div \n\t\t\t  \tclass = \"fb-comments\" \n\t\t\t  \tdata-href = \"http:\/\/www.eloriente.net\/home\/2013\/03\/01\/directiva-de-guerreros-de-oaxaca-anuncia-nuevos-integrantes\/\"\n\t\t\t  \tdata-numposts = \"10\"\n\t\t\t\tdata-colorscheme = \"dark\"\n\t\t\t\tdata-order-by = \"social\"\n\t\t\t\tdata-mobile=true>\n\t\t\t  <\/div>\n\t\t  <style>\n\t\t\t.fb_iframe_widget_fluid_desktop iframe {\n\t\t\t    width: 100% !important;\n\t\t\t}\n\t\t  <\/style>\n\t\t  ","protected":false},"excerpt":{"rendered":"<p>eloriente.net\/ Guerreros de Oaxaca 1 de marzo de 2013 eloriente.net (Oaxaca, Oax.) 1 de marzo de 2013.- La directiva de Guerreros de Oaxaca inform\u00f3 a trav\u00e9s de un comunicado publicado en su sitio de internet, la integraci\u00f3n de los jugadores Iv\u00e1n Villaescusa y Jos\u00e9 Jes\u00fas Mart\u00ednez, ambos procedentes de Diablos Rojos del M\u00e9xico, en intercambio [&hellip;]<\/p>\n","protected":false},"author":1,"featured_media":9053,"comment_status":"closed","ping_status":"open","sticky":false,"template":"","format":"standard","meta":{"_jetpack_memberships_contains_paid_content":false,"footnotes":""},"categories":[29,15,32,10],"tags":[],"class_list":["post-9051","post","type-post","status-publish","format-standard","has-post-thumbnail","hentry","category-capital","category-deportes","category-entradas","category-lo-mas-reciente"],"jetpack_featured_media_url":"http:\/\/www.eloriente.net\/home\/wp-content\/uploads\/2013\/03\/guerreros-de-oaxaca-nuevos-integrantes.jpg","jetpack_sharing_enabled":true,"_links":{"self":[{"href":"http:\/\/www.eloriente.net\/home\/wp-json\/wp\/v2\/posts\/9051"}],"collection":[{"href":"http:\/\/www.eloriente.net\/home\/wp-json\/wp\/v2\/posts"}],"about":[{"href":"http:\/\/www.eloriente.net\/home\/wp-json\/wp\/v2\/types\/post"}],"author":[{"embeddable":true,"href":"http:\/\/www.eloriente.net\/home\/wp-json\/wp\/v2\/users\/1"}],"replies":[{"embeddable":true,"href":"http:\/\/www.eloriente.net\/home\/wp-json\/wp\/v2\/comments?post=9051"}],"version-history":[{"count":2,"href":"http:\/\/www.eloriente.net\/home\/wp-json\/wp\/v2\/posts\/9051\/revisions"}],"predecessor-version":[{"id":9058,"href":"http:\/\/www.eloriente.net\/home\/wp-json\/wp\/v2\/posts\/9051\/revisions\/9058"}],"wp:featuredmedia":[{"embeddable":true,"href":"http:\/\/www.eloriente.net\/home\/wp-json\/wp\/v2\/media\/9053"}],"wp:attachment":[{"href":"http:\/\/www.eloriente.net\/home\/wp-json\/wp\/v2\/media?parent=9051"}],"wp:term":[{"taxonomy":"category","embeddable":true,"href":"http:\/\/www.eloriente.net\/home\/wp-json\/wp\/v2\/categories?post=9051"},{"taxonomy":"post_tag","embeddable":true,"href":"http:\/\/www.eloriente.net\/home\/wp-json\/wp\/v2\/tags?post=9051"}],"curies":[{"name":"wp","href":"https:\/\/api.w.org\/{rel}","templated":true}]}}