{"id":9057,"date":"2013-03-01T08:20:16","date_gmt":"2013-03-01T14:20:16","guid":{"rendered":"http:\/\/www.eloriente.net\/home\/?p=9057"},"modified":"2013-03-01T10:13:34","modified_gmt":"2013-03-01T16:13:34","slug":"arranca-la-28-edicion-del-festival-internacional-de-cine-en-guadalajara-ficg28-2","status":"publish","type":"post","link":"http:\/\/www.eloriente.net\/home\/2013\/03\/01\/arranca-la-28-edicion-del-festival-internacional-de-cine-en-guadalajara-ficg28-2\/","title":{"rendered":"Arranca la 28 edici\u00f3n del Festival Internacional de Cine en Guadalajara (FICG28)"},"content":{"rendered":"<div>eloriente.net\/ <a href=\"https:\/\/www.ficg.mx\" target=\"_blank\">FICG28<\/a><\/div>\n<div><\/div>\n<div>1 de marzo de 2013<\/div>\n<div><\/div>\n<div>eloriente.net (Oaxca, Oax.) 1 de \u00a0marzo de 2013.- Hoy inicia en su vig\u00e9sima octava edici\u00f3n uno de los festivales de cine m\u00e1s importantes de Latinoam\u00e9rica, el Festival Internacional de Cine en Guadalajara (FICG), un acontecimiento cultural de gran relevancia para la ciudad de Guadalajara, y para el pa\u00eds representa uno de los escaparates para la apreciaci\u00f3n, difusi\u00f3n, promoci\u00f3n y distribuci\u00f3n \u00a0m\u00e1s importantes del cine mexicano e iberoamericano.<\/div>\n<div><\/div>\n<div>En su mensaje de bienvenida, Iv\u00e1n Trujillo Bolio, Director del FIGG, expres\u00f3 los ejes que gu\u00edan a dicho festival: \u00abCrear, brindar una panor\u00e1mica de la creatividad y el vigor de nuestros cineastas, as\u00ed como asegurar puntos de encuentro que engloben a la industria, el mercado y la formaci\u00f3n de nuevas generaciones\u00bb.<\/div>\n<div><\/div>\n<div>A partir de este viernes y hasta el 9 de marzo de 2013, se llevar\u00e1n a cabo proyecciones, presentaciones, entrega de reconocimientos a figuras que han cosechado logros en el \u00e1mbito cinematogr\u00e1fico y diversas galas. Cabe destacar que estas \u00faltimas son con fines ben\u00e9ficos y se realizar\u00e1n en el Teatro Diana, apoyando de esta forma a organizaciones como:\u00a0Fundaci\u00f3n Omnilife, Cordica 21, Nosotros por los ni\u00f1os por c\u00e1ncer, Mes\u00f3n de la Misericordia Divina, Lazos IAP, Cruz Roja Mexicana Delegaci\u00f3n Estatal Jalisco, Fundaci\u00f3n Hospitales Civiles de Guadalajara, Fundaci\u00f3n Universidad de Guadalajara, Centro de Equitaci\u00f3n Terap\u00e9utica Lim\u00f3n, Casa Hogar Naandi, Corporativa de Fundaciones y ODES.<\/div>\n<p>Las pel\u00edculas que se proyectar\u00e1n en las galas son:<\/p>\n<p>Viernes 1 de marzo de 2013 a las 21:00, \u00abEl artista y la modelo\u00bb- dirigida por FernandoTrueba &#8211;\u00a0(Espa\u00f1a-2012).<\/p>\n<p>Domingo 3 de marzo de 2013 a las 21:00, \u00abCiudadano Buelna\u00bb &#8211; dirigida por Felipe Cazals &#8211;\u00a0(M\u00e9xico-2013).<\/p>\n<p>Lunes 4 de marzo de 2013 a las 21:00, \u00abLa \u00faltima palabra\u00bb &#8211; dirigida por Jan Troell &#8211;\u00a0(Suecia-2012).<\/p>\n<p>Martes 5 de marzo de 2013 a las 21:00, \u00abGrupo 7\u00bb &#8211; \u00a0dirigida por Alberto Rodr\u00edguez &#8211;\u00a0(Espa\u00f1a-2012).<\/p>\n<p>Mi\u00e9rcoles 6 de marzo de 2013 a las 21:00, \u00abCentro Hist\u00f3rico\u00bb &#8211; dirigida por Pedro Costa, Manoel de Oliveira, V\u00edctor Erice y Aki Kaurism\u00e4ki &#8211;\u00a0(Portugal-2012).<\/p>\n<p>Jueves 7 de marzo de 2013 a las 21:00, \u00abMadre\u00bb &#8211; dirigida por Mabel Lozano &#8211;\u00a0(Espa\u00f1a-2012).<\/p>\n<p>Viernes 8 de marzo de 2013 a las 21:00, \u00abTodos Tenemos un Plan\u00bb &#8211; dirigida por Ana Piterbarg &#8211;\u00a0\u00a0(Argentina, Espa\u00f1a, Alemania-2012).<\/p>\n<div>\n<div><\/div>\n<div>Para mayor informaci\u00f3n de las actividades del FICG 28 pulsa <a href=\"https:\/\/www.ficg.mx\" target=\"_blank\">AQU\u00cd<\/a>.<\/div>\n<\/div>\n<div><\/div>\n<div><\/div>\n<div><\/div>\n<div><a href=\"http:\/\/www.eloriente.net\/home\/wp-content\/uploads\/2013\/03\/Captura-de-pantalla-2013-03-01-a-las-08.08.19.png\"><img loading=\"lazy\" decoding=\"async\" class=\"size-full wp-image-9030\" src=\"http:\/\/www.eloriente.net\/home\/wp-content\/uploads\/2013\/03\/Captura-de-pantalla-2013-03-01-a-las-08.08.19.png\" alt=\"28\u00ba Festival Internacional de Cine en Guadalajara\/ FICG28\" width=\"1023\" height=\"684\" srcset=\"http:\/\/www.eloriente.net\/home\/wp-content\/uploads\/2013\/03\/Captura-de-pantalla-2013-03-01-a-las-08.08.19.png 1023w, http:\/\/www.eloriente.net\/home\/wp-content\/uploads\/2013\/03\/Captura-de-pantalla-2013-03-01-a-las-08.08.19-300x200.png 300w\" sizes=\"(max-width: 1023px) 100vw, 1023px\" \/><\/a><\/div>\n<div><\/div>\n<div><\/div>\n<div>@El_Oriente te comparte el videominuto Premio Maguey 2013, que fue dirigido por Rub\u00e9n R. Ba\u00f1uelos\u00a0quien ha trabajado como director de fotograf\u00eda en cortometrajes y documentales, y participado en varios proyectos de televisi\u00f3n de la Universidad de Guadalajara. Dicho material fue sonorizado principalmente por violines, y estuvieron a cargo de\u00a0Abigail V\u00e1zquez, m\u00fasico de profesi\u00f3n, quien ha colaborado en proyectos de cine, teatro y televisi\u00f3n.<\/div>\n<div><\/div>\n<div><\/div>\n<p><span class=\"embed-youtube\" style=\"text-align:center; display: block;\"><iframe loading=\"lazy\" class=\"youtube-player\" width=\"640\" height=\"360\" src=\"https:\/\/www.youtube.com\/embed\/suyoKDNcm2Y?version=3&#038;rel=1&#038;showsearch=0&#038;showinfo=1&#038;iv_load_policy=1&#038;fs=1&#038;hl=es-ES&#038;autohide=2&#038;wmode=transparent\" allowfullscreen=\"true\" style=\"border:0;\" sandbox=\"allow-scripts allow-same-origin allow-popups allow-presentation allow-popups-to-escape-sandbox\"><\/iframe><\/span><\/p>\n\n\t\t\t  <div \n\t\t\t  \tclass = \"fb-comments\" \n\t\t\t  \tdata-href = \"http:\/\/www.eloriente.net\/home\/2013\/03\/01\/arranca-la-28-edicion-del-festival-internacional-de-cine-en-guadalajara-ficg28-2\/\"\n\t\t\t  \tdata-numposts = \"10\"\n\t\t\t\tdata-colorscheme = \"dark\"\n\t\t\t\tdata-order-by = \"social\"\n\t\t\t\tdata-mobile=true>\n\t\t\t  <\/div>\n\t\t  <style>\n\t\t\t.fb_iframe_widget_fluid_desktop iframe {\n\t\t\t    width: 100% !important;\n\t\t\t}\n\t\t  <\/style>\n\t\t  ","protected":false},"excerpt":{"rendered":"<p>eloriente.net\/ FICG28 1 de marzo de 2013 eloriente.net (Oaxca, Oax.) 1 de \u00a0marzo de 2013.- Hoy inicia en su vig\u00e9sima octava edici\u00f3n uno de los festivales de cine m\u00e1s importantes de Latinoam\u00e9rica, el Festival Internacional de Cine en Guadalajara (FICG), un acontecimiento cultural de gran relevancia para la ciudad de Guadalajara, y para el pa\u00eds [&hellip;]<\/p>\n","protected":false},"author":1,"featured_media":9030,"comment_status":"closed","ping_status":"open","sticky":false,"template":"","format":"standard","meta":{"_jetpack_memberships_contains_paid_content":false,"footnotes":""},"categories":[56,49,18,32,10,31],"tags":[],"class_list":["post-9057","post","type-post","status-publish","format-standard","has-post-thumbnail","hentry","category-cine","category-destacadas","category-educacion-y-cultura","category-entradas","category-lo-mas-reciente","category-principal"],"jetpack_featured_media_url":"http:\/\/www.eloriente.net\/home\/wp-content\/uploads\/2013\/03\/Captura-de-pantalla-2013-03-01-a-las-08.08.19.png","jetpack_sharing_enabled":true,"_links":{"self":[{"href":"http:\/\/www.eloriente.net\/home\/wp-json\/wp\/v2\/posts\/9057"}],"collection":[{"href":"http:\/\/www.eloriente.net\/home\/wp-json\/wp\/v2\/posts"}],"about":[{"href":"http:\/\/www.eloriente.net\/home\/wp-json\/wp\/v2\/types\/post"}],"author":[{"embeddable":true,"href":"http:\/\/www.eloriente.net\/home\/wp-json\/wp\/v2\/users\/1"}],"replies":[{"embeddable":true,"href":"http:\/\/www.eloriente.net\/home\/wp-json\/wp\/v2\/comments?post=9057"}],"version-history":[{"count":4,"href":"http:\/\/www.eloriente.net\/home\/wp-json\/wp\/v2\/posts\/9057\/revisions"}],"predecessor-version":[{"id":9065,"href":"http:\/\/www.eloriente.net\/home\/wp-json\/wp\/v2\/posts\/9057\/revisions\/9065"}],"wp:featuredmedia":[{"embeddable":true,"href":"http:\/\/www.eloriente.net\/home\/wp-json\/wp\/v2\/media\/9030"}],"wp:attachment":[{"href":"http:\/\/www.eloriente.net\/home\/wp-json\/wp\/v2\/media?parent=9057"}],"wp:term":[{"taxonomy":"category","embeddable":true,"href":"http:\/\/www.eloriente.net\/home\/wp-json\/wp\/v2\/categories?post=9057"},{"taxonomy":"post_tag","embeddable":true,"href":"http:\/\/www.eloriente.net\/home\/wp-json\/wp\/v2\/tags?post=9057"}],"curies":[{"name":"wp","href":"https:\/\/api.w.org\/{rel}","templated":true}]}}