{"id":9164,"date":"2013-03-04T07:51:46","date_gmt":"2013-03-04T13:51:46","guid":{"rendered":"http:\/\/www.eloriente.net\/home\/?p=9164"},"modified":"2013-03-04T09:38:40","modified_gmt":"2013-03-04T15:38:40","slug":"se-rinde-homenaje-al-cuec-por-su-50-aniversario-en-el-marco-del-festival-internacional-de-cine-en-guadalajara-2013","status":"publish","type":"post","link":"http:\/\/www.eloriente.net\/home\/2013\/03\/04\/se-rinde-homenaje-al-cuec-por-su-50-aniversario-en-el-marco-del-festival-internacional-de-cine-en-guadalajara-2013\/","title":{"rendered":"Homenaje por 50 Aniversario del CUEC en el marco del FICG28"},"content":{"rendered":"<p>eloriente.net\/ <a href=\"https:\/\/www.ficg.mx\" target=\"_blank\">FICG28<\/a>\/ <a href=\"http:\/\/www.cuec2010.unam.mx\" target=\"_blank\">CUEC\u00a0<\/a><\/p>\n<p>4 de marzo de 2013<\/p>\n<p>eloriente.net (Oaxaca,Oax.) 4 de marzo de 2013.- Este lunes 4 de marzo a las 10:30 horas, el Festival Internacional de Cine en Guadalajara (FICG28) realizar\u00e1 un homenaje al Centro Universitario de Estudios Cinematogr\u00e1ficos (CUEC), por su 50 aniversario, inform\u00f3 la sala de prensa de dicho festival.<\/p>\n<p>El homenaje se realizar\u00e1 en el Paraninfo Enrique D\u00edaz de Le\u00f3n de la Universidad de Guadalajara en compa\u00f1\u00eda del Dr. Marco Antonio Cort\u00e9s Guardado, Rector General de la Universidad de Guadalajara; del Bi\u00f3logo Iv\u00e1n Trujillo, Director del Festival Internacional de Cine en Guadalajara (FICG28) y del Cineasta Jos\u00e9 Felipe Coria, Director del CUEC-UNAM, en el evento se contar\u00e1 tambi\u00e9n con la presencia de los cineastas Roberto Fiesco, Boris Goldenblank y Armando Casas, del ex Director del CUEC, Mitl Valdez y del editor Rodolfo Pel\u00e1ez.<\/p>\n<p>Como parte del festejo del 50 aniversario del CUEC, el FICG28 ofrecer\u00e1 una muestra retrospectiva de cortometrajes realizados por estudiantes de dicha instituci\u00f3n cinematogr\u00e1fica.<\/p>\n<p>En el Programa de Ficci\u00f3n del CUEC 50 a\u00f1os, se presentar\u00e1n este lunes 4 de marzo a las 18:30 horas, en la Sala Ernesto G\u00f3mez Cruz de Expo Guadalajara, los cortometrajes: <em>Cuarteto para el fin del tiempo<\/em> y <em>Who\u2019s he Anyway, <\/em>de Alfonso Cuar\u00f3n; <em>Ejercicio de 2do a\u00f1o, <\/em>de Emmanuel Lubezki y <em>Vengeance is mine,<\/em> de Luis Estrada. Este programa tambi\u00e9n se exhibir\u00e1 el d\u00eda mi\u00e9rcoles 6 de marzo en la Sala 3 de Cin\u00e9polis Centro Magno a las 16:30 horas.<\/p>\n<p>En tanto en el Programa de Documental del CUEC 50 a\u00f1os, se presentar\u00e1n el pr\u00f3ximo jueves 7 de marzo en la Sala 3 de Cin\u00e9polis Centro Magno a las 16:30 horas los trabajos f\u00edlmicos: <em>Pepenadores,<\/em> de Rogelio Mart\u00ednez Merling; <em>No todo es permanente<\/em>, de Fernando Eimbcke Damy; <em>El charro misterioso<\/em>, de Jos\u00e9 Manuel Cravioto; <em>El alebrije creador<\/em>, de Olimpia Quintanilla; <em>Bajo tierra<\/em>, de Lola Ovando y Juan Manuel Sep\u00falveda, y <em>R\u00edo Lerma<\/em> de Esteban Arrangoiz.<\/p>\n<p>Forman parte del CUEC 50 a\u00f1os tambi\u00e9n los cortometrajes <em>Jerusal\u00e9n,<\/em> de Alicia Segovia y <em>Corre sin mirar atr\u00e1s, <\/em>de Luis Mariano Garc\u00eda, mismos que figuran dentro de la Selecci\u00f3n Oficial en Competencia de Cortometraje Iberoamericano del FICG28.<\/p>\n<p>@El_Oriente te comparte los siguientes datos relevantes del la historia del CUEC:<\/p>\n<p>El Centro Universitario de Estudios Cinematogr\u00e1ficos (CUEC) de la Universidad Nacional Aut\u00f3noma de M\u00e9xico (UNAM) es la escuela de cine m\u00e1s antigua de Am\u00e9rica Latina y una de las m\u00e1s prestigiadas del mundo,\u00a0 naci\u00f3 en 1963 y desde entonces ha impactado a los medios audiovisuales, tanto locales como internacionales.<\/p>\n<p>El compromiso social de la escuela se vio refrendado r\u00e1pidamente cuando en 1968, sus estudiantes filmaron el movimiento estudiantil mexicano cuyas im\u00e1genes conformar\u00edan el largometraje documental <em>El grito<\/em> y se convertir\u00edan en las m\u00e1s reproducidas de la historia contempor\u00e1nea de M\u00e9xico.<\/p>\n<p>Su matr\u00edcula actual es de 15 estudiantes por a\u00f1o, escogidos de un promedio de 500 aspirantes que presentan su examen de ingreso anualmente.<\/p>\n<p>De sus aulas han egresado cineastas como Jorge Fons (director de <em>El callej\u00f3n de los milagros<\/em>, reconocido cineastas mexicano), Alfonso Cuar\u00f3n (director de <em>Y tu mam\u00e1 tambi\u00e9n<\/em>, <em>Children of men<\/em> y <em>Harry Potter and the Prisoner of Azkaban<\/em>), Alfredo Joskowicz (director y funcionario cinematogr\u00e1fico), Emmanuel Lubezki (cinefot\u00f3grafo, nominado al Oscar en 4 ocasiones), Marcela Fern\u00e1ndez Violante y Mar\u00eda Novaro (cineastas pioneras en el cine mexicano), Juan Mora Catlett (director de largometrajes hablados en lenguas ind\u00edgenas), Carlos Mendoza (investigador y realizador con m\u00e1s 50 documentales de inter\u00e9s social), Carlos Bolado (nominado al Oscar en 2002), Fernando Eimbcke (director de <em>Temporada de patos<\/em>, considerado en el 2005 \u00abVariety&#8217;s Ten Directors to Watch\u00bb y ganador del premio Alfred Bauer del Festival de Berl\u00edn en 2009), Juli\u00e1n Hern\u00e1ndez (director y escritor, ganador del Teddy Bear en dos ocasiones en el Festival Internacional de Cine de Berl\u00edn en 2006 y 2009), Ernesto Contreras (director de <em>P\u00e1rpados azules<\/em>, selecci\u00f3n oficial de la Semana Internacional de la Cr\u00edtica del Festival de Cannes 2007), Alejandra S\u00e1nchez (documentalista, nominada al premio del Jurado del Festival Sundance 2007).<\/p>\n<p><a href=\"http:\/\/www.eloriente.net\/home\/wp-content\/uploads\/2013\/03\/50aniversarioCUEC_UNAM.jpg\"><img loading=\"lazy\" decoding=\"async\" class=\"alignnone size-full wp-image-9165\" src=\"http:\/\/www.eloriente.net\/home\/wp-content\/uploads\/2013\/03\/50aniversarioCUEC_UNAM.jpg\" alt=\"\" width=\"875\" height=\"272\" srcset=\"http:\/\/www.eloriente.net\/home\/wp-content\/uploads\/2013\/03\/50aniversarioCUEC_UNAM.jpg 875w, http:\/\/www.eloriente.net\/home\/wp-content\/uploads\/2013\/03\/50aniversarioCUEC_UNAM-300x93.jpg 300w\" sizes=\"(max-width: 875px) 100vw, 875px\" \/><\/a><\/p>\n\n\t\t\t  <div \n\t\t\t  \tclass = \"fb-comments\" \n\t\t\t  \tdata-href = \"http:\/\/www.eloriente.net\/home\/2013\/03\/04\/se-rinde-homenaje-al-cuec-por-su-50-aniversario-en-el-marco-del-festival-internacional-de-cine-en-guadalajara-2013\/\"\n\t\t\t  \tdata-numposts = \"10\"\n\t\t\t\tdata-colorscheme = \"dark\"\n\t\t\t\tdata-order-by = \"social\"\n\t\t\t\tdata-mobile=true>\n\t\t\t  <\/div>\n\t\t  <style>\n\t\t\t.fb_iframe_widget_fluid_desktop iframe {\n\t\t\t    width: 100% !important;\n\t\t\t}\n\t\t  <\/style>\n\t\t  ","protected":false},"excerpt":{"rendered":"<p>eloriente.net\/ FICG28\/ CUEC\u00a0 4 de marzo de 2013 eloriente.net (Oaxaca,Oax.) 4 de marzo de 2013.- Este lunes 4 de marzo a las 10:30 horas, el Festival Internacional de Cine en Guadalajara (FICG28) realizar\u00e1 un homenaje al Centro Universitario de Estudios Cinematogr\u00e1ficos (CUEC), por su 50 aniversario, inform\u00f3 la sala de prensa de dicho festival. El [&hellip;]<\/p>\n","protected":false},"author":1,"featured_media":9165,"comment_status":"closed","ping_status":"open","sticky":false,"template":"","format":"standard","meta":{"_jetpack_memberships_contains_paid_content":false,"footnotes":""},"categories":[8,56,18,32,10],"tags":[],"class_list":["post-9164","post","type-post","status-publish","format-standard","has-post-thumbnail","hentry","category-agenda","category-cine","category-educacion-y-cultura","category-entradas","category-lo-mas-reciente"],"jetpack_featured_media_url":"http:\/\/www.eloriente.net\/home\/wp-content\/uploads\/2013\/03\/50aniversarioCUEC_UNAM.jpg","jetpack_sharing_enabled":true,"_links":{"self":[{"href":"http:\/\/www.eloriente.net\/home\/wp-json\/wp\/v2\/posts\/9164"}],"collection":[{"href":"http:\/\/www.eloriente.net\/home\/wp-json\/wp\/v2\/posts"}],"about":[{"href":"http:\/\/www.eloriente.net\/home\/wp-json\/wp\/v2\/types\/post"}],"author":[{"embeddable":true,"href":"http:\/\/www.eloriente.net\/home\/wp-json\/wp\/v2\/users\/1"}],"replies":[{"embeddable":true,"href":"http:\/\/www.eloriente.net\/home\/wp-json\/wp\/v2\/comments?post=9164"}],"version-history":[{"count":6,"href":"http:\/\/www.eloriente.net\/home\/wp-json\/wp\/v2\/posts\/9164\/revisions"}],"predecessor-version":[{"id":9169,"href":"http:\/\/www.eloriente.net\/home\/wp-json\/wp\/v2\/posts\/9164\/revisions\/9169"}],"wp:featuredmedia":[{"embeddable":true,"href":"http:\/\/www.eloriente.net\/home\/wp-json\/wp\/v2\/media\/9165"}],"wp:attachment":[{"href":"http:\/\/www.eloriente.net\/home\/wp-json\/wp\/v2\/media?parent=9164"}],"wp:term":[{"taxonomy":"category","embeddable":true,"href":"http:\/\/www.eloriente.net\/home\/wp-json\/wp\/v2\/categories?post=9164"},{"taxonomy":"post_tag","embeddable":true,"href":"http:\/\/www.eloriente.net\/home\/wp-json\/wp\/v2\/tags?post=9164"}],"curies":[{"name":"wp","href":"https:\/\/api.w.org\/{rel}","templated":true}]}}