{"id":9209,"date":"2013-03-05T08:35:43","date_gmt":"2013-03-05T14:35:43","guid":{"rendered":"http:\/\/www.eloriente.net\/home\/?p=9209"},"modified":"2013-03-05T10:04:22","modified_gmt":"2013-03-05T16:04:22","slug":"instauracion-del-dia-internacional-de-la-mujer-en-mexico","status":"publish","type":"post","link":"http:\/\/www.eloriente.net\/home\/2013\/03\/05\/instauracion-del-dia-internacional-de-la-mujer-en-mexico\/","title":{"rendered":"Instauraci\u00f3n del D\u00eda Internacional de la Mujer en M\u00e9xico"},"content":{"rendered":"<p>eloriente.net\/<a href=\"http:\/\/www.inehrm.gob.mx\" target=\"_blank\"> INEHRM<\/a><\/p>\n<p>5 de marzo de 2013<\/p>\n<p>eloriente.net (Oaxaca, Oax.) 5 de marzo de 2013.- En v\u00edsperas de celebrarse el D\u00eda Internacional de la Mujer, @El_Oriente te acerca la historia de dicha celebraci\u00f3n.<\/p>\n<p>En nuestro <a href=\"http:\/\/www.eloriente.net\/home\/2013\/03\/04\/dia-internacional-de-la-mujer-semblanza-mundial\/\" target=\"_blank\">art\u00edculo<\/a> anterior conocimos c\u00f3mo se fue gestando la necesidad de no solo celebrar a la mujer, sino de reconocerla en diversos \u00e1mbitos, esto desde una perspectiva global, narrando cronol\u00f3gicamente las acciones que propiciaron el establecimiento oficial de dicha celebraci\u00f3n por la Organizaci\u00f3n de la Naciones Unidas (ONU).<\/p>\n<p>En esta publicaci\u00f3n conoceremos c\u00f3mo se fue articulando la celebraci\u00f3n de dicho d\u00eda en nuestro pa\u00eds. Debemos recordar que la fecha fue establecida oficialmente en 1977 por la Asamblea General de la Organizaci\u00f3n de las Naciones Unidas (ONU), sin embargo, desde inicios del siglo XIX ya se\u00a0ven\u00edan celebrando en diversos pa\u00edses de Europa y en los Estados Unidos de Norte Am\u00e9rica.<\/p>\n<p>Seg\u00fan el art\u00edculo \u00abD\u00eda Internacional de la Mujer, una fecha con historia\u00bb\u00a0de Emma Paula Ruiz Ham, publicado por el Instituto Nacional \u00a0de \u00a0Estudios Hist\u00f3ricos de las Revoluciones en M\u00e9xico, los pa\u00edses de latinoamericanos, se unieron a la celebraci\u00f3n en la d\u00e9cada de 1980, esto como consecuencia de la I Conferencia Mundial sobre la Mujer, efectuada en nuestro pa\u00eds en 1975, dicha uni\u00f3n tard\u00eda no significaba que las mujeres de dichos pa\u00edses fueran indiferentes a su situaci\u00f3n social.\u00a0En M\u00e9xico, por ejemplo, existieron constantes y enormes esfuerzos de mujeres que fundaron a fines del siglo XIX las primeras sociedades feministas del pa\u00eds. Asimismo, la presencia de la mujer durante los a\u00f1os de la Revoluci\u00f3n mexicana fue significativa, ya que, adem\u00e1s de ser madres, esposas e hijas, participaron en la lucha armada como enfermeras, mensajeras o soldaderas.<\/p>\n<p>En lo que respecta al periodo de integraci\u00f3n y consolidaci\u00f3n del Estado posrevolucionario, comprendido entre los a\u00f1os 1916 y 1924, diversos gobiernos estatales encabezados por Salvador Alvarado, Felipe Carrillo Puerto y Rafael Nieto, expidieron leyes a favor de las mujeres. La Constituci\u00f3n Pol\u00edtica de 1917 concedi\u00f3 al hombre y a la mujer los mismos derechos en materia de garant\u00edas individuales, en 1928, con la modificaci\u00f3n a la Ley de Relaciones Familiares, fue posible que se reconocieran como leg\u00edtimos los hijos nacidos de las relaciones fuera del matrimonio.<\/p>\n<p><strong>Procesos electorales: Candidatas y votantes<\/strong><\/p>\n<p>Seg\u00fan informaci\u00f3n del INEHRM,Hermila Galindo, en 1918, Elvia Carrillo Puerto, en 1926, y Refugio Garc\u00eda, en 1931, fueron mujeres que lucharon electoralmente para obtener candidaturas y puestos de elecci\u00f3n popular. Por otra parte en lo que respecta al sufragio de la mujer,\u00a0el presidente L\u00e1zaro C\u00e1rdenas fue el primero que present\u00f3 ante el Congreso de la Uni\u00f3n una iniciativa para reformar los art\u00edculos 34 y 35 constitucionales a fin de dar reconocimiento a los derechos ciudadanos de las mujeres, sin embargo no fue sino hasta 1947, durante la administraci\u00f3n del Presidente Miguel Alem\u00e1n, cuando se otorg\u00f3 el voto femenino para los comicios municipales y finalmente, en 1953, el presidente Adolfo Ruiz Cortines concedi\u00f3 el sufragio femenino y as\u00ed, por primera vez, la mujer mexicana ejerci\u00f3 su derecho al voto en elecciones federales.<\/p>\n<p><strong>Reivindicaci\u00f3n de la mujer<\/strong><\/p>\n<p>En 1975, Eleanor Roosevelt, por iniciativa de la ONU, organiz\u00f3 en M\u00e9xico el A\u00f1o Internacional de la Mujer, por lo que el entonces Presidente de la\u00a0Rep\u00fablica,\u00a0Luis Echeverr\u00eda, cre\u00f3 el Consejo Nacional de Poblaci\u00f3n con la finalidad de coordinar, entre otras cosas, tareas de reivindicaci\u00f3n de la mujer.\u00a0Dicho a\u00f1o\u00a0\u00a0fue trascendental para M\u00e9xico y desde luego para sus mujeres, no s\u00f3lo por ser sede de un evento de gran magnitud, sino porque, gracias a una modificaci\u00f3n constitucional, los logros de la lucha de la mujer mexicana se hac\u00edan palpables. Por fin se pod\u00eda leer el siguiente texto en nuestra Carta Magna: \u201cel var\u00f3n y la mujer son iguales ante la ley, \u00e9sta proteger\u00e1 la organizaci\u00f3n y el desarrollo de la familia. Toda persona tiene derecho de decidir de manera libre, responsable e informada sobre el n\u00famero de hijos que desea tener\u201d.<\/p>\n<p><strong>Necesidades de la Mujer<\/strong><\/p>\n<p>En la actualidad, si bien se han logrado avances y logros para las mujeres en el \u00e1mbito, pol\u00edtico, social y econ\u00f3mico, es pertinente que se contin\u00fae trabajando en temas como la equidad de g\u00e9nero, atenci\u00f3n a la salud, educaci\u00f3n, libertad e igualdad laboral, libertad de expresi\u00f3n, entre otros, con la finalidad de lograr una sociedad que permita la integraci\u00f3n total de las mujeres en la vida p\u00fablica.<\/p>\n<figure id=\"attachment_9210\" aria-describedby=\"caption-attachment-9210\" style=\"width: 590px\" class=\"wp-caption alignnone\"><a href=\"http:\/\/www.eloriente.net\/home\/wp-content\/uploads\/2013\/03\/Captura-de-pantalla-2013-03-05-a-las-08.11.44.png\"><img loading=\"lazy\" decoding=\"async\" class=\"size-full wp-image-9210\" src=\"http:\/\/www.eloriente.net\/home\/wp-content\/uploads\/2013\/03\/Captura-de-pantalla-2013-03-05-a-las-08.11.44.png\" alt=\"\" width=\"590\" height=\"311\" srcset=\"http:\/\/www.eloriente.net\/home\/wp-content\/uploads\/2013\/03\/Captura-de-pantalla-2013-03-05-a-las-08.11.44.png 590w, http:\/\/www.eloriente.net\/home\/wp-content\/uploads\/2013\/03\/Captura-de-pantalla-2013-03-05-a-las-08.11.44-300x158.png 300w\" sizes=\"(max-width: 590px) 100vw, 590px\" \/><\/a><figcaption id=\"caption-attachment-9210\" class=\"wp-caption-text\">Ceremonia de Inauguraci\u00f3n de la Conferencia Mundial del A\u00f1o Internacional de la Mujer, M\u00e9xico, junio de 1975\/ ONU-B Lane<\/figcaption><\/figure>\n<p>@El_Oriente te comparte la siguiente c\u00e1psula en la que podr\u00e1s conocer datos relevantes acerca de la Mujer y la Democracia en nuestro pa\u00eds.<br \/>\n<span class=\"embed-youtube\" style=\"text-align:center; display: block;\"><iframe loading=\"lazy\" class=\"youtube-player\" width=\"640\" height=\"360\" src=\"https:\/\/www.youtube.com\/embed\/ThPnnIgjlYI?version=3&#038;rel=1&#038;showsearch=0&#038;showinfo=1&#038;iv_load_policy=1&#038;fs=1&#038;hl=es-ES&#038;autohide=2&#038;wmode=transparent&#038;listType=playlist&#038;list=PLk7w1Zf7zLO20vo3kUnJVNtVVr-DT9Vtl\" allowfullscreen=\"true\" style=\"border:0;\" sandbox=\"allow-scripts allow-same-origin allow-popups allow-presentation allow-popups-to-escape-sandbox\"><\/iframe><\/span><\/p>\n\n\t\t\t  <div \n\t\t\t  \tclass = \"fb-comments\" \n\t\t\t  \tdata-href = \"http:\/\/www.eloriente.net\/home\/2013\/03\/05\/instauracion-del-dia-internacional-de-la-mujer-en-mexico\/\"\n\t\t\t  \tdata-numposts = \"10\"\n\t\t\t\tdata-colorscheme = \"dark\"\n\t\t\t\tdata-order-by = \"social\"\n\t\t\t\tdata-mobile=true>\n\t\t\t  <\/div>\n\t\t  <style>\n\t\t\t.fb_iframe_widget_fluid_desktop iframe {\n\t\t\t    width: 100% !important;\n\t\t\t}\n\t\t  <\/style>\n\t\t  ","protected":false},"excerpt":{"rendered":"<p>eloriente.net\/ INEHRM 5 de marzo de 2013 eloriente.net (Oaxaca, Oax.) 5 de marzo de 2013.- En v\u00edsperas de celebrarse el D\u00eda Internacional de la Mujer, @El_Oriente te acerca la historia de dicha celebraci\u00f3n. En nuestro art\u00edculo anterior conocimos c\u00f3mo se fue gestando la necesidad de no solo celebrar a la mujer, sino de reconocerla en [&hellip;]<\/p>\n","protected":false},"author":1,"featured_media":9210,"comment_status":"closed","ping_status":"open","sticky":false,"template":"","format":"standard","meta":{"_jetpack_memberships_contains_paid_content":false,"footnotes":""},"categories":[22,32,13,24],"tags":[],"class_list":["post-9209","post","type-post","status-publish","format-standard","has-post-thumbnail","hentry","category-derechos-humanos","category-entradas","category-especiales","category-mexico-y-el-mundo"],"jetpack_featured_media_url":"http:\/\/www.eloriente.net\/home\/wp-content\/uploads\/2013\/03\/Captura-de-pantalla-2013-03-05-a-las-08.11.44.png","jetpack_sharing_enabled":true,"_links":{"self":[{"href":"http:\/\/www.eloriente.net\/home\/wp-json\/wp\/v2\/posts\/9209"}],"collection":[{"href":"http:\/\/www.eloriente.net\/home\/wp-json\/wp\/v2\/posts"}],"about":[{"href":"http:\/\/www.eloriente.net\/home\/wp-json\/wp\/v2\/types\/post"}],"author":[{"embeddable":true,"href":"http:\/\/www.eloriente.net\/home\/wp-json\/wp\/v2\/users\/1"}],"replies":[{"embeddable":true,"href":"http:\/\/www.eloriente.net\/home\/wp-json\/wp\/v2\/comments?post=9209"}],"version-history":[{"count":8,"href":"http:\/\/www.eloriente.net\/home\/wp-json\/wp\/v2\/posts\/9209\/revisions"}],"predecessor-version":[{"id":9213,"href":"http:\/\/www.eloriente.net\/home\/wp-json\/wp\/v2\/posts\/9209\/revisions\/9213"}],"wp:featuredmedia":[{"embeddable":true,"href":"http:\/\/www.eloriente.net\/home\/wp-json\/wp\/v2\/media\/9210"}],"wp:attachment":[{"href":"http:\/\/www.eloriente.net\/home\/wp-json\/wp\/v2\/media?parent=9209"}],"wp:term":[{"taxonomy":"category","embeddable":true,"href":"http:\/\/www.eloriente.net\/home\/wp-json\/wp\/v2\/categories?post=9209"},{"taxonomy":"post_tag","embeddable":true,"href":"http:\/\/www.eloriente.net\/home\/wp-json\/wp\/v2\/tags?post=9209"}],"curies":[{"name":"wp","href":"https:\/\/api.w.org\/{rel}","templated":true}]}}