{"id":9216,"date":"2013-03-05T09:02:19","date_gmt":"2013-03-05T15:02:19","guid":{"rendered":"http:\/\/www.eloriente.net\/home\/?p=9216"},"modified":"2013-03-05T09:02:19","modified_gmt":"2013-03-05T15:02:19","slug":"pechakucha-en-la-ficg28","status":"publish","type":"post","link":"http:\/\/www.eloriente.net\/home\/2013\/03\/05\/pechakucha-en-la-ficg28\/","title":{"rendered":"PechaKucha en la FICG28"},"content":{"rendered":"<p>eloriente.net\/<a href=\"https:\/\/www.ficg.mx\/\" target=\"_blank\"> FICG28<\/a><\/p>\n<p>5 de marzo de 2013<\/p>\n<p>eloriente.net (Oaxaca, Oax.) 5 de marzo de 2013.- Con la intenci\u00f3n de formar parte de la celebraci\u00f3n por los 10 a\u00f1os de Noches PechaKucha a nivel global, se ha preparado una edici\u00f3n especial de este encuentro para abordar un tema relevante en t\u00e9rminos creativos para la ciudad de Guadalajara: la diversidad sexual, en el marco de las actividades del Festival Internacional de Cine en Guadalajara, inform\u00f3 la sala de prensa de dicho festival.<\/p>\n<p>Gracias a la colaboraci\u00f3n con Premio Maguey, la edici\u00f3n n\u00famero 12 de PechaKucha en Guadalajara contar\u00e1 con la presencia de presentadores nacionales e internacionales involucrados en la ilustraci\u00f3n, la cinematograf\u00eda, las artes pl\u00e1sticas y el periodismo literario.<\/p>\n<p>El evento se llevar\u00e1 a cabo hoy martes 5 de marzo en punto de las 18 horas en The Westin Guadalajara con la participaci\u00f3n de: Michael St\u00fctz (programador Teddy Award); Pavel Cort\u00e9s (director Premio Maguey); Alfredo Roagui (ilustrador y dise\u00f1ador); Alejandro Gallo (co-editor The Beef Magazine) y Adri\u00e1n Guerrero (arquitecto y ceramista).<\/p>\n<p>PechaKucha es un formato de presentaci\u00f3n creativa en el cual se expone un trabajo de manera sencilla e informal mediante 20 diapositivas mostradas durante 20 segundos cada una. Originalmente creado en Tokio en 2003, PechaKucha se lleva a cabo en m\u00e1s de 600 ciudades del mundo.<\/p>\n<figure id=\"attachment_9217\" aria-describedby=\"caption-attachment-9217\" style=\"width: 718px\" class=\"wp-caption alignnone\"><a href=\"http:\/\/www.eloriente.net\/home\/wp-content\/uploads\/2013\/03\/Captura-de-pantalla-2013-03-05-a-las-08.52.21.png\"><img loading=\"lazy\" decoding=\"async\" class=\"size-full wp-image-9217\" src=\"http:\/\/www.eloriente.net\/home\/wp-content\/uploads\/2013\/03\/Captura-de-pantalla-2013-03-05-a-las-08.52.21.png\" alt=\"\" width=\"718\" height=\"363\" srcset=\"http:\/\/www.eloriente.net\/home\/wp-content\/uploads\/2013\/03\/Captura-de-pantalla-2013-03-05-a-las-08.52.21.png 718w, http:\/\/www.eloriente.net\/home\/wp-content\/uploads\/2013\/03\/Captura-de-pantalla-2013-03-05-a-las-08.52.21-300x151.png 300w\" sizes=\"(max-width: 718px) 100vw, 718px\" \/><\/a><figcaption id=\"caption-attachment-9217\" class=\"wp-caption-text\">PechaKucha Guadalajara Volumen 12\/ FICG28<\/figcaption><\/figure>\n<p>&nbsp;<\/p>\n\n\t\t\t  <div \n\t\t\t  \tclass = \"fb-comments\" \n\t\t\t  \tdata-href = \"http:\/\/www.eloriente.net\/home\/2013\/03\/05\/pechakucha-en-la-ficg28\/\"\n\t\t\t  \tdata-numposts = \"10\"\n\t\t\t\tdata-colorscheme = \"dark\"\n\t\t\t\tdata-order-by = \"social\"\n\t\t\t\tdata-mobile=true>\n\t\t\t  <\/div>\n\t\t  <style>\n\t\t\t.fb_iframe_widget_fluid_desktop iframe {\n\t\t\t    width: 100% !important;\n\t\t\t}\n\t\t  <\/style>\n\t\t  ","protected":false},"excerpt":{"rendered":"<p>eloriente.net\/ FICG28 5 de marzo de 2013 eloriente.net (Oaxaca, Oax.) 5 de marzo de 2013.- Con la intenci\u00f3n de formar parte de la celebraci\u00f3n por los 10 a\u00f1os de Noches PechaKucha a nivel global, se ha preparado una edici\u00f3n especial de este encuentro para abordar un tema relevante en t\u00e9rminos creativos para la ciudad de [&hellip;]<\/p>\n","protected":false},"author":1,"featured_media":9217,"comment_status":"closed","ping_status":"open","sticky":false,"template":"","format":"standard","meta":{"_jetpack_memberships_contains_paid_content":false,"footnotes":""},"categories":[56,32,16,10],"tags":[],"class_list":["post-9216","post","type-post","status-publish","format-standard","has-post-thumbnail","hentry","category-cine","category-entradas","category-salud-y-estilo-de-vida","category-lo-mas-reciente"],"jetpack_featured_media_url":"http:\/\/www.eloriente.net\/home\/wp-content\/uploads\/2013\/03\/Captura-de-pantalla-2013-03-05-a-las-08.52.21.png","jetpack_sharing_enabled":true,"_links":{"self":[{"href":"http:\/\/www.eloriente.net\/home\/wp-json\/wp\/v2\/posts\/9216"}],"collection":[{"href":"http:\/\/www.eloriente.net\/home\/wp-json\/wp\/v2\/posts"}],"about":[{"href":"http:\/\/www.eloriente.net\/home\/wp-json\/wp\/v2\/types\/post"}],"author":[{"embeddable":true,"href":"http:\/\/www.eloriente.net\/home\/wp-json\/wp\/v2\/users\/1"}],"replies":[{"embeddable":true,"href":"http:\/\/www.eloriente.net\/home\/wp-json\/wp\/v2\/comments?post=9216"}],"version-history":[{"count":2,"href":"http:\/\/www.eloriente.net\/home\/wp-json\/wp\/v2\/posts\/9216\/revisions"}],"predecessor-version":[{"id":9219,"href":"http:\/\/www.eloriente.net\/home\/wp-json\/wp\/v2\/posts\/9216\/revisions\/9219"}],"wp:featuredmedia":[{"embeddable":true,"href":"http:\/\/www.eloriente.net\/home\/wp-json\/wp\/v2\/media\/9217"}],"wp:attachment":[{"href":"http:\/\/www.eloriente.net\/home\/wp-json\/wp\/v2\/media?parent=9216"}],"wp:term":[{"taxonomy":"category","embeddable":true,"href":"http:\/\/www.eloriente.net\/home\/wp-json\/wp\/v2\/categories?post=9216"},{"taxonomy":"post_tag","embeddable":true,"href":"http:\/\/www.eloriente.net\/home\/wp-json\/wp\/v2\/tags?post=9216"}],"curies":[{"name":"wp","href":"https:\/\/api.w.org\/{rel}","templated":true}]}}