{"id":9291,"date":"2013-03-06T09:20:24","date_gmt":"2013-03-06T15:20:24","guid":{"rendered":"http:\/\/www.eloriente.net\/home\/?p=9291"},"modified":"2013-03-07T16:37:05","modified_gmt":"2013-03-07T22:37:05","slug":"dia-internacional-de-la-mujer-la-experiencia-de-un-hombre","status":"publish","type":"post","link":"http:\/\/www.eloriente.net\/home\/2013\/03\/06\/dia-internacional-de-la-mujer-la-experiencia-de-un-hombre\/","title":{"rendered":"D\u00eda Internacional de la mujer, la experiencia de un hombre"},"content":{"rendered":"<p style=\"text-align: right;\">Por: Luis Colunga Dabussy<\/p>\n<p><strong>El 8 de marzo es el d\u00eda internacional de la mujer<\/strong>, un d\u00eda que no debiera ser considerado como sin\u00f3nimo de ternura o compasi\u00f3n, donde se regalen chocolates, flores o tarjetas como muestra de la existencia de las mujeres en un mundo dominado por hombres, es un d\u00eda de lucha, un d\u00eda que representa sangre, l\u00e1grimas, dolor, muerte y azoro. De manera \u00edntima comparto mi perspectiva, como hombre, sobre la lucha de las mujeres en este mundo, una lucha que dignifica su paso por la historia y que tanto hombres como mujeres debemos de conocer.<\/p>\n<p>Existen una serie de vivencias que marcaron mi vida e identidad como hombre, la m\u00e1s lejana, la que recuerdo a\u00fan con olor freso, con dolor, como si a martillazos y al rojo vivo me hubieran clavado una de las primeras corazas, en la espalda, fue en primaria, clase de espa\u00f1ol:<\/p>\n<p>-\u00bfQu\u00e9 pronombre personal se debe usar si estoy en un lugar con hombres y mujeres? \u2013Pregunt\u00e9.<\/p>\n<p>-Muy simple, tienes que usar el pronombre \u201cnosotros\u201d o \u201cellos\u201d-Me contest\u00f3 el docente.<\/p>\n<p>-\u00bfQu\u00e9 pasa si estoy en un cuarto con muchas mujeres y yo soy el \u00fanico hombre?<\/p>\n<p>-Es lo mismo, tienes que usar \u201cellos\u201d o \u201cnosotros, no importa si est\u00e1s t\u00fa solo con mil mujeres, siempre se aplica el pronombre en masculino.<\/p>\n<p>-\u00bfPor qu\u00e9? \u2013Insist\u00ed.<\/p>\n<p>-Porque as\u00ed es la regla, siempre vale m\u00e1s el masculino que el femenino.<\/p>\n<p>&nbsp;<\/p>\n<p>Finalmente me tragu\u00e9 el discurso de aquel hombre, pero esa ser\u00eda s\u00f3lo la primera de muchas m\u00e1s reglas que tendr\u00eda que acatar bajo la premisa \u201c<em>porque as\u00ed es\u2026\u201d<\/em>. La primera de muchas m\u00e1s corazas, algunas clavadas por m\u00ed mismo.<\/p>\n<p>En alguna otra ocasi\u00f3n, durante mi infancia entr\u00e9 a un expendio de estatuillas e im\u00e1genes religiosas, recuerdo perfectamente haber visto la imagen de un se\u00f1or de barbas blancas, montado sobre una nube, con una t\u00fanica larga y finamente bordada, de expresi\u00f3n reflexiva, \u201c\u00c9l es Dios\u201d, me dijeron. En ese momento pens\u00e9, s\u00ed, efectivamente, el Dios de la religi\u00f3n cat\u00f3lica y de muchas otras m\u00e1s religiones, es representado con las caracter\u00edsticas de un hombre, los m\u00e1ximos cargos religiosos s\u00f3lo pueden ser ocupados por hombres. De inmediato comenc\u00e9 a hacer un trabajo de introspecci\u00f3n, cayendo en cuenta que todos los presidentes de mi pa\u00eds han sido hombres, mis personajes hist\u00f3ricos favoritos eran hombres, los libros que, hasta ese entonces hab\u00eda le\u00eddo, fueron escritos, todos ellos, por hombres. El resultado de esta reflexi\u00f3n fue pensar que el papel de los hombres en el desarrollo hist\u00f3rico de la humanidad siempre hab\u00eda sido el de liderar a sus cong\u00e9neres, b\u00e1sicamente, que el hombre hab\u00eda sido provisto, tanto por la naturaleza como por su propia evoluci\u00f3n, de las herramientas y habilidades necesarias que le permitieron dominar y crear el mundo en el que vivimos. Siendo as\u00ed, el hombre siempre habr\u00eda de proteger, pelear, crear, destruir, mostrarse fr\u00edo y valeroso, dominar todo aquello que debiera ser dominado, pero <strong>\u00bfY las mujeres?.<\/strong><\/p>\n<p>Segu\u00ed creciendo, siendo testigo de c\u00f3mo la figura del hombre siempre sobresal\u00eda en todas las \u00e1reas posibles, la pol\u00edtica, social, econ\u00f3mica, cultural, de entretenimiento, religiosa, etc. A\u00f1os despu\u00e9s, veo en televisi\u00f3n a un personaje bastante peculiar, otro hombre, un tal<em> Serrano Lim\u00f3n <\/em>l\u00edder del <em>Comit\u00e9 Nacional Provida en M\u00e9xico<\/em>, manifestaba su inconformidad, de una forma excesivamente violenta, ante el aborto, apoyando acciones legales en contra de las mujeres que lo practicaran. Luego la televisi\u00f3n se encargar\u00eda de mostrarme la opini\u00f3n, sobre el mismo tema, de diversos pol\u00edticos, periodistas y l\u00edderes religiosos, la mayor\u00eda de ellos hombres. Comprend\u00ed que el hombre, no s\u00f3lo controla e impone el sistema que \u00e9l mismo ha creado y reproducido, un sistema patriarcal y hegem\u00f3nico, sino que tambi\u00e9n trata, por todos los medios, de tener la mayor injerencia posible en el cuerpo de la mujer, como si este fuera un objeto o una vil mercanc\u00eda.<\/p>\n<p>Pero ante tanta oscuridad lleg\u00f3 la iluminaci\u00f3n, para fortuna, confrontativa pero gozosa, laboriosa y enriquecedora. Viv\u00ed en carne propia un gran proceso de sensibilizaci\u00f3n y fue entonces cuando las conoc\u00ed a ellas: <strong>Simone de Beauvoir, Adrienne Rich, M\u00f3nica Mayer, Olympe de Gouges, Tina Modotti,\u00a0 Kathleen Hanna, Marina Abramovic, Emma Goldman, Rene Magritte, Christine de Pisan, Poullain de la <\/strong><strong>Barre, Virgina Woolf, Emma Patterson, Marta Lamas, Sayak Valencia, \u00a0Marit \u00d6stberg, Julia Leigh, Susan Brownmiller, Yayoi Kusama, Nina Simone, Marguerite Duras, Kimberley Pierce<\/strong><strong>, <\/strong><strong>Sofia Coppola, Judith Butler<\/strong><strong>, Patti Smith, Beatriz Preciado<\/strong> y otras mujeres m\u00e1s, cuyos nombres ahora no puedo recordar, junto con otras que a\u00fan no conozco.\u00a0 Acompa\u00f1ado por ellas descubr\u00ed una nueva forma de contar la historia, conoc\u00ed su revoluci\u00f3n, me explicaron como el paso de la mujer en el desarrollo hist\u00f3rico de la humanidad ha sido pr\u00e1cticamente, negado, sobajado, aniquilado, atomizado, acribillado, masacrado, reducido a las labores dom\u00e9sticas; me ense\u00f1aron, tambi\u00e9n, que el argumento cient\u00edfico que las exhibe como d\u00e9biles y sumisas es completamente falso. Las mujeres siempre han estado y tenido protagonismo en todas las \u00e9pocas de nuestra historia, pero se les ha censurado, ante tremenda marginaci\u00f3n surge el movimiento feminista, movimiento revolucionario y de cr\u00edtica al pensamiento social y pol\u00edtico en el que hemos estado inmersos, una corriente que reivindica el g\u00e9nero femenino, proponiendo el empoderamiento de las mujeres e igualdad legal, civil, social, pol\u00edtica, educativa y humana, esto es, el feminismo no excluye o ataca a los hombres, sino todo lo contrario, se les incluye de tal manera, que, tanto la mujer como el hombre, podamos gozar de los mismos beneficios y placeres del mundo en el que vivimos. Esta ha sido y seguir\u00e1 siendo la revoluci\u00f3n feminista.<\/p>\n<p><strong>\u00bfQu\u00e9 hemos hecho los hombres?<\/strong><\/p>\n<p>Actualmente, nos encontramos ante la vigencia de un modelo masculino dominante, modelo que a\u00fan sigue construyendo la identidad de nuevas generaciones tanto de hombres como de mujeres. En M\u00e9xico, los medios de comunicaci\u00f3n masivos, aluden a una nueva forma de ser hombre, una forma disfrazada pero igual de mis\u00f3gina. Pongo como ejemplo a compa\u00f1\u00edas refresqueras y cerveceras que proponen una forma m\u00e1s \u201cliviana\u201d de ser hombre, pero de la misma manera siguen estandarizando el cuerpo de la mujer y exhibi\u00e9ndola como objeto cuya aprobaci\u00f3n depende del var\u00f3n, as\u00ed mismo, contin\u00faan promoviendo la violencia de g\u00e9nero, enalteciendo al hombre como \u00fanico agente de cambio y como proveedor de seguridad econ\u00f3mica y social.<\/p>\n<p>Me causa gran tristeza ver a dos hombres borrachos abraz\u00e1ndose, porque debido a su incapacidad emocional para expresar afecto, recurren a ahogarse en alcohol como \u00fanica manera de desinhibirse, me alarma e indigna el ejercicio de la violencia hacia las mujeres, hacia otros hombres, hacia nosotros mismos y hacia la naturaleza, me repugnan las acciones del Estado para imponerse y controlar el cuerpo de las mujeres, \u00a1su cuerpo!, repruebo las construcciones sociales que hacen alarde de la imposibilidad masculina para crear relaciones \u00edntimas como parte de nuestra naturaleza.<\/p>\n<p><strong>\u00a1Me reh\u00faso, rotundamente, a que este modelo me siga representando!<\/strong><\/p>\n<p>Existen ahora, diversas c\u00e9lulas sociales, creadas en los \u00faltimos a\u00f1os que se han encargado de cuestionar la masculinidad y los privilegios de ser hombre. Distintas asociaciones civiles, organizaciones y grupos de hombres discuten el rumbo de la masculinidad hoy en d\u00eda, nos preguntamos qu\u00e9 es lo que nos representa y c\u00f3mo es ser un hombre en la actualidad, tratamos de crear sensibilizaci\u00f3n ante la injusticia y violencia sobre las mujeres. Hombres pro-feministas, que trabajamos en conjunto con mujeres, partiendo de la misma perspectiva incluyente del feminismo, utilizando sus bases te\u00f3ricas, proponemos la equidad, en todas las esferas, entre hombres y mujeres, promovemos la construcci\u00f3n de masculinidades alternativas, mejores, humanas e incluyentes.<\/p>\n<p>Este 8 de marzo, junto con todos los d\u00edas del a\u00f1o, observemos la realidad como algo cercano y recordemos que es tarea prioritaria organizar diligencias, campa\u00f1as y diversas actividades que sensibilicen a las personas en temas de violencia, g\u00e9nero y equidad. Como hombre considero imprescindible cuestionar nuestra masculinidad, pongamos en tela de juicio la serie de privilegios que nos son otorgados, que nos dan poder, por el simple hecho de pertenecer a ese g\u00e9nero. Como sociedad debemos recurrir a acciones que tiendan a poner fin a las discriminaciones que afectan a mujeres con el fin de educar para para una sociedad equitativa, con responsabilidad social.<\/p>\n<p><strong>\u00a1Mujeres, estamos con ustedes, en su lucha, a su lado!<\/strong><\/p>\n<p><a href=\"http:\/\/www.eloriente.net\/home\/wp-content\/uploads\/2013\/03\/diadelamujer.jpg\"><img loading=\"lazy\" decoding=\"async\" class=\"alignnone size-medium wp-image-9292\" src=\"http:\/\/www.eloriente.net\/home\/wp-content\/uploads\/2013\/03\/diadelamujer-224x300.jpg\" alt=\"\" width=\"224\" height=\"300\" srcset=\"http:\/\/www.eloriente.net\/home\/wp-content\/uploads\/2013\/03\/diadelamujer-224x300.jpg 224w, http:\/\/www.eloriente.net\/home\/wp-content\/uploads\/2013\/03\/diadelamujer.jpg 500w\" sizes=\"(max-width: 224px) 100vw, 224px\" \/><\/a><\/p>\n<p>&nbsp;<\/p>\n<p style=\"text-align: right;\">\n\n\t\t\t  <div \n\t\t\t  \tclass = \"fb-comments\" \n\t\t\t  \tdata-href = \"http:\/\/www.eloriente.net\/home\/2013\/03\/06\/dia-internacional-de-la-mujer-la-experiencia-de-un-hombre\/\"\n\t\t\t  \tdata-numposts = \"10\"\n\t\t\t\tdata-colorscheme = \"dark\"\n\t\t\t\tdata-order-by = \"social\"\n\t\t\t\tdata-mobile=true>\n\t\t\t  <\/div>\n\t\t  <style>\n\t\t\t.fb_iframe_widget_fluid_desktop iframe {\n\t\t\t    width: 100% !important;\n\t\t\t}\n\t\t  <\/style>\n\t\t  ","protected":false},"excerpt":{"rendered":"<p>Por: Luis Colunga Dabussy El 8 de marzo es el d\u00eda internacional de la mujer, un d\u00eda que no debiera ser considerado como sin\u00f3nimo de ternura o compasi\u00f3n, donde se regalen chocolates, flores o tarjetas como muestra de la existencia de las mujeres en un mundo dominado por hombres, es un d\u00eda de lucha, un [&hellip;]<\/p>\n","protected":false},"author":19,"featured_media":9292,"comment_status":"closed","ping_status":"open","sticky":false,"template":"","format":"standard","meta":{"_jetpack_memberships_contains_paid_content":false,"footnotes":""},"categories":[22,32,10,70],"tags":[],"class_list":["post-9291","post","type-post","status-publish","format-standard","has-post-thumbnail","hentry","category-derechos-humanos","category-entradas","category-lo-mas-reciente","category-luis-colunga-debussy"],"jetpack_featured_media_url":"http:\/\/www.eloriente.net\/home\/wp-content\/uploads\/2013\/03\/diadelamujer.jpg","jetpack_sharing_enabled":true,"_links":{"self":[{"href":"http:\/\/www.eloriente.net\/home\/wp-json\/wp\/v2\/posts\/9291"}],"collection":[{"href":"http:\/\/www.eloriente.net\/home\/wp-json\/wp\/v2\/posts"}],"about":[{"href":"http:\/\/www.eloriente.net\/home\/wp-json\/wp\/v2\/types\/post"}],"author":[{"embeddable":true,"href":"http:\/\/www.eloriente.net\/home\/wp-json\/wp\/v2\/users\/19"}],"replies":[{"embeddable":true,"href":"http:\/\/www.eloriente.net\/home\/wp-json\/wp\/v2\/comments?post=9291"}],"version-history":[{"count":4,"href":"http:\/\/www.eloriente.net\/home\/wp-json\/wp\/v2\/posts\/9291\/revisions"}],"predecessor-version":[{"id":9388,"href":"http:\/\/www.eloriente.net\/home\/wp-json\/wp\/v2\/posts\/9291\/revisions\/9388"}],"wp:featuredmedia":[{"embeddable":true,"href":"http:\/\/www.eloriente.net\/home\/wp-json\/wp\/v2\/media\/9292"}],"wp:attachment":[{"href":"http:\/\/www.eloriente.net\/home\/wp-json\/wp\/v2\/media?parent=9291"}],"wp:term":[{"taxonomy":"category","embeddable":true,"href":"http:\/\/www.eloriente.net\/home\/wp-json\/wp\/v2\/categories?post=9291"},{"taxonomy":"post_tag","embeddable":true,"href":"http:\/\/www.eloriente.net\/home\/wp-json\/wp\/v2\/tags?post=9291"}],"curies":[{"name":"wp","href":"https:\/\/api.w.org\/{rel}","templated":true}]}}