{"id":9635,"date":"2013-03-13T09:00:08","date_gmt":"2013-03-13T15:00:08","guid":{"rendered":"http:\/\/www.eloriente.net\/home\/?p=9635"},"modified":"2013-03-13T10:27:27","modified_gmt":"2013-03-13T16:27:27","slug":"xv-aniversario-guendalizaa-en-santo-domingo-tehuantepec","status":"publish","type":"post","link":"http:\/\/www.eloriente.net\/home\/2013\/03\/13\/xv-aniversario-guendalizaa-en-santo-domingo-tehuantepec\/","title":{"rendered":"XV Aniversario Guendaliza&#8217;a en Santo Domingo Tehuantepec"},"content":{"rendered":"<p>eloriente.net<\/p>\n<p>13 de marzo de 2013<\/p>\n<p>eloriente.net (Oaxaca, Oax) 13 de marzo de 2013.- El 23 y 24 de marzo se llevar\u00e1 a cabo en Santo Domingo Tehuantepec, la XV edici\u00f3n de Guendaliza&#8217;a, el encuentro \u00e9tnico mesoamericano de la danza en la regi\u00f3n del Istmo, en el estado de Oaxaca.<\/p>\n<p>De acuerdo a la informaci\u00f3n difundida por <a href=\"http:\/\/www.imparcialenlinea.com\/\" target=\"_blank\">El Imparcial<\/a>,\u00a0Mario Mecott Francisco, fundador del\u00a0<em>Guendaliza\u2019a<\/em>, asegur\u00f3 que \u00ablos primeros 15 a\u00f1os han dado muestra del \u00e9xito y la consolidaci\u00f3n del\u00a0<em>Guendaliza\u2019a<\/em>\u00a0que recuerda la Rebeli\u00f3n ind\u00edgena de Tehuantepec del 22 de marzo de 1660.\u00bb<\/p>\n<p>Una publicaci\u00f3n en el portal del <a href=\"http:\/\/centroculturaltehuano.blogspot.mx\/\" target=\"_blank\">Centro Cultural Tehuano<\/a> indica que\u00a0este encuentro \u00abderiva de la Gran Rebeli\u00f3n de Tehuantepec sucedida el 22 de marzo de 1660, cuando los grupos ind\u00edgenas que eran explotados por los europeos decidieron hacer justicia y nombrar a sus propias autoridades.\u00a0Se cree que despu\u00e9s de este hecho, las etnias del Istmo de Tehuantepec se reunieron el primer d\u00eda de mercado despu\u00e9s de la rebeli\u00f3n o, tal vez, dentro de la celebraci\u00f3n de la Pasi\u00f3n de Cristo, suceso que ya llevaban arraigado en su conciencia y en su coraz\u00f3n, por lo que en esas fechas bailaron danzas ancestrales a sus antiguos dioses, llam\u00e1ndole \u201cGuendaliza\u2019a\u201d, la acci\u00f3n del parentesco \u00e9tnico\u00bb.<\/p>\n<p>El t\u00e9rmino zapoteco Guendaliza\u2019a se compone de dos voces que representan la cualidad\u00a0\u00a0por medio de la cual se acepta, sirve y se ama al pr\u00f3jimo, es decir, representa la \u00abhermandad\u00bb.\u00a0\u00a0Este encuentro tiene como escenarios la explanada municipal y el r\u00edo de Tehuantepec.<\/p>\n<p>En esta edici\u00f3n se contar\u00e1 con la presencia de los mayas, seris y yaquis, de Sonora, as\u00ed como los mayas de Quetzaltenango, Guatemala y Nijapa, El Salvador. Asimismo participar\u00e1n los\u00a0chatinos de Santa Catarina Juquila y los zapotecas de Zaachila y San Pablo Mixtepec, pertenecientes al estado de Oaxaca.<\/p>\n<p>Entre los grupos locales participar\u00e1n de las comunidades de San Blas Atempa, Guichicovi, Santa Mar\u00eda Petapa, San Pedro Huamelula y San Mateo del Mar.<\/p>\n<p>El viernes 22 de marzo a las 19:00 horas en la iglesia del barrio Santa Mar\u00eda se realizar\u00e1 la calenda \u00e9tnica y el s\u00e1bado 23 a las 17:00 horas dar\u00e1 inicio el Guendaliza&#8217;a 2013.<\/p>\n\n\t\t\t  <div \n\t\t\t  \tclass = \"fb-comments\" \n\t\t\t  \tdata-href = \"http:\/\/www.eloriente.net\/home\/2013\/03\/13\/xv-aniversario-guendalizaa-en-santo-domingo-tehuantepec\/\"\n\t\t\t  \tdata-numposts = \"10\"\n\t\t\t\tdata-colorscheme = \"dark\"\n\t\t\t\tdata-order-by = \"social\"\n\t\t\t\tdata-mobile=true>\n\t\t\t  <\/div>\n\t\t  <style>\n\t\t\t.fb_iframe_widget_fluid_desktop iframe {\n\t\t\t    width: 100% !important;\n\t\t\t}\n\t\t  <\/style>\n\t\t  ","protected":false},"excerpt":{"rendered":"<p>eloriente.net 13 de marzo de 2013 eloriente.net (Oaxaca, Oax) 13 de marzo de 2013.- El 23 y 24 de marzo se llevar\u00e1 a cabo en Santo Domingo Tehuantepec, la XV edici\u00f3n de Guendaliza&#8217;a, el encuentro \u00e9tnico mesoamericano de la danza en la regi\u00f3n del Istmo, en el estado de Oaxaca. De acuerdo a la informaci\u00f3n [&hellip;]<\/p>\n","protected":false},"author":1,"featured_media":9637,"comment_status":"open","ping_status":"open","sticky":false,"template":"","format":"standard","meta":{"_jetpack_memberships_contains_paid_content":false,"footnotes":""},"categories":[32,10,23],"tags":[],"class_list":["post-9635","post","type-post","status-publish","format-standard","has-post-thumbnail","hentry","category-entradas","category-lo-mas-reciente","category-municipios"],"jetpack_featured_media_url":"http:\/\/www.eloriente.net\/home\/wp-content\/uploads\/2013\/03\/guendaliz\u00e1.jpeg","jetpack_sharing_enabled":true,"_links":{"self":[{"href":"http:\/\/www.eloriente.net\/home\/wp-json\/wp\/v2\/posts\/9635"}],"collection":[{"href":"http:\/\/www.eloriente.net\/home\/wp-json\/wp\/v2\/posts"}],"about":[{"href":"http:\/\/www.eloriente.net\/home\/wp-json\/wp\/v2\/types\/post"}],"author":[{"embeddable":true,"href":"http:\/\/www.eloriente.net\/home\/wp-json\/wp\/v2\/users\/1"}],"replies":[{"embeddable":true,"href":"http:\/\/www.eloriente.net\/home\/wp-json\/wp\/v2\/comments?post=9635"}],"version-history":[{"count":3,"href":"http:\/\/www.eloriente.net\/home\/wp-json\/wp\/v2\/posts\/9635\/revisions"}],"predecessor-version":[{"id":9667,"href":"http:\/\/www.eloriente.net\/home\/wp-json\/wp\/v2\/posts\/9635\/revisions\/9667"}],"wp:featuredmedia":[{"embeddable":true,"href":"http:\/\/www.eloriente.net\/home\/wp-json\/wp\/v2\/media\/9637"}],"wp:attachment":[{"href":"http:\/\/www.eloriente.net\/home\/wp-json\/wp\/v2\/media?parent=9635"}],"wp:term":[{"taxonomy":"category","embeddable":true,"href":"http:\/\/www.eloriente.net\/home\/wp-json\/wp\/v2\/categories?post=9635"},{"taxonomy":"post_tag","embeddable":true,"href":"http:\/\/www.eloriente.net\/home\/wp-json\/wp\/v2\/tags?post=9635"}],"curies":[{"name":"wp","href":"https:\/\/api.w.org\/{rel}","templated":true}]}}