{"id":9658,"date":"2013-03-13T10:00:09","date_gmt":"2013-03-13T16:00:09","guid":{"rendered":"http:\/\/www.eloriente.net\/home\/?p=9658"},"modified":"2013-03-13T10:00:09","modified_gmt":"2013-03-13T16:00:09","slug":"inauguran-xv-bienal-de-fotografia-en-el-centro-nacional-de-las-artes","status":"publish","type":"post","link":"http:\/\/www.eloriente.net\/home\/2013\/03\/13\/inauguran-xv-bienal-de-fotografia-en-el-centro-nacional-de-las-artes\/","title":{"rendered":"Inauguran XV Bienal de Fotograf\u00eda en el Centro Nacional de las Artes"},"content":{"rendered":"<p>eloriente.net\/ <a href=\"http:\/\/centrodelaimagen.conaculta.gob.mx\" target=\"_blank\">Centro de la Imagen<\/a><\/p>\n<p>13 de marzo de 2013<\/p>\n<p>eloriente.net (Oaxaca, Oax.) 13 de marzo de 2013.- La noche de este martes 12 de marzo de 2013, fue inaugurada en la Galer\u00eda Central del Centro Nacional de las Artes, la XV Bienal de la Fotograf\u00eda, organizada por el Centro de la Imagen.<\/p>\n<p>\u00abEl presente, representado en esta edici\u00f3n, nos muestra una comunidad de autores capaz de imprimir en sus im\u00e1genes un sentido de contemporaneidad que mantiene vigente la atenci\u00f3n sobre el proyecto, haci\u00e9ndolo diferente de otros cert\u00e1menes, sea por su continuidad a lo largo de tres d\u00e9cadas, o bien por la estrecha relaci\u00f3n que guardan sus resultados con el entorno cultural y social del cual provienen\u00bb expresa Alejandro Castellanos, Director del Centro de la imagen, en la presentaci\u00f3n de la Bienal.<\/p>\n<p>Los premiados en esta edici\u00f3n de la Bienal fueron los fot\u00f3grafos <strong>Luis Arturo Aguirre<\/strong>, con la serie: Desvestidas <strong>y Paula Islas<\/strong>, con una serie de retratos hecha en Guadalajara.<\/p>\n<p>En la serie \u00abdesvestidas\u00bb, Aguirre expresa que se hace evidente la parte masculina de los travestis y se genera un juego de doble identidad entre lo masculino y lo femenino.<\/p>\n<p>Por otra parte, la obra de Paula Islas muestra dos tomas fotogr\u00e1ficas de una misma mujer en edad reproductiva: una, del d\u00eda de la ovulaci\u00f3n y otra, del de la menstruaci\u00f3n.\u2028\u2028 Esta serie busca resaltar los cambios morfol\u00f3gicos y an\u00edmicos provocados por las hormonas durante el ciclo menstrual.<\/p>\n<p>De acuerdo a la informaci\u00f3n disponible en el <a href=\"http:\/\/centrodelaimagen.conaculta.gob.mx\" target=\"_blank\">Centro de la Imagen<\/a>, <strong>en diciembre de 1979,<\/strong> el Instituto Nacional de Bellas Artes convoc\u00f3 a los fot\u00f3grafos a participar <strong>por primera vez en la Secci\u00f3n Bienal de Fotograf\u00eda del Sal\u00f3n Nacional de Artes Pl\u00e1sticas<\/strong>. Fue finalmente en 1980 que la Bienal Nacional de Fotograf\u00eda se present\u00f3 en la Galer\u00eda del Auditorio Nacional. Sus primeras cinco ediciones se realizaron en colaboraci\u00f3n con el Consejo Mexicano de Fotograf\u00eda, la obra premiada fue adquirida por el INBA y pas\u00f3 a engrosar su propio acervo.<\/p>\n<p>Sin embargo, el certamen dej\u00f3 de realizarse durante algunos a\u00f1os. En 1993 el Conaculta junto con el INBA, convocaron nuevamente a los fot\u00f3grafos a participar en la que ser\u00eda la VI Bienal de Fotograf\u00eda. Los trabajos seleccionados fueron exhibidos, a fines de ese mismo a\u00f1o, en el Instituto de Artes Gr\u00e1ficas de Oaxaca.<\/p>\n<p>Unos meses m\u00e1s tarde, el 4 de mayo de 1994, un Centro de la Imagen reci\u00e9n inaugurado acogi\u00f3 esta muestra. Desde entonces este Centro ha sido el encargado de organizar cada dos a\u00f1os y de manera regular esta Bienal.<\/p>\n<p>&nbsp;<\/p>\n<p style=\"text-align: center;\"><a href=\"http:\/\/www.eloriente.net\/home\/wp-content\/uploads\/2013\/03\/Captura-de-pantalla-2013-03-13-a-las-09.36.39.png\"><img loading=\"lazy\" decoding=\"async\" class=\"aligncenter  wp-image-9660\" title=\"Captura de pantalla 2013-03-13 a la(s) 09.36.39\" src=\"http:\/\/www.eloriente.net\/home\/wp-content\/uploads\/2013\/03\/Captura-de-pantalla-2013-03-13-a-las-09.36.39.png\" alt=\"\" width=\"485\" height=\"266\" srcset=\"http:\/\/www.eloriente.net\/home\/wp-content\/uploads\/2013\/03\/Captura-de-pantalla-2013-03-13-a-las-09.36.39.png 808w, http:\/\/www.eloriente.net\/home\/wp-content\/uploads\/2013\/03\/Captura-de-pantalla-2013-03-13-a-las-09.36.39-300x164.png 300w\" sizes=\"(max-width: 485px) 100vw, 485px\" \/><\/a><\/p>\n<p style=\"text-align: center;\">\n\n\t\t\t  <div \n\t\t\t  \tclass = \"fb-comments\" \n\t\t\t  \tdata-href = \"http:\/\/www.eloriente.net\/home\/2013\/03\/13\/inauguran-xv-bienal-de-fotografia-en-el-centro-nacional-de-las-artes\/\"\n\t\t\t  \tdata-numposts = \"10\"\n\t\t\t\tdata-colorscheme = \"dark\"\n\t\t\t\tdata-order-by = \"social\"\n\t\t\t\tdata-mobile=true>\n\t\t\t  <\/div>\n\t\t  <style>\n\t\t\t.fb_iframe_widget_fluid_desktop iframe {\n\t\t\t    width: 100% !important;\n\t\t\t}\n\t\t  <\/style>\n\t\t  ","protected":false},"excerpt":{"rendered":"<p>eloriente.net\/ Centro de la Imagen 13 de marzo de 2013 eloriente.net (Oaxaca, Oax.) 13 de marzo de 2013.- La noche de este martes 12 de marzo de 2013, fue inaugurada en la Galer\u00eda Central del Centro Nacional de las Artes, la XV Bienal de la Fotograf\u00eda, organizada por el Centro de la Imagen. \u00abEl presente, [&hellip;]<\/p>\n","protected":false},"author":1,"featured_media":9660,"comment_status":"open","ping_status":"open","sticky":false,"template":"","format":"standard","meta":{"_jetpack_memberships_contains_paid_content":false,"footnotes":""},"categories":[18,32,10,24],"tags":[],"class_list":["post-9658","post","type-post","status-publish","format-standard","has-post-thumbnail","hentry","category-educacion-y-cultura","category-entradas","category-lo-mas-reciente","category-mexico-y-el-mundo"],"jetpack_featured_media_url":"http:\/\/www.eloriente.net\/home\/wp-content\/uploads\/2013\/03\/Captura-de-pantalla-2013-03-13-a-las-09.36.39.png","jetpack_sharing_enabled":true,"_links":{"self":[{"href":"http:\/\/www.eloriente.net\/home\/wp-json\/wp\/v2\/posts\/9658"}],"collection":[{"href":"http:\/\/www.eloriente.net\/home\/wp-json\/wp\/v2\/posts"}],"about":[{"href":"http:\/\/www.eloriente.net\/home\/wp-json\/wp\/v2\/types\/post"}],"author":[{"embeddable":true,"href":"http:\/\/www.eloriente.net\/home\/wp-json\/wp\/v2\/users\/1"}],"replies":[{"embeddable":true,"href":"http:\/\/www.eloriente.net\/home\/wp-json\/wp\/v2\/comments?post=9658"}],"version-history":[{"count":4,"href":"http:\/\/www.eloriente.net\/home\/wp-json\/wp\/v2\/posts\/9658\/revisions"}],"predecessor-version":[{"id":9664,"href":"http:\/\/www.eloriente.net\/home\/wp-json\/wp\/v2\/posts\/9658\/revisions\/9664"}],"wp:featuredmedia":[{"embeddable":true,"href":"http:\/\/www.eloriente.net\/home\/wp-json\/wp\/v2\/media\/9660"}],"wp:attachment":[{"href":"http:\/\/www.eloriente.net\/home\/wp-json\/wp\/v2\/media?parent=9658"}],"wp:term":[{"taxonomy":"category","embeddable":true,"href":"http:\/\/www.eloriente.net\/home\/wp-json\/wp\/v2\/categories?post=9658"},{"taxonomy":"post_tag","embeddable":true,"href":"http:\/\/www.eloriente.net\/home\/wp-json\/wp\/v2\/tags?post=9658"}],"curies":[{"name":"wp","href":"https:\/\/api.w.org\/{rel}","templated":true}]}}