{"id":9690,"date":"2013-03-13T18:10:30","date_gmt":"2013-03-14T00:10:30","guid":{"rendered":"http:\/\/www.eloriente.net\/home\/?p=9690"},"modified":"2013-06-26T07:08:45","modified_gmt":"2013-06-26T13:08:45","slug":"susana-harp-orgullosa-de-presentar-aguadiosa","status":"publish","type":"post","link":"http:\/\/www.eloriente.net\/home\/2013\/03\/13\/susana-harp-orgullosa-de-presentar-aguadiosa\/","title":{"rendered":"Susana Harp, orgullosa de presentar \u00abAguadiosa\u00bb (programa 13\/mar\/13)"},"content":{"rendered":"<p><a href=\"www.todooaxacaradio.com\">todooaxacaradio.com<\/a><\/p>\n<p>13 de marzo de 2013<\/p>\n<p>En nuestro programa Todo Oaxaca Radio del martes 12 de marzo de 2013, contamos con la presencia de la talentosa cantante oaxaque\u00f1a Susana Harp, quien nos platic\u00f3 de lo contenta que est\u00e1 de presentar su nuevo material discogr\u00e1fico titulado \u201cAguadiosa\u201d.<\/p>\n<p>Aguadiosa Sones y D\u00e9cimas por la vida, es un proyecto que est\u00e1 inspirado en la biodiversidad mexicana, esto con el prop\u00f3sito de lograr que las personas descubran a\u00fan m\u00e1s ese legado y lo hagan suyo, puntualiz\u00f3 la cantante.<\/p>\n<p>&nbsp;<\/p>\n<p><img loading=\"lazy\" decoding=\"async\" class=\"aligncenter size-medium wp-image-9691\" title=\"Susana-final\" src=\"http:\/\/www.eloriente.net\/home\/wp-content\/uploads\/2013\/03\/Susana-final-300x200.jpg\" alt=\"\" width=\"300\" height=\"200\" srcset=\"http:\/\/www.eloriente.net\/home\/wp-content\/uploads\/2013\/03\/Susana-final-300x200.jpg 300w, http:\/\/www.eloriente.net\/home\/wp-content\/uploads\/2013\/03\/Susana-final.jpg 1000w\" sizes=\"(max-width: 300px) 100vw, 300px\" \/><\/p>\n<p>Respecto a la importancia de la diversidad, destac\u00f3 que M\u00e9xico ocupa el quinto lugar en biodiversidad en el mundo, por eso la importancia del proyecto, ya que refleja la riqueza cultural de las diversas entidades de nuestro pa\u00eds.<\/p>\n<p>En lo que respecta a sus presentaciones, dijo que sus interpretaciones son acompa\u00f1adas con proyecciones de fotograf\u00edas espectaculares, que son registro de la riqueza natural de nuestras regiones.<\/p>\n<p>Asimismo invit\u00f3 a todo nuestro auditorio para asistir a la presentaci\u00f3n de este material discogr\u00e1fico, el d\u00eda de ma\u00f1ana jueves 14 de marzo en punto de las 20 horas en el Jard\u00edn Etnobot\u00e1nico de Oaxaca.<\/p>\n<p>Dicho evento est\u00e1 totalmente abierto al p\u00fablico y los boletos para el acceso se otorgan en las oficinas de la Fundaci\u00f3n Alfredo Harp Hel\u00fa Oaxaca, que est\u00e1n ubicadas en Antiguo Callej\u00f3n de San Pablo s\/n, entrada por Independencia 904, antes 57.<\/p>\n<p>Por \u00faltimo dijo estar contenta y orgullosa de poder presentar por fin su nuevo material discogr\u00e1fico con su gente, ya que \u00e9ste lo ha presentado en Baja California y la Ciudad de M\u00e9xico.<\/p>\n<p>A continuaci\u00f3n, te compartimos un video de la presentaci\u00f3n de este material\u00a0en el auditorio de la Biblioteca Vasconcelos el viernes 31 de agosto de 2012, como un antecedente:<\/p>\n<p><iframe loading=\"lazy\" src=\"http:\/\/www.youtube.com\/embed\/eyllGxZv8NY\" frameborder=\"0\" width=\"560\" height=\"315\"><\/iframe><\/p>\n\n\t\t\t  <div \n\t\t\t  \tclass = \"fb-comments\" \n\t\t\t  \tdata-href = \"http:\/\/www.eloriente.net\/home\/2013\/03\/13\/susana-harp-orgullosa-de-presentar-aguadiosa\/\"\n\t\t\t  \tdata-numposts = \"10\"\n\t\t\t\tdata-colorscheme = \"dark\"\n\t\t\t\tdata-order-by = \"social\"\n\t\t\t\tdata-mobile=true>\n\t\t\t  <\/div>\n\t\t  <style>\n\t\t\t.fb_iframe_widget_fluid_desktop iframe {\n\t\t\t    width: 100% !important;\n\t\t\t}\n\t\t  <\/style>\n\t\t  ","protected":false},"excerpt":{"rendered":"<p>todooaxacaradio.com 13 de marzo de 2013 En nuestro programa Todo Oaxaca Radio del martes 12 de marzo de 2013, contamos con la presencia de la talentosa cantante oaxaque\u00f1a Susana Harp, quien nos platic\u00f3 de lo contenta que est\u00e1 de presentar su nuevo material discogr\u00e1fico titulado \u201cAguadiosa\u201d. Aguadiosa Sones y D\u00e9cimas por la vida, es un [&hellip;]<\/p>\n","protected":false},"author":1,"featured_media":9691,"comment_status":"open","ping_status":"open","sticky":false,"template":"","format":"standard","meta":{"_jetpack_memberships_contains_paid_content":false,"footnotes":""},"categories":[18,32,10,12],"tags":[],"class_list":["post-9690","post","type-post","status-publish","format-standard","has-post-thumbnail","hentry","category-educacion-y-cultura","category-entradas","category-lo-mas-reciente","category-todo-oaxaca-radio"],"jetpack_featured_media_url":"http:\/\/www.eloriente.net\/home\/wp-content\/uploads\/2013\/03\/Susana-final.jpg","jetpack_sharing_enabled":true,"_links":{"self":[{"href":"http:\/\/www.eloriente.net\/home\/wp-json\/wp\/v2\/posts\/9690"}],"collection":[{"href":"http:\/\/www.eloriente.net\/home\/wp-json\/wp\/v2\/posts"}],"about":[{"href":"http:\/\/www.eloriente.net\/home\/wp-json\/wp\/v2\/types\/post"}],"author":[{"embeddable":true,"href":"http:\/\/www.eloriente.net\/home\/wp-json\/wp\/v2\/users\/1"}],"replies":[{"embeddable":true,"href":"http:\/\/www.eloriente.net\/home\/wp-json\/wp\/v2\/comments?post=9690"}],"version-history":[{"count":7,"href":"http:\/\/www.eloriente.net\/home\/wp-json\/wp\/v2\/posts\/9690\/revisions"}],"predecessor-version":[{"id":9698,"href":"http:\/\/www.eloriente.net\/home\/wp-json\/wp\/v2\/posts\/9690\/revisions\/9698"}],"wp:featuredmedia":[{"embeddable":true,"href":"http:\/\/www.eloriente.net\/home\/wp-json\/wp\/v2\/media\/9691"}],"wp:attachment":[{"href":"http:\/\/www.eloriente.net\/home\/wp-json\/wp\/v2\/media?parent=9690"}],"wp:term":[{"taxonomy":"category","embeddable":true,"href":"http:\/\/www.eloriente.net\/home\/wp-json\/wp\/v2\/categories?post=9690"},{"taxonomy":"post_tag","embeddable":true,"href":"http:\/\/www.eloriente.net\/home\/wp-json\/wp\/v2\/tags?post=9690"}],"curies":[{"name":"wp","href":"https:\/\/api.w.org\/{rel}","templated":true}]}}