{"id":9788,"date":"2013-03-16T10:39:42","date_gmt":"2013-03-16T16:39:42","guid":{"rendered":"http:\/\/www.eloriente.net\/home\/?p=9788"},"modified":"2013-03-16T12:18:20","modified_gmt":"2013-03-16T18:18:20","slug":"lucio-muniain-imparte-conferencia-y-taller-en-facultad-de-arquitectura-c-u-de-la-uabjo","status":"publish","type":"post","link":"http:\/\/www.eloriente.net\/home\/2013\/03\/16\/lucio-muniain-imparte-conferencia-y-taller-en-facultad-de-arquitectura-c-u-de-la-uabjo\/","title":{"rendered":"Lucio Muniain imparte conferencia y taller en Arquitectura C.U. de la UABJO"},"content":{"rendered":"<p>eloriente.net<\/p>\n<p>16 de marzo de 2013<\/p>\n<p>eloriente.net (Oaxaca, Oax.) 16 de marzo de 2013.- En esta semana, la Facultad de Arquitectura C.U. de la Universidad Aut\u00f3noma \u201cBenito Ju\u00e1rez\u201d de Oaxaca (UABJO) llev\u00f3 a cabo la conferencia \u201cArquitectura a la mexicana\u201d y el taller \u201cDise\u00f1ando la realidad real\u201d impartidos por el reconocido arquitecto Lucio Muniain.<\/p>\n<p>Lucio Muniain, estudi\u00f3 Arquitectura y Urbanismo en la Universidad Iberoamericana y en la Architectural Design, Parsons School of Design en Nueva York, donde realiz\u00f3 estudios de Maestr\u00eda. Actualmente es reconocido a nivel mundial por su propuesta de desarrollo urbano basada en el reflejo de los submundos citadinos.<\/p>\n<p>Enrique Mayoral Guzm\u00e1n, Director de la Facultad, inform\u00f3 que la realizaci\u00f3n de este evento fue posible gracias a la gesti\u00f3n del Cuerpo Acad\u00e9mico Estudio de Arquitectura y representa una \u201cexcelente oportunidad para que estudiantes de todos los semestres se acerquen al trabajo de arquitectos reconocidos y puedan conocer de primera mano c\u00f3mo abordar los problemas de la arquitectura desde nuevos enfoques\u201d.<\/p>\n<p>El Director tambi\u00e9n anunci\u00f3 que se realizar\u00e1n nuevas conferencias y talleres en los pr\u00f3ximos meses, teniendo como invitados a destacados arquitectos como Felipe Leal y Alejandro Rivadeneyra.<\/p>\n<p>@El_Oriente te comparte el enlace para que puedas consultar el trabajo arquitect\u00f3nico de Munain, solo da click <a href=\"http:\/\/www.lmetal.com.mx\" target=\"_blank\">AQU\u00cd.<\/a><\/p>\n<p>&nbsp;<\/p>\n<p><a href=\"http:\/\/www.eloriente.net\/home\/wp-content\/uploads\/2013\/03\/Lucio-Muniain-en-UABJO.jpg\"><img loading=\"lazy\" decoding=\"async\" class=\"aligncenter size-medium wp-image-9789\" title=\"Lucio Muniain en UABJO\" src=\"http:\/\/www.eloriente.net\/home\/wp-content\/uploads\/2013\/03\/Lucio-Muniain-en-UABJO-300x171.jpg\" alt=\"\" width=\"300\" height=\"171\" srcset=\"http:\/\/www.eloriente.net\/home\/wp-content\/uploads\/2013\/03\/Lucio-Muniain-en-UABJO-300x171.jpg 300w, http:\/\/www.eloriente.net\/home\/wp-content\/uploads\/2013\/03\/Lucio-Muniain-en-UABJO.jpg 1024w\" sizes=\"(max-width: 300px) 100vw, 300px\" \/><\/a><\/p>\n\n\t\t\t  <div \n\t\t\t  \tclass = \"fb-comments\" \n\t\t\t  \tdata-href = \"http:\/\/www.eloriente.net\/home\/2013\/03\/16\/lucio-muniain-imparte-conferencia-y-taller-en-facultad-de-arquitectura-c-u-de-la-uabjo\/\"\n\t\t\t  \tdata-numposts = \"10\"\n\t\t\t\tdata-colorscheme = \"dark\"\n\t\t\t\tdata-order-by = \"social\"\n\t\t\t\tdata-mobile=true>\n\t\t\t  <\/div>\n\t\t  <style>\n\t\t\t.fb_iframe_widget_fluid_desktop iframe {\n\t\t\t    width: 100% !important;\n\t\t\t}\n\t\t  <\/style>\n\t\t  ","protected":false},"excerpt":{"rendered":"<p>eloriente.net 16 de marzo de 2013 eloriente.net (Oaxaca, Oax.) 16 de marzo de 2013.- En esta semana, la Facultad de Arquitectura C.U. de la Universidad Aut\u00f3noma \u201cBenito Ju\u00e1rez\u201d de Oaxaca (UABJO) llev\u00f3 a cabo la conferencia \u201cArquitectura a la mexicana\u201d y el taller \u201cDise\u00f1ando la realidad real\u201d impartidos por el reconocido arquitecto Lucio Muniain. Lucio [&hellip;]<\/p>\n","protected":false},"author":1,"featured_media":9789,"comment_status":"open","ping_status":"open","sticky":false,"template":"","format":"standard","meta":{"_jetpack_memberships_contains_paid_content":false,"footnotes":""},"categories":[29,18,32,10],"tags":[],"class_list":["post-9788","post","type-post","status-publish","format-standard","has-post-thumbnail","hentry","category-capital","category-educacion-y-cultura","category-entradas","category-lo-mas-reciente"],"jetpack_featured_media_url":"http:\/\/www.eloriente.net\/home\/wp-content\/uploads\/2013\/03\/Lucio-Muniain-en-UABJO.jpg","jetpack_sharing_enabled":true,"_links":{"self":[{"href":"http:\/\/www.eloriente.net\/home\/wp-json\/wp\/v2\/posts\/9788"}],"collection":[{"href":"http:\/\/www.eloriente.net\/home\/wp-json\/wp\/v2\/posts"}],"about":[{"href":"http:\/\/www.eloriente.net\/home\/wp-json\/wp\/v2\/types\/post"}],"author":[{"embeddable":true,"href":"http:\/\/www.eloriente.net\/home\/wp-json\/wp\/v2\/users\/1"}],"replies":[{"embeddable":true,"href":"http:\/\/www.eloriente.net\/home\/wp-json\/wp\/v2\/comments?post=9788"}],"version-history":[{"count":4,"href":"http:\/\/www.eloriente.net\/home\/wp-json\/wp\/v2\/posts\/9788\/revisions"}],"predecessor-version":[{"id":9791,"href":"http:\/\/www.eloriente.net\/home\/wp-json\/wp\/v2\/posts\/9788\/revisions\/9791"}],"wp:featuredmedia":[{"embeddable":true,"href":"http:\/\/www.eloriente.net\/home\/wp-json\/wp\/v2\/media\/9789"}],"wp:attachment":[{"href":"http:\/\/www.eloriente.net\/home\/wp-json\/wp\/v2\/media?parent=9788"}],"wp:term":[{"taxonomy":"category","embeddable":true,"href":"http:\/\/www.eloriente.net\/home\/wp-json\/wp\/v2\/categories?post=9788"},{"taxonomy":"post_tag","embeddable":true,"href":"http:\/\/www.eloriente.net\/home\/wp-json\/wp\/v2\/tags?post=9788"}],"curies":[{"name":"wp","href":"https:\/\/api.w.org\/{rel}","templated":true}]}}