{"id":11243,"count":1,"description":"","link":"http:\/\/www.eloriente.net\/home\/tag\/dia-del-nino-y-la-nina\/","name":"D\u00eda del Ni\u00f1o y la Ni\u00f1a","slug":"dia-del-nino-y-la-nina","taxonomy":"post_tag","meta":[],"_links":{"self":[{"href":"http:\/\/www.eloriente.net\/home\/wp-json\/wp\/v2\/tags\/11243"}],"collection":[{"href":"http:\/\/www.eloriente.net\/home\/wp-json\/wp\/v2\/tags"}],"about":[{"href":"http:\/\/www.eloriente.net\/home\/wp-json\/wp\/v2\/taxonomies\/post_tag"}],"wp:post_type":[{"href":"http:\/\/www.eloriente.net\/home\/wp-json\/wp\/v2\/posts?tags=11243"}],"curies":[{"name":"wp","href":"https:\/\/api.w.org\/{rel}","templated":true}]}}