{"id":12536,"count":1,"description":"","link":"http:\/\/www.eloriente.net\/home\/tag\/premio-de-poesia-angela-garcia\/","name":"Premio de Poes\u00eda. \u00c1ngela Garc\u00eda","slug":"premio-de-poesia-angela-garcia","taxonomy":"post_tag","meta":[],"_links":{"self":[{"href":"http:\/\/www.eloriente.net\/home\/wp-json\/wp\/v2\/tags\/12536"}],"collection":[{"href":"http:\/\/www.eloriente.net\/home\/wp-json\/wp\/v2\/tags"}],"about":[{"href":"http:\/\/www.eloriente.net\/home\/wp-json\/wp\/v2\/taxonomies\/post_tag"}],"wp:post_type":[{"href":"http:\/\/www.eloriente.net\/home\/wp-json\/wp\/v2\/posts?tags=12536"}],"curies":[{"name":"wp","href":"https:\/\/api.w.org\/{rel}","templated":true}]}}