{"id":7299,"count":1,"description":"","link":"http:\/\/www.eloriente.net\/home\/tag\/comite-intergubernamental-para-la-proteccion-y-la-promocion-de-la-diversidad-de-las-expresiones-culturales\/","name":"Comit\u00e9 intergubernamental para la protecci\u00f3n y la promoci\u00f3n de la diversidad de las expresiones culturales","slug":"comite-intergubernamental-para-la-proteccion-y-la-promocion-de-la-diversidad-de-las-expresiones-culturales","taxonomy":"post_tag","meta":[],"_links":{"self":[{"href":"http:\/\/www.eloriente.net\/home\/wp-json\/wp\/v2\/tags\/7299"}],"collection":[{"href":"http:\/\/www.eloriente.net\/home\/wp-json\/wp\/v2\/tags"}],"about":[{"href":"http:\/\/www.eloriente.net\/home\/wp-json\/wp\/v2\/taxonomies\/post_tag"}],"wp:post_type":[{"href":"http:\/\/www.eloriente.net\/home\/wp-json\/wp\/v2\/posts?tags=7299"}],"curies":[{"name":"wp","href":"https:\/\/api.w.org\/{rel}","templated":true}]}}