{"id":12222,"date":"2013-05-23T12:21:26","date_gmt":"2013-05-23T18:21:26","guid":{"rendered":"http:\/\/www.eloriente.net\/home\/?p=12222"},"modified":"2013-05-23T12:21:27","modified_gmt":"2013-05-23T18:21:27","slug":"cultura-en-plan-nacional-de-desarrollo","status":"publish","type":"post","link":"https:\/\/www.eloriente.net\/home\/2013\/05\/23\/cultura-en-plan-nacional-de-desarrollo\/","title":{"rendered":"Cultura en Plan Nacional de Desarrollo"},"content":{"rendered":"<p style=\"text-align: right\">Por: Juan Pablo Vasconcelos*<\/p>\n<p style=\"text-align: left\">Las siguientes razones, sobre la importancia de un Plan Nacional de Desarrollo, ser\u00edan suficientes para considerar su comentario: porque los programas y proyectos de la administraci\u00f3n p\u00fablica deben, por ley, alinearse a los objetivos y estrategias planteadas en el mismo; y adem\u00e1s porque este es el documento que comunica la visi\u00f3n y estrategia de gobierno de una administraci\u00f3n p\u00fablica.<\/p>\n<p style=\"text-align: left\">Pero hay una tercera que me parece central en nuestro tiempo: en M\u00e9xico, no podemos darnos el lujo de andar a la deriva, gobernando en ocurrencias o implementando programas para la promoci\u00f3n personal. De alguna manera, <strong>el Plan es un instrumento de rendici\u00f3n de cuentas<\/strong>, y el Plan funciona como la medida a la cual, voluntaria y definitivamente, debe ce\u00f1irse la acci\u00f3n del gobierno.<\/p>\n<p>Ni qu\u00e9 decir en materia cultural. En <strong>un momento especialmente delicado para el pa\u00eds, marcado por el clima de violencia e inseguridad, el rubro del arte y la cultura se yergue como un camino transitable y propicio para la construcci\u00f3n social<\/strong>, motivador de cohesi\u00f3n, y convivencia.<\/p>\n<p>En adici\u00f3n, la estrategia de comunicaci\u00f3n y persuasi\u00f3n del actual gobierno federal, har\u00edan pensar que estamos en presencia de renovadas prioridades, como lo es en primer t\u00e9rmino el abono en una positiva percepci\u00f3n de M\u00e9xico, tanto al interior como en el exterior. Para la federaci\u00f3n la imagen es un factor de consenso, y este es un punto definitorio de cada una de sus pol\u00edticas.<\/p>\n<p>En ese contexto, el Plan Nacional de Desarrollo 2013-2018 recientemente publicado por la administraci\u00f3n del presidente Pe\u00f1a, <strong>est\u00e1 imbuido de una \u201cperspectiva de la circunstancia\u201d en materia cultural<\/strong>, es decir, entiende el momento que vive la sociedad mexicana de nuestro tiempo. Y en ese sentido, comprende que la preservaci\u00f3n y promoci\u00f3n de la cultura desde el gobierno debe verse con una perspectiva amplia, como un instrumento de unidad, cohesionador e impulsor de las potencialidades individuales y colectivas, y no \u00fanicamente como un financiador de actividades y proyectos o un mero lastre burocr\u00e1tico.<\/p>\n<p>En la medida en que la pol\u00edtica cultural se considera una pol\u00edtica nacional, la perspectiva del pa\u00eds es m\u00e1s justa y esperanzadora.<\/p>\n<p>Un segundo aspecto importante es <strong>la ampliaci\u00f3n del concepto de seguridad nacional<\/strong>, ahora no exclusivamente relacionado con actos violentos sino sobre todo con la protecci\u00f3n de los derechos de la poblaci\u00f3n, incluyendo los culturales. Eso ayuda a incluir a la cultura en las prioridades de la prevenci\u00f3n y abre una importante ventana de oportunidad para la poblaci\u00f3n vulnerable imbuida en la violencia.<\/p>\n<p>Identifico tambi\u00e9n un tercer factor relevante: \u201cUna Educaci\u00f3n de Calidad no se puede entender sin la cultura y el deporte\u201d. Lo cito textualmente, porque muy a pesar de ser palabras combinadas incesantemente, lo cierto es que en los hechos no hemos podido reflejar esas intenciones<strong>. Cultura y deporte son inseparables<\/strong>, como lo quer\u00edan las antiguas civilizaciones o a\u00fan como lo entendemos todos naturalmente cuando ni\u00f1os, pero que olvidamos cuando adultos.<\/p>\n<p><strong>Este trinomio: perspectiva de la circunstancia actual de la sociedad mexicana, la construcci\u00f3n y prevenci\u00f3n social de la violencia, y una educaci\u00f3n con cultura y deporte, me parecen fundamentales para entender el renovado enfoque nacional en la materia.<\/strong><\/p>\n<p>Si bien es cierto que el Plan no deja de tocar otros aspectos como el desarrollo tecnol\u00f3gico o el impulso al turismo cultural, creo que el \u00e9nfasis est\u00e1 puesto en otro sitio que es la cohesi\u00f3n, y tambi\u00e9n creo que est\u00e1 bien donde est\u00e1.<\/p>\n<p>A ello sumo algunos aspectos descriptivos. El Plan tiene en general <strong>5 \u201cmetas nacionales\u201d<\/strong> y en cada una se van sumando datos de diagn\u00f3stico, estrategias, objetivos y l\u00edneas de acci\u00f3n. En cultura, se van desglosando m\u00e1s o menos de la siguiente forma.<\/p>\n<p>En cuanto a \u201cM\u00e9xico en Paz\u201d, se instrumentar\u00e1 una \u201cpol\u00edtica de estado en materia de derechos humanos\u201d, incluyendo los culturales. En este rubro se enfatiza lo relativo al concepto de seguridad que ya comento arriba.<\/p>\n<p>La segunda meta, \u201cM\u00e9xico Incluyente\u201d, considera la articulaci\u00f3n de pol\u00edticas que \u201catiendan de manera espec\u00edfica cada etapa del ciclo de vida de la poblaci\u00f3n\u201d, as\u00ed como lo relativo a la poblaci\u00f3n ind\u00edgena, donde destaca la \u201carmonizaci\u00f3n del marco jur\u00eddico nacional en materia de derechos ind\u00edgenas\u201d.<\/p>\n<p>En \u201cM\u00e9xico con Educaci\u00f3n de Calidad\u201d, se abordan estrategias relativas al grueso de la pol\u00edtica cultural, enmarcados en una intenci\u00f3n que me parece central: \u201cSituar a la cultura entre los servicios b\u00e1sico brindados a la poblaci\u00f3n como forma de favorecer la cohesi\u00f3n social\u201d. En la l\u00ednea de lo que hasta aqu\u00ed he comentado. Adicionalmente, contempla los rubros de Industrias Culturales, Infraestructura, Patrimonio Cultural y Tecnolog\u00edas de la Informaci\u00f3n.<\/p>\n<p>Para \u201cM\u00e9xico pr\u00f3spero\u201d, se trata la relaci\u00f3n entre cultura y turismo, otra vez bajo la premisa de que se impulse la sustentabilidad y que los recursos producidos por el turismo sean fuente de bienestar social.<\/p>\n<p>\u201cM\u00e9xico con responsabilidad global\u201d, toca dos rubros centrales: la diplomacia cultural y el impulso de la cultura e imagen mexicana en el extranjero, y una pol\u00edtica especial para la poblaci\u00f3n migrante.<\/p>\n<p>En suma, <strong>el \u00e9nfasis de la pol\u00edtica cultural es claro y consistente en todo el plan<\/strong>, cosa que debe reconocerse.<\/p>\n<p>Finalmente, algo que debe se\u00f1alarse: <strong>el Plan menciona, endeble y t\u00edmidamente, el impulso de la creaci\u00f3n y el trabajo de los artistas<\/strong>, int\u00e9rpretes, ejecutantes, en fin, de los trabajadores del arte y la cultura. Poco se habla de programas de fomento a la creaci\u00f3n o de garant\u00edas para el sector. En este sentido en particular habr\u00e1 que estar atentos cuando llegue el momento de la elaboraci\u00f3n del <strong>Programa Nacional de Cultura y Arte<\/strong>, para que los artistas y promotores tengan el margen de actividad que requieren.<\/p>\n<p>Sin embargo, en las l\u00edneas generales trazadas, pueden encontrarse los espacios necesarios para ello<\/p>\n<p><em>*El autor es Magister en Gesti\u00f3n Cultural por el Instituto Jos\u00e9 Ortega y Gasset, adscrito a la Universidad Complutense de Madrid.<\/em><\/p>\n<p><a href=\"http:\/\/www.eloriente.net\/home\/wp-content\/uploads\/2013\/03\/Museo-del-palacio1.jpg\"><img loading=\"lazy\" decoding=\"async\" class=\"alignnone size-medium wp-image-9843\" src=\"http:\/\/www.eloriente.net\/home\/wp-content\/uploads\/2013\/03\/Museo-del-palacio1-300x200.jpg\" alt=\"\" width=\"300\" height=\"200\" srcset=\"https:\/\/www.eloriente.net\/home\/wp-content\/uploads\/2013\/03\/Museo-del-palacio1-300x200.jpg 300w, https:\/\/www.eloriente.net\/home\/wp-content\/uploads\/2013\/03\/Museo-del-palacio1.jpg 960w\" sizes=\"(max-width: 300px) 100vw, 300px\" \/><\/a><\/p>\n<p>&nbsp;<\/p>\n\n\t\t\t  <div \n\t\t\t  \tclass = \"fb-comments\" \n\t\t\t  \tdata-href = \"https:\/\/www.eloriente.net\/home\/2013\/05\/23\/cultura-en-plan-nacional-de-desarrollo\/\"\n\t\t\t  \tdata-numposts = \"10\"\n\t\t\t\tdata-colorscheme = \"dark\"\n\t\t\t\tdata-order-by = \"social\"\n\t\t\t\tdata-mobile=true>\n\t\t\t  <\/div>\n\t\t  <style>\n\t\t\t.fb_iframe_widget_fluid_desktop iframe {\n\t\t\t    width: 100% !important;\n\t\t\t}\n\t\t  <\/style>\n\t\t  ","protected":false},"excerpt":{"rendered":"<p>Por: Juan Pablo Vasconcelos* Las siguientes razones, sobre la importancia de un Plan Nacional de Desarrollo, ser\u00edan suficientes para considerar su comentario: porque los programas y proyectos de la administraci\u00f3n p\u00fablica deben, por ley, alinearse a los objetivos y estrategias planteadas en el mismo; y adem\u00e1s porque este es el documento que comunica la visi\u00f3n [&hellip;]<\/p>\n","protected":false},"author":13,"featured_media":9843,"comment_status":"open","ping_status":"open","sticky":false,"template":"","format":"standard","meta":{"_jetpack_memberships_contains_paid_content":false,"footnotes":""},"categories":[18,32,54,10],"tags":[],"class_list":["post-12222","post","type-post","status-publish","format-standard","has-post-thumbnail","hentry","category-educacion-y-cultura","category-entradas","category-juan-pablo-vasconcelos","category-lo-mas-reciente"],"jetpack_featured_media_url":"https:\/\/www.eloriente.net\/home\/wp-content\/uploads\/2013\/03\/Museo-del-palacio1.jpg","jetpack_sharing_enabled":true,"_links":{"self":[{"href":"https:\/\/www.eloriente.net\/home\/wp-json\/wp\/v2\/posts\/12222"}],"collection":[{"href":"https:\/\/www.eloriente.net\/home\/wp-json\/wp\/v2\/posts"}],"about":[{"href":"https:\/\/www.eloriente.net\/home\/wp-json\/wp\/v2\/types\/post"}],"author":[{"embeddable":true,"href":"https:\/\/www.eloriente.net\/home\/wp-json\/wp\/v2\/users\/13"}],"replies":[{"embeddable":true,"href":"https:\/\/www.eloriente.net\/home\/wp-json\/wp\/v2\/comments?post=12222"}],"version-history":[{"count":1,"href":"https:\/\/www.eloriente.net\/home\/wp-json\/wp\/v2\/posts\/12222\/revisions"}],"predecessor-version":[{"id":12223,"href":"https:\/\/www.eloriente.net\/home\/wp-json\/wp\/v2\/posts\/12222\/revisions\/12223"}],"wp:featuredmedia":[{"embeddable":true,"href":"https:\/\/www.eloriente.net\/home\/wp-json\/wp\/v2\/media\/9843"}],"wp:attachment":[{"href":"https:\/\/www.eloriente.net\/home\/wp-json\/wp\/v2\/media?parent=12222"}],"wp:term":[{"taxonomy":"category","embeddable":true,"href":"https:\/\/www.eloriente.net\/home\/wp-json\/wp\/v2\/categories?post=12222"},{"taxonomy":"post_tag","embeddable":true,"href":"https:\/\/www.eloriente.net\/home\/wp-json\/wp\/v2\/tags?post=12222"}],"curies":[{"name":"wp","href":"https:\/\/api.w.org\/{rel}","templated":true}]}}