{"id":15059,"date":"2013-07-24T11:14:49","date_gmt":"2013-07-24T17:14:49","guid":{"rendered":"http:\/\/www.eloriente.net\/home\/?p=15059"},"modified":"2013-07-24T11:14:49","modified_gmt":"2013-07-24T17:14:49","slug":"ley-de-fomento-para-la-lectura-y-el-libro-un-logro-de-los-ciudadanos","status":"publish","type":"post","link":"https:\/\/www.eloriente.net\/home\/2013\/07\/24\/ley-de-fomento-para-la-lectura-y-el-libro-un-logro-de-los-ciudadanos\/","title":{"rendered":"Ley de Fomento para la Lectura y el Libro, un logro de los ciudadanos"},"content":{"rendered":"<p>eloriente.net<\/p>\n<p>24 de julio de 2013<\/p>\n<p>eloriente.net (Oaxaca, Oax.) 24 de julio de 2013.- En abril de 2008 el Congreso de M\u00e9xico aprob\u00f3 la<em><\/em><strong><em> Ley de Fomento para la Lectura y el Libro<\/em><\/strong>, y el 23 de julio de ese mismo a\u00f1o, en una ceremonia en el sal\u00f3n L\u00f3pez Mateos de Los Pinos, el entonces presidente de la rep\u00fablica Felipe Calder\u00f3n Hinojosa firm\u00f3 el decreto de promulgaci\u00f3n de<em><\/em> dicha ley, el cual apareci\u00f3 publicado al d\u00eda siguiente en el Diario Oficial de la Federaci\u00f3n.<\/p>\n<p>Esta ley es el <strong>resultado del trabajo conjunto de un grupo plural de personas con reconocidas trayectorias en el \u00e1mbito del libro y la lectura en nuestro pa\u00eds<\/strong>, y ha generado un acuerdo ampliamente mayoritario entre editores, libreros, partidos pol\u00edticos, artistas, escritores e intelectuales de diferentes posturas pol\u00edticas.<\/p>\n<p>En la exposici\u00f3n de motivos que se present\u00f3 al Congreso de la Uni\u00f3n se se\u00f1alaron dos aspectos con los que\u00a0esta incitativa de ley enriquec\u00eda su campo de influencia: la atenci\u00f3n al desarrollo profesional a trav\u00e9s de la capacitaci\u00f3n de los diferentes actores de la cadena del libro y la lectura, y el reconocimiento y coordinaci\u00f3n de las acciones originadas en la participaci\u00f3n ciudadana. Tambi\u00e9n se expuso que era urgente facilitar el acceso equitativo al libro al garantizar que tenga el mismo precio de venta al p\u00fablico en todo el territorio nacional, sin importar d\u00f3nde se adquiera, y al incentivar as\u00ed la creaci\u00f3n de librer\u00edas que compitan en el terreno del surtido y del servicio, antes que en el terreno del descuento<\/p>\n<p>Como dato importante se indic\u00f3 que M\u00e9xico posee el mayor n\u00famero de hispanohablantes del planeta y por lo tanto, su industria editorial deber\u00eda colocarse a la cabeza de la todas la industrias de la lengua. Se se\u00f1alaron los casos de pa\u00edses como Espa\u00f1a, Colombia y Argentina, que han entendido la importancia que el libro y la lectura tienen para su desarrollo y le han dado prioridad al facilitar su presencia en la sociedad a trav\u00e9s de muy variados apoyos en todos los terrenos.<\/p>\n<p>\u00abEn el mediano plazo, nuestra legislaci\u00f3n debe proporcionar todos los instrumentos que nos permitan no s\u00f3lo consolidar el papel social del libro, sino permitir que el pa\u00eds recupere el terreno perdido en las \u00faltimas d\u00e9cadas y vuelva a tener una de las industrias m\u00e1s poderosas del idioma, como suced\u00eda hace treinta o cuarenta a\u00f1os\u00bb.<\/p>\n<p>La Ley contempla la creaci\u00f3n del Consejo Nacional de Fomento para el Libro y la Lectura como un \u00f3rgano consultivo de la Secretar\u00eda de Educaci\u00f3n P\u00fablica y espacio de concertaci\u00f3n y asesor\u00eda entre todas las instancias p\u00fablicas, sociales y privadas vinculadas al libro y la lectura; las acciones permanentes de fomento a la lectura a trav\u00e9s de la red de Bibliotecas P\u00fablicas y salas de lectura; la coordinaci\u00f3n interinstitucional e intergubernamental, as\u00ed como la vinculaci\u00f3n de la sociedad civil para el impulso de las actividades que promuevan la formaci\u00f3n de lectores; las normas de disponibilidad y acceso equitativo al libro, entre otros temas.<\/p>\n<p>Un ejemplo m\u00e1s de que la sociedad civil organizada tiene la capacidad de construirse un futuro mejor.<\/p>\n<p>Puedes consultar la Ley de Fomento par ala Lectura y el Libro <a href=\"http:\/\/www.leydellibro.org.mx\/ley.shtml\" target=\"_blank\">AQU\u00cd.<\/a><\/p>\n<p>&nbsp;<\/p>\n<p>Notas relacionadas:<\/p>\n<p><a title=\"Permalink to Sondeos sobre h\u00e1bito de lectura y descarga de e-books por D\u00eda Mundial del Libro\" href=\"http:\/\/www.eloriente.net\/home\/2013\/04\/23\/dia-mundial-del-libro-y-del-derecho-de-autor\/\" rel=\"bookmark\">Sondeos sobre h\u00e1bito de lectura y descarga de e-books por D\u00eda Mundial del Libro<\/a><\/p>\n<p><a href=\"http:\/\/www.eloriente.net\/home\/2013\/04\/23\/dia-mundial-del-libro-y-del-derecho-de-autor\/\" rel=\"bookmark\"><img decoding=\"async\" title=\"Sondeos sobre h\u00e1bito de lectura y descarga de e-books por D\u00eda Mundial del Libro\" src=\"http:\/\/www.eloriente.net\/home\/wp-content\/themes\/city-desk\/timthumb.php?src=http%3A%2F%2Fwww.eloriente.net%2Fhome%2Fwp-content%2Fuploads%2F2012%2F11%2FAlgunos-derechos-reservados-por-Paco-Vila-Libros.jpg&amp;q=90&amp;w=160&amp;h=106&amp;zc=1\" alt=\"Sondeos sobre h\u00e1bito de lectura y descarga de e-books por D\u00eda Mundial del Libro\" \/><\/a><\/p>\n<p>eloriente.net\/ UNESCO 23 de abril de 2013 eloriente.net (Oaxaca, Oax.) 23 de abril de 2013.- Este martes 23 de abril se celebra el D\u00eda Mundial del Libro y el Derecho de Autor,\u00a0establecido por la Organizaci\u00f3n de las Naciones Unidas para la Educaci\u00f3n, la Ciencia y la Cultura (UNESCO) hace 17 a\u00f1os,\u00a0con el objetivo de fomentar [&#8230;]<\/p>\n<h1><\/h1>\n<address><a title=\"Permalink to 40% de capitalinos leen entre 2 y 3 libros al a\u00f1o: Sondeo GIII360\u00ba\" href=\"http:\/\/www.eloriente.net\/home\/2013\/04\/13\/40-de-capitalinos-leen-entre-2-y-3-libros-al-ano-sondeo-giii360o\/\" rel=\"bookmark\">40% de capitalinos leen entre 2 y 3 libros al a\u00f1o: Sondeo GIII360\u00ba<\/a><\/address>\n<p><a href=\"http:\/\/www.eloriente.net\/home\/2013\/04\/13\/40-de-capitalinos-leen-entre-2-y-3-libros-al-ano-sondeo-giii360o\/\" rel=\"bookmark\"><img decoding=\"async\" title=\"40% de capitalinos leen entre 2 y 3 libros al a\u00f1o: Sondeo GIII360\u00ba\" src=\"http:\/\/www.eloriente.net\/home\/wp-content\/themes\/city-desk\/timthumb.php?src=http%3A%2F%2Fwww.eloriente.net%2Fhome%2Fwp-content%2Fuploads%2F2013%2F04%2FAlgunos-derechos-reservados-por-ShardsOfBlue-libro.jpg&amp;q=90&amp;w=160&amp;h=106&amp;zc=1\" alt=\"40% de capitalinos leen entre 2 y 3 libros al a\u00f1o: Sondeo GIII360\u00ba\" \/><\/a><\/p>\n<p>eloriente.net 13 de abril de 2013 eloriente.net (Oaxaca, Oax.) 13 de abril de 2013.- El 40% de defe\u00f1os solo ley\u00f3 2 o 3\u00a0 libros completos en el \u00faltimo a\u00f1o, de acuerdo al sondeo realizado el 8 de marzo de 2013 en la Ciudad de M\u00e9xico por Grupo Impacto Inteligente 360\u00ba elaborado con el objetivo de [&#8230;]<\/p>\n<p>&nbsp;<\/p>\n<p><a title=\"Permalink to El mexicano lee menos; solo el 55% de hogares tienen de 1 a 10 libros: FunLectura\" href=\"http:\/\/www.eloriente.net\/home\/2013\/01\/18\/el-mexicano-lee-menos-solo-el-55-de-hogares-tienen-de-1-a-10-libros-funlectura\/\" rel=\"bookmark\">El mexicano lee menos; solo el 55% de hogares tienen de 1 a 10 libros: FunLectura<\/a><\/p>\n<p><a href=\"http:\/\/www.eloriente.net\/home\/2013\/01\/18\/el-mexicano-lee-menos-solo-el-55-de-hogares-tienen-de-1-a-10-libros-funlectura\/\" rel=\"bookmark\"><img decoding=\"async\" title=\"El mexicano lee menos; solo el 55% de hogares tienen de 1 a 10 libros: FunLectura\" src=\"http:\/\/www.eloriente.net\/home\/wp-content\/themes\/city-desk\/timthumb.php?src=http%3A%2F%2Fwww.eloriente.net%2Fhome%2Fwp-content%2Fuploads%2F2013%2F01%2FBIBLIOTECA2.jpg&amp;q=90&amp;w=160&amp;h=106&amp;zc=1\" alt=\"El mexicano lee menos; solo el 55% de hogares tienen de 1 a 10 libros: FunLectura\" \/><\/a><\/p>\n<p>eloriente.net 18 de enero de 2013 eloriente.net (Oaxaca, Oax.) 18 de enero de 2013.-En uno de cada dos hogares mexicanos solamente tienen de uno a diez libros que no son textos escolares, revel\u00f3 la Encuesta Nacional de Lectura 2012, elaborada por la Fundaci\u00f3n Mexicana para el Fomento de la Lectura A.C. (FunLectura), la cual fue [&#8230;]<\/p>\n<p>&nbsp;<\/p>\n<p>&nbsp;<\/p>\n<p>&nbsp;<\/p>\n\n\t\t\t  <div \n\t\t\t  \tclass = \"fb-comments\" \n\t\t\t  \tdata-href = \"https:\/\/www.eloriente.net\/home\/2013\/07\/24\/ley-de-fomento-para-la-lectura-y-el-libro-un-logro-de-los-ciudadanos\/\"\n\t\t\t  \tdata-numposts = \"10\"\n\t\t\t\tdata-colorscheme = \"dark\"\n\t\t\t\tdata-order-by = \"social\"\n\t\t\t\tdata-mobile=true>\n\t\t\t  <\/div>\n\t\t  <style>\n\t\t\t.fb_iframe_widget_fluid_desktop iframe {\n\t\t\t    width: 100% !important;\n\t\t\t}\n\t\t  <\/style>\n\t\t  ","protected":false},"excerpt":{"rendered":"<p>eloriente.net 24 de julio de 2013 eloriente.net (Oaxaca, Oax.) 24 de julio de 2013.- En abril de 2008 el Congreso de M\u00e9xico aprob\u00f3 la Ley de Fomento para la Lectura y el Libro, y el 23 de julio de ese mismo a\u00f1o, en una ceremonia en el sal\u00f3n L\u00f3pez Mateos de Los Pinos, el entonces [&hellip;]<\/p>\n","protected":false},"author":1,"featured_media":7624,"comment_status":"open","ping_status":"open","sticky":false,"template":"","format":"standard","meta":{"_jetpack_memberships_contains_paid_content":false,"footnotes":""},"categories":[18,32,13],"tags":[],"class_list":["post-15059","post","type-post","status-publish","format-standard","has-post-thumbnail","hentry","category-educacion-y-cultura","category-entradas","category-especiales"],"jetpack_featured_media_url":"https:\/\/www.eloriente.net\/home\/wp-content\/uploads\/2013\/01\/BIBLIOTECA2.jpg","jetpack_sharing_enabled":true,"_links":{"self":[{"href":"https:\/\/www.eloriente.net\/home\/wp-json\/wp\/v2\/posts\/15059"}],"collection":[{"href":"https:\/\/www.eloriente.net\/home\/wp-json\/wp\/v2\/posts"}],"about":[{"href":"https:\/\/www.eloriente.net\/home\/wp-json\/wp\/v2\/types\/post"}],"author":[{"embeddable":true,"href":"https:\/\/www.eloriente.net\/home\/wp-json\/wp\/v2\/users\/1"}],"replies":[{"embeddable":true,"href":"https:\/\/www.eloriente.net\/home\/wp-json\/wp\/v2\/comments?post=15059"}],"version-history":[{"count":4,"href":"https:\/\/www.eloriente.net\/home\/wp-json\/wp\/v2\/posts\/15059\/revisions"}],"predecessor-version":[{"id":15065,"href":"https:\/\/www.eloriente.net\/home\/wp-json\/wp\/v2\/posts\/15059\/revisions\/15065"}],"wp:featuredmedia":[{"embeddable":true,"href":"https:\/\/www.eloriente.net\/home\/wp-json\/wp\/v2\/media\/7624"}],"wp:attachment":[{"href":"https:\/\/www.eloriente.net\/home\/wp-json\/wp\/v2\/media?parent=15059"}],"wp:term":[{"taxonomy":"category","embeddable":true,"href":"https:\/\/www.eloriente.net\/home\/wp-json\/wp\/v2\/categories?post=15059"},{"taxonomy":"post_tag","embeddable":true,"href":"https:\/\/www.eloriente.net\/home\/wp-json\/wp\/v2\/tags?post=15059"}],"curies":[{"name":"wp","href":"https:\/\/api.w.org\/{rel}","templated":true}]}}