{"id":15171,"date":"2013-07-26T11:20:27","date_gmt":"2013-07-26T17:20:27","guid":{"rendered":"http:\/\/www.eloriente.net\/home\/?p=15171"},"modified":"2016-04-06T12:37:37","modified_gmt":"2016-04-06T18:37:37","slug":"cuenca-del-papaloapan-oaxaca-una-de-las-regiones-mas-fertiles-del-pais","status":"publish","type":"post","link":"https:\/\/www.eloriente.net\/home\/2013\/07\/26\/cuenca-del-papaloapan-oaxaca-una-de-las-regiones-mas-fertiles-del-pais\/","title":{"rendered":"Cuenca del Papaloapan, Oaxaca, una de las regiones m\u00e1s f\u00e9rtiles del pa\u00eds"},"content":{"rendered":"<p><script src=\"\/\/pagead2.googlesyndication.com\/pagead\/js\/adsbygoogle.js\" async=\"\"><\/script><!-- BANNER ELORIENTE INCRUSTADO NOTAS --> <ins class=\"adsbygoogle\" style=\"display: inline-block; width: 300px; height: 250px;\" data-ad-client=\"ca-pub-1136171134853753\" data-ad-slot=\"7974633627\"><\/ins><script>\/\/ <![CDATA[\n(adsbygoogle = window.adsbygoogle || []).push({});\n\/\/ ]]><\/script><\/p>\n<p>&nbsp;<\/p>\n<p>eloriente.net<\/p>\n<p>26 de julio de 2013<\/p>\n<p>eloriente.net (Oaxaca, Oax.) 26 de julio de 2013.- La regi\u00f3n de Cuenca del <em>Papaloapan<\/em> o de Tuxtepec \u2013una de las 8 regiones del estado de Oaxaca\u2013es considerada una de las regiones m\u00e1s f\u00e9rtiles del pa\u00eds por su riqueza vegetal y humana, as\u00ed lo indica la Doctora Margarita Dalton en su libro \u00abBreve Historia de Oaxaca\u00bb.<\/p>\n<p>Esta regi\u00f3n abarca abarca los distritos de Tuxtepec y Choapam en el norte del estado y est\u00e1 compuesta por 20 municipios donde habitan mixes, zapotecos, chinantecos y mazatecos.<\/p>\n<p style=\"text-align: center;\"><a href=\"http:\/\/www.eloriente.net\/home\/wp-content\/uploads\/2013\/07\/Captura-de-pantalla-2013-07-26-a-las-11.53.05.png\"><img loading=\"lazy\" decoding=\"async\" class=\"aligncenter wp-image-15172\" title=\"Captura de pantalla 2013-07-26 a la(s) 11.53.05\" src=\"http:\/\/www.eloriente.net\/home\/wp-content\/uploads\/2013\/07\/Captura-de-pantalla-2013-07-26-a-las-11.53.05.png\" alt=\"\" width=\"242\" height=\"416\" srcset=\"https:\/\/www.eloriente.net\/home\/wp-content\/uploads\/2013\/07\/Captura-de-pantalla-2013-07-26-a-las-11.53.05.png 303w, https:\/\/www.eloriente.net\/home\/wp-content\/uploads\/2013\/07\/Captura-de-pantalla-2013-07-26-a-las-11.53.05-174x300.png 174w\" sizes=\"(max-width: 242px) 100vw, 242px\" \/><\/a><\/p>\n<p>Seg\u00fan el infome regional del Centro de Informaci\u00f3n Estad\u00edstica y Documental para el Desarrollo (CIEDD), la regi\u00f3n del Papaloapan cuenta con 413,587 habitantes: 119, 155 hombres y 214, 432 mujeres. 161, 498 son hablantes de una lengua ind\u00edgena.<\/p>\n<p>Sobre datos de educaci\u00f3n se se\u00f1ala que el 93.74% de la poblaci\u00f3n total de 6 a 14 a\u00f1os asiste a la escuela y la poblaci\u00f3n de 15 a\u00f1os y m\u00e1s analfabeta en la regi\u00f3n es el 16% de la poblaci\u00f3n total.<\/p>\n<p>Los municipios con menor grado de escolaridad son San Felipe Jalapa de D\u00edaz, San Juan Lalana y San Juan Petlapa. En cambio, los que tienen mayor grado son San Juan Bautista Tuxtepec, Cosolapa y San Juan Chiltepec.<\/p>\n<p>&nbsp;<\/p>\n<p>En cuanto a la marginaci\u00f3n, 10 de los municipios que comprende esta regi\u00f3n, es decir, el 50%, tienen un <strong>alto grado<\/strong> de rezago social; 2 presentan un grado <strong>muy alto<\/strong>; 5 un grado <strong>medio<\/strong>; 2,<strong> bajo<\/strong> y solo un municipio tiene un grado muy bajo de rezago.<\/p>\n<p>El municipio con mayor grado de marginaci\u00f3n es San Juan Petapla, en cambio, San Juan Bautista Tuxtepec presenta el grado m\u00e1s bajo.<\/p>\n<p style=\"text-align: center;\"><a href=\"http:\/\/www.eloriente.net\/home\/wp-content\/uploads\/2013\/07\/Captura-de-pantalla-2013-07-26-a-las-12.18.44.png\"><img loading=\"lazy\" decoding=\"async\" class=\"aligncenter wp-image-15175\" title=\"Captura de pantalla 2013-07-26 a la(s) 12.18.44\" src=\"http:\/\/www.eloriente.net\/home\/wp-content\/uploads\/2013\/07\/Captura-de-pantalla-2013-07-26-a-las-12.18.44.png\" alt=\"\" width=\"422\" height=\"222\" srcset=\"https:\/\/www.eloriente.net\/home\/wp-content\/uploads\/2013\/07\/Captura-de-pantalla-2013-07-26-a-las-12.18.44.png 527w, https:\/\/www.eloriente.net\/home\/wp-content\/uploads\/2013\/07\/Captura-de-pantalla-2013-07-26-a-las-12.18.44-300x157.png 300w\" sizes=\"(max-width: 422px) 100vw, 422px\" \/><\/a><\/p>\n<p>&nbsp;<\/p>\n<p><script src=\"\/\/pagead2.googlesyndication.com\/pagead\/js\/adsbygoogle.js\" async=\"\"><\/script><!-- BANNER PEQUE\u00d1O PARA ENTRENOTAS EL ORIENTE --> <ins class=\"adsbygoogle\" style=\"display: inline-block; width: 468px; height: 60px;\" data-ad-client=\"ca-pub-1136171134853753\" data-ad-slot=\"4953536424\"><\/ins><script>\/\/ <![CDATA[\n(adsbygoogle = window.adsbygoogle || []).push({});\n\/\/ ]]><\/script><\/p>\n<p><strong>Cultura<\/strong><\/p>\n<p>El baile de esta regi\u00f3n, \u00abFlor de Pi\u00f1a\u00bb fue creado en 1958 y tiene cada a\u00f1o su m\u00e1xima representaci\u00f3n en las fiestas del Lunes del Cerro o Guelaguetza. Por el colorido de la indumentaria ind\u00edgena y la coreograf\u00eda se ha convertido en uno de los favoritos de la audiencia nacional e internacional.<\/p>\n<p>Desde del 2001, con el objetivo de descentralizar la actividad cultural de la capital del estado, as\u00ed como promover y difundir la cultura de la regi\u00f3n, se lleva a cabo el \u00abFestival del Papaloapan\u00bben\u00a0San Juan Bautista Tuxtepec y municipios de la regi\u00f3n. Este festival cual incluye conciertos, exposiciones pict\u00f3ricas, veladas literarias, espect\u00e1culos de teatro y danza, talleres artesanales y muestras gastron\u00f3micas a cargo de artistas locales, nacionales y extranjeros.<\/p>\n<p>Fuentes: Breve Historia de Oaxaca. Margarita Dalton\/ Centro de Informaci\u00f3n Estad\u00edstica y Documental para el Desarrollo (CIEDD)<\/p>\n<p>Tablas: CIEDD<\/p>\n<p>Consulta la informaci\u00f3n completa de la Carpeta Regional de CIEDD <a href=\"http:\/\/www.bieoaxaca.org\/sistema\/pdfs\/ciedd\/carp_papaloapan.pdf\" target=\"_blank\">AQU\u00cd.<\/a><\/p>\n<p>&nbsp;<\/p>\n<p><iframe loading=\"lazy\" src=\"\/\/www.youtube.com\/embed\/QgtP4WA17Mo\" width=\"560\" height=\"420\" frameborder=\"0\"><\/iframe><\/p>\n<p><a href=\"http:\/\/www.eloriente.net\/home\/wp-content\/uploads\/2013\/07\/papaloapan-DR-Region-del-Alto-Papaloapan.jpg\"><img loading=\"lazy\" decoding=\"async\" class=\"aligncenter size-medium wp-image-15173\" title=\"papaloapan-DR Region del Alto Papaloapan\" src=\"http:\/\/www.eloriente.net\/home\/wp-content\/uploads\/2013\/07\/papaloapan-DR-Region-del-Alto-Papaloapan-300x201.jpg\" alt=\"\" width=\"300\" height=\"201\" srcset=\"https:\/\/www.eloriente.net\/home\/wp-content\/uploads\/2013\/07\/papaloapan-DR-Region-del-Alto-Papaloapan-300x201.jpg 300w, https:\/\/www.eloriente.net\/home\/wp-content\/uploads\/2013\/07\/papaloapan-DR-Region-del-Alto-Papaloapan-1024x687.jpg 1024w, https:\/\/www.eloriente.net\/home\/wp-content\/uploads\/2013\/07\/papaloapan-DR-Region-del-Alto-Papaloapan.jpg 1280w\" sizes=\"(max-width: 300px) 100vw, 300px\" \/><\/a><\/p>\n<p>Foto: <a href=\"https:\/\/www.facebook.com\/pages\/Region-del-alto-papaloapan-distrito-de-tuxtepec-Oaxaca\/296896153695961\" target=\"_blank\">@Region del alto papaloapan<\/a><\/p>\n\n\t\t\t  <div \n\t\t\t  \tclass = \"fb-comments\" \n\t\t\t  \tdata-href = \"https:\/\/www.eloriente.net\/home\/2013\/07\/26\/cuenca-del-papaloapan-oaxaca-una-de-las-regiones-mas-fertiles-del-pais\/\"\n\t\t\t  \tdata-numposts = \"10\"\n\t\t\t\tdata-colorscheme = \"dark\"\n\t\t\t\tdata-order-by = \"social\"\n\t\t\t\tdata-mobile=true>\n\t\t\t  <\/div>\n\t\t  <style>\n\t\t\t.fb_iframe_widget_fluid_desktop iframe {\n\t\t\t    width: 100% !important;\n\t\t\t}\n\t\t  <\/style>\n\t\t  ","protected":false},"excerpt":{"rendered":"<p>&nbsp; eloriente.net 26 de julio de 2013 eloriente.net (Oaxaca, Oax.) 26 de julio de 2013.- La regi\u00f3n de Cuenca del Papaloapan o de Tuxtepec \u2013una de las 8 regiones del estado de Oaxaca\u2013es considerada una de las regiones m\u00e1s f\u00e9rtiles del pa\u00eds por su riqueza vegetal y humana, as\u00ed lo indica la Doctora Margarita Dalton [&hellip;]<\/p>\n","protected":false},"author":1,"featured_media":15173,"comment_status":"open","ping_status":"open","sticky":false,"template":"","format":"standard","meta":{"_jetpack_memberships_contains_paid_content":false,"footnotes":""},"categories":[32,13,23],"tags":[],"class_list":["post-15171","post","type-post","status-publish","format-standard","has-post-thumbnail","hentry","category-entradas","category-especiales","category-municipios"],"jetpack_featured_media_url":"https:\/\/www.eloriente.net\/home\/wp-content\/uploads\/2013\/07\/papaloapan-DR-Region-del-Alto-Papaloapan.jpg","jetpack_sharing_enabled":true,"_links":{"self":[{"href":"https:\/\/www.eloriente.net\/home\/wp-json\/wp\/v2\/posts\/15171"}],"collection":[{"href":"https:\/\/www.eloriente.net\/home\/wp-json\/wp\/v2\/posts"}],"about":[{"href":"https:\/\/www.eloriente.net\/home\/wp-json\/wp\/v2\/types\/post"}],"author":[{"embeddable":true,"href":"https:\/\/www.eloriente.net\/home\/wp-json\/wp\/v2\/users\/1"}],"replies":[{"embeddable":true,"href":"https:\/\/www.eloriente.net\/home\/wp-json\/wp\/v2\/comments?post=15171"}],"version-history":[{"count":9,"href":"https:\/\/www.eloriente.net\/home\/wp-json\/wp\/v2\/posts\/15171\/revisions"}],"predecessor-version":[{"id":43029,"href":"https:\/\/www.eloriente.net\/home\/wp-json\/wp\/v2\/posts\/15171\/revisions\/43029"}],"wp:featuredmedia":[{"embeddable":true,"href":"https:\/\/www.eloriente.net\/home\/wp-json\/wp\/v2\/media\/15173"}],"wp:attachment":[{"href":"https:\/\/www.eloriente.net\/home\/wp-json\/wp\/v2\/media?parent=15171"}],"wp:term":[{"taxonomy":"category","embeddable":true,"href":"https:\/\/www.eloriente.net\/home\/wp-json\/wp\/v2\/categories?post=15171"},{"taxonomy":"post_tag","embeddable":true,"href":"https:\/\/www.eloriente.net\/home\/wp-json\/wp\/v2\/tags?post=15171"}],"curies":[{"name":"wp","href":"https:\/\/api.w.org\/{rel}","templated":true}]}}