{"id":15202,"date":"2013-07-27T08:22:52","date_gmt":"2013-07-27T14:22:52","guid":{"rendered":"http:\/\/www.eloriente.net\/home\/?p=15202"},"modified":"2013-07-27T08:22:52","modified_gmt":"2013-07-27T14:22:52","slug":"escucha-a-cuerpo-academico-de-idiomas-uabjo-en-todo-oaxaca-radio","status":"publish","type":"post","link":"https:\/\/www.eloriente.net\/home\/2013\/07\/27\/escucha-a-cuerpo-academico-de-idiomas-uabjo-en-todo-oaxaca-radio\/","title":{"rendered":"Escucha a Cuerpo Acad\u00e9mico de Idiomas-UABJO en Todo Oaxaca Radio"},"content":{"rendered":"<p><a href=\"http:\/\/www.eloriente.net\/home\/wp-content\/uploads\/2013\/07\/CALAC-de-uabjo-en-TO-Radio.jpg\"><img loading=\"lazy\" decoding=\"async\" class=\"aligncenter size-medium wp-image-15203\" title=\"CALAC-de-uabjo-en-TO-Radio\" src=\"http:\/\/www.eloriente.net\/home\/wp-content\/uploads\/2013\/07\/CALAC-de-uabjo-en-TO-Radio-300x199.jpg\" alt=\"\" width=\"300\" height=\"199\" srcset=\"https:\/\/www.eloriente.net\/home\/wp-content\/uploads\/2013\/07\/CALAC-de-uabjo-en-TO-Radio-300x199.jpg 300w, https:\/\/www.eloriente.net\/home\/wp-content\/uploads\/2013\/07\/CALAC-de-uabjo-en-TO-Radio.jpg 800w\" sizes=\"(max-width: 300px) 100vw, 300px\" \/><\/a><\/p>\n<p>En el programa del martes 23 de julio de 2013 estuvieron en cabina la <strong>Dra. Mar\u00eda de los \u00c1ngeles Clemente Olmos y los Doctores William Michael Sughrua y Mario L\u00f3pez Gopar, <\/strong>quienes son el Cuerpo Acad\u00e9mico en Ling\u00fc\u00edstica Aplicada Cr\u00edtica (CALAC) de la Facultad de Idiomas de la Universidad Aut\u00f3noma \u00abBenito Ju\u00e1rez\u00bb de Oaxaca, para platicarnos sobre qu\u00e9 es la Lingu\u00edstica Aplicada, los proyectos que realizan y la certificaci\u00f3n de alto nivel que obtuvieron hace aproximadamente dos meses.<\/p>\n<p>Hace dos meses, el CALAC recibi\u00f3 por parte del Programa para el Mejoramiento del Profesorado (PROMEP) de la Secretar\u00eda de Educaci\u00f3n P\u00fablica (SEP) el nivel de Consolidado. De esta forma se convierte en el \u00fanico Cuerpo Acad\u00e9mico en la Rep\u00fablica Mexicana en alcanzar el nivel m\u00e1s alto en el \u00e1rea de investigaci\u00f3n en la ense\u00f1anza de idiomas.<\/p>\n<p>El Dr. William Michael Sughrua aclar\u00f3 que la Ling\u00fc\u00edstica Aplicada Cr\u00edtica emplea el lenguaje para fines sociales. En este sentido, el proyecto que actualmente realiza el Cuerpo Acad\u00e9mico y m\u00e1s de 30 alumnos se titula \u00abFormaci\u00f3n de profesores de lenguas en comunidades vulnerables\u00bb.<\/p>\n<p>En esta tarde, nuestros conductores comentaron sobre la Fiesta de los Lunes del Cerro, el maestro Rub\u00e9n Vasconcelos record\u00f3 que cada lunes era un d\u00eda par convivir y fraternizar, donde todas las familias pasaban el d\u00eda en el Cerro del Fort\u00edn, comiendo y compartiendo el espacio con los dem\u00e1s.<\/p>\n<p>En otro tema, lamentaron el fallecimiento el pasado 22 de julio, del artista pl\u00e1stico Alejandro Santiago, creador de la muestra \u00ab2501 migrantes\u00bb, por lo que enviaron sus condolencias a los familiares.<\/p>\n<p>En las efem\u00e9rides, el maestro Vasconcelos record\u00f3 que el 23 de julio de 1535, lleg\u00f3 a la ciudad de M\u00e9xico fray Domingo de Alburquerque, quien fue obispo de Antequera- Oaxaca, y quien don\u00f3 terrenos de su propiedad a los jesuitas para que construyesen su casa en la esquina de las ahora calles de Valerio Trujano y Ricardo Flores Mag\u00f3n, tambi\u00e9n a los dominicos para la construcci\u00f3n del convento para las Monjas Catalinas, hoy utilizado como hotel.<\/p>\n<p>El 23 de julio de 1812, las fuerzas del general\u00edsimo Morelos atacaron a las del general R\u00e9gules en Huajuapan, rompiendo el sitio que impon\u00edan a Valerio Trujano desde hac\u00eda m\u00e1s de cien d\u00edas. El general R\u00e9gules, sinti\u00e9ndose vencido huy\u00f3 a Yanhuitl\u00e1n. Esta fue una de las acciones m\u00e1s importantes en el movimiento de independencia nacional y particularmente para Oaxaca.<\/p>\n<p>\u00a1Te invitamos a escuchar el programa completo!<\/p>\n<p><iframe loading=\"lazy\" src=\"http:\/\/www.ivoox.com\/player_ek_2241445_1.html\" frameborder=\"0\" scrolling=\"no\" width=\"238\" height=\"48\"><\/iframe><\/p>\n\n\t\t\t  <div \n\t\t\t  \tclass = \"fb-comments\" \n\t\t\t  \tdata-href = \"https:\/\/www.eloriente.net\/home\/2013\/07\/27\/escucha-a-cuerpo-academico-de-idiomas-uabjo-en-todo-oaxaca-radio\/\"\n\t\t\t  \tdata-numposts = \"10\"\n\t\t\t\tdata-colorscheme = \"dark\"\n\t\t\t\tdata-order-by = \"social\"\n\t\t\t\tdata-mobile=true>\n\t\t\t  <\/div>\n\t\t  <style>\n\t\t\t.fb_iframe_widget_fluid_desktop iframe {\n\t\t\t    width: 100% !important;\n\t\t\t}\n\t\t  <\/style>\n\t\t  ","protected":false},"excerpt":{"rendered":"<p>En el programa del martes 23 de julio de 2013 estuvieron en cabina la Dra. Mar\u00eda de los \u00c1ngeles Clemente Olmos y los Doctores William Michael Sughrua y Mario L\u00f3pez Gopar, quienes son el Cuerpo Acad\u00e9mico en Ling\u00fc\u00edstica Aplicada Cr\u00edtica (CALAC) de la Facultad de Idiomas de la Universidad Aut\u00f3noma \u00abBenito Ju\u00e1rez\u00bb de Oaxaca, para [&hellip;]<\/p>\n","protected":false},"author":1,"featured_media":15203,"comment_status":"open","ping_status":"open","sticky":false,"template":"","format":"standard","meta":{"_jetpack_memberships_contains_paid_content":false,"footnotes":""},"categories":[32,10,12],"tags":[],"class_list":["post-15202","post","type-post","status-publish","format-standard","has-post-thumbnail","hentry","category-entradas","category-lo-mas-reciente","category-todo-oaxaca-radio"],"jetpack_featured_media_url":"https:\/\/www.eloriente.net\/home\/wp-content\/uploads\/2013\/07\/CALAC-de-uabjo-en-TO-Radio.jpg","jetpack_sharing_enabled":true,"_links":{"self":[{"href":"https:\/\/www.eloriente.net\/home\/wp-json\/wp\/v2\/posts\/15202"}],"collection":[{"href":"https:\/\/www.eloriente.net\/home\/wp-json\/wp\/v2\/posts"}],"about":[{"href":"https:\/\/www.eloriente.net\/home\/wp-json\/wp\/v2\/types\/post"}],"author":[{"embeddable":true,"href":"https:\/\/www.eloriente.net\/home\/wp-json\/wp\/v2\/users\/1"}],"replies":[{"embeddable":true,"href":"https:\/\/www.eloriente.net\/home\/wp-json\/wp\/v2\/comments?post=15202"}],"version-history":[{"count":1,"href":"https:\/\/www.eloriente.net\/home\/wp-json\/wp\/v2\/posts\/15202\/revisions"}],"predecessor-version":[{"id":15204,"href":"https:\/\/www.eloriente.net\/home\/wp-json\/wp\/v2\/posts\/15202\/revisions\/15204"}],"wp:featuredmedia":[{"embeddable":true,"href":"https:\/\/www.eloriente.net\/home\/wp-json\/wp\/v2\/media\/15203"}],"wp:attachment":[{"href":"https:\/\/www.eloriente.net\/home\/wp-json\/wp\/v2\/media?parent=15202"}],"wp:term":[{"taxonomy":"category","embeddable":true,"href":"https:\/\/www.eloriente.net\/home\/wp-json\/wp\/v2\/categories?post=15202"},{"taxonomy":"post_tag","embeddable":true,"href":"https:\/\/www.eloriente.net\/home\/wp-json\/wp\/v2\/tags?post=15202"}],"curies":[{"name":"wp","href":"https:\/\/api.w.org\/{rel}","templated":true}]}}