{"id":15205,"date":"2013-07-27T08:31:34","date_gmt":"2013-07-27T14:31:34","guid":{"rendered":"http:\/\/www.eloriente.net\/home\/?p=15205"},"modified":"2013-07-27T08:31:34","modified_gmt":"2013-07-27T14:31:34","slug":"la-frontera-cuando-la-joyeria-retrata-una-problematica-social","status":"publish","type":"post","link":"https:\/\/www.eloriente.net\/home\/2013\/07\/27\/la-frontera-cuando-la-joyeria-retrata-una-problematica-social\/","title":{"rendered":"\u00abLa frontera\u00bb, cuando la joyer\u00eda retrata una problem\u00e1tica social"},"content":{"rendered":"<p style=\"text-align: left;\">27 de julio de 2013<\/p>\n<p style=\"text-align: right;\">Por: Perla Vel\u00e1zquez<\/p>\n<ul>\n<li><strong>Este s\u00e1bado se tendr\u00e1 una pl\u00e1tica con uno de los artistas provenientes de B\u00e9lgica para ofrecer su pensamiento en torno a la joyer\u00eda contempor\u00e1nea, en el Museo Franz Mayer\u00a0 <\/strong><\/li>\n<\/ul>\n<div><\/div>\n<div><strong>CIUDAD DE M\u00c9XICO, M\u00e9xico, (N22).- <\/strong>La joyer\u00eda contempor\u00e1nea es un acontecimiento relativamente nuevo; surgi\u00f3 alrededor de los a\u00f1os 40 y 50 del siglo pasado, cuando diversos artistas rechazaban la producci\u00f3n en serie, los materiales tradicionales y las piedras preciosas, as\u00ed como los dise\u00f1os dedicados a la ornamentalidad. En la actualidad, los artistas que realizan este tipo de joyer\u00eda trabajan sobre todo en la conceptualizaci\u00f3n a trav\u00e9s de sus piezas, enfoc\u00e1ndose en el arte y el dise\u00f1o.<\/div>\n<div>\u201cEs joyer\u00eda porque se porta en el cuerpo -aretes, pulseras, collares-. Pero la importancia de estas piezas a diferencia de la comercial es que los materiales no son lo que le da el valor a la pieza, con la joyer\u00eda la gente piensa en oro o piedras preciosas, pero el valor no est\u00e1 dado por ellos\u201d, dijo para la <strong>Agencia N22,<\/strong> Lorena Lazard, curadora de la muestra <em>La frontera. <\/em><\/div>\n<div><\/div>\n<div>La exposici\u00f3n se exhibe en el Museo Franz Mayer y cont\u00f3 con el trabajo de curadur\u00eda de Mike Holms y Elizabeth Shypertt, fundadores de la galer\u00eda Velvet Da Vinci en San Francisco, quienes en compa\u00f1\u00eda de Lazard escogieron las piezas de artistas provenientes de todo el mundo que mediante su joyer\u00eda reflexionan sobre c\u00f3mo entienden la manera de vivir en la frontera de nuestro pa\u00eds con Estados Unidos.<\/div>\n<div><\/div>\n<div>\u201cEl tema principal es la migraci\u00f3n, un mayor n\u00famero de artistas trabajaron con \u00e9l. Incluso hay desde derechos humanos, ilusiones, miedos, muertes, hasta algunas piezas muy interesantes que tocan temas ideol\u00f3gicos, sobre c\u00f3mo dos culturas -M\u00e9xico y Estados Unidos- en algunos momentos se entrelazan\u201d, afirm\u00f3 Lazard.<\/div>\n<div><\/div>\n<div><em>La frontera<\/em> re\u00fane 150 piezas de 89 artistas, muchos de ellos son latinoamericanos y europeos, pero la Lazard dijo que el grupo grande son mexicanos y estadounidenses. \u201cA m\u00ed me interesa el tema de la frontera desde hace muchos a\u00f1os, porque considero que es sumamente importante en nuestras vidas aunque no vivamos directamente en la frontera, nos afecta a todos porque hoy en d\u00eda se oye constantemente el incremento de muertes, de c\u00e1rteles de drogas y todo esto es real.\u201d<\/div>\n<div><\/div>\n<div>En cuanto a la selecci\u00f3n de las piezas se escogieron las que ten\u00edan una mayor reflexi\u00f3n en torno a la tem\u00e1tica y que su concepto fuera s\u00f3lido con la pieza.<\/div>\n<div>La convocatoria se lanz\u00f3 a nivel mundial para artistas que trabajan con este tipo de joyer\u00eda. \u201cHay toda una importancia en cuanto al concepto que el artista est\u00e1 utilizando para expresar a trav\u00e9s de las piezas. Pero aparte siento que hay un m\u00e1s all\u00e1; es una frontera muy porosa por todo lo que ah\u00ed sucede: ideas, dinero cultura, un mont\u00f3n de cosas\u201d.<\/div>\n<div><\/div>\n<div>Lorena Lazard explic\u00f3 que independientemente de donde era el artista los temas eran muy similares y las preocupaciones eran igual. \u201cAl principio pensamos que dependiendo de donde ven\u00edan los artistas iban a plasmar diferentes cosas, pero al final son temas muy iguales, porque estamos hablando de temas universales como derechos humanos, esperanza, calidad de vida, temas que nos tocan a todos los seres.\u201d<\/div>\n<div><\/div>\n<div>La exposici\u00f3n tambi\u00e9n estuvo acompa\u00f1ada de otras actividades. Este s\u00e1bado se tendr\u00e1 una pl\u00e1tica con uno de los artistas provenientes de B\u00e9lgica para ofrecer su pensamiento en torno a la joyer\u00eda contempor\u00e1nea y c\u00f3mo se percibe a nivel mundial<\/div>\n<div><\/div>\n<div><em>La<\/em> <em>Frontera<\/em> estar\u00e1 hasta este 28 de julio en las salas del Museo Franz Mayer. Posteriormente se expondr\u00e1 en la galer\u00eda Velvet Da Vinci, en San Francisco. \u201cEs muy importante que llegue a espacios de la frontera, ya estamos en pl\u00e1ticas con varias instituciones para poder llevar la muestra\u201d, finaliz\u00f3 la curadora Lorena Lazard.<\/div>\n<div><\/div>\n<div><a href=\"http:\/\/www.eloriente.net\/home\/wp-content\/uploads\/2013\/07\/frontera.jpg\"><img loading=\"lazy\" decoding=\"async\" class=\"aligncenter  wp-image-15206\" title=\"frontera\" src=\"http:\/\/www.eloriente.net\/home\/wp-content\/uploads\/2013\/07\/frontera.jpg\" alt=\"\" width=\"574\" height=\"380\" srcset=\"https:\/\/www.eloriente.net\/home\/wp-content\/uploads\/2013\/07\/frontera.jpg 820w, https:\/\/www.eloriente.net\/home\/wp-content\/uploads\/2013\/07\/frontera-300x198.jpg 300w\" sizes=\"(max-width: 574px) 100vw, 574px\" \/><\/a><\/div>\n\n\t\t\t  <div \n\t\t\t  \tclass = \"fb-comments\" \n\t\t\t  \tdata-href = \"https:\/\/www.eloriente.net\/home\/2013\/07\/27\/la-frontera-cuando-la-joyeria-retrata-una-problematica-social\/\"\n\t\t\t  \tdata-numposts = \"10\"\n\t\t\t\tdata-colorscheme = \"dark\"\n\t\t\t\tdata-order-by = \"social\"\n\t\t\t\tdata-mobile=true>\n\t\t\t  <\/div>\n\t\t  <style>\n\t\t\t.fb_iframe_widget_fluid_desktop iframe {\n\t\t\t    width: 100% !important;\n\t\t\t}\n\t\t  <\/style>\n\t\t  ","protected":false},"excerpt":{"rendered":"<p>27 de julio de 2013 Por: Perla Vel\u00e1zquez Este s\u00e1bado se tendr\u00e1 una pl\u00e1tica con uno de los artistas provenientes de B\u00e9lgica para ofrecer su pensamiento en torno a la joyer\u00eda contempor\u00e1nea, en el Museo Franz Mayer\u00a0 CIUDAD DE M\u00c9XICO, M\u00e9xico, (N22).- La joyer\u00eda contempor\u00e1nea es un acontecimiento relativamente nuevo; surgi\u00f3 alrededor de los a\u00f1os [&hellip;]<\/p>\n","protected":false},"author":1,"featured_media":15206,"comment_status":"open","ping_status":"open","sticky":false,"template":"","format":"standard","meta":{"_jetpack_memberships_contains_paid_content":false,"footnotes":""},"categories":[18,32,10,24],"tags":[],"class_list":["post-15205","post","type-post","status-publish","format-standard","has-post-thumbnail","hentry","category-educacion-y-cultura","category-entradas","category-lo-mas-reciente","category-mexico-y-el-mundo"],"jetpack_featured_media_url":"https:\/\/www.eloriente.net\/home\/wp-content\/uploads\/2013\/07\/frontera.jpg","jetpack_sharing_enabled":true,"_links":{"self":[{"href":"https:\/\/www.eloriente.net\/home\/wp-json\/wp\/v2\/posts\/15205"}],"collection":[{"href":"https:\/\/www.eloriente.net\/home\/wp-json\/wp\/v2\/posts"}],"about":[{"href":"https:\/\/www.eloriente.net\/home\/wp-json\/wp\/v2\/types\/post"}],"author":[{"embeddable":true,"href":"https:\/\/www.eloriente.net\/home\/wp-json\/wp\/v2\/users\/1"}],"replies":[{"embeddable":true,"href":"https:\/\/www.eloriente.net\/home\/wp-json\/wp\/v2\/comments?post=15205"}],"version-history":[{"count":1,"href":"https:\/\/www.eloriente.net\/home\/wp-json\/wp\/v2\/posts\/15205\/revisions"}],"predecessor-version":[{"id":15207,"href":"https:\/\/www.eloriente.net\/home\/wp-json\/wp\/v2\/posts\/15205\/revisions\/15207"}],"wp:featuredmedia":[{"embeddable":true,"href":"https:\/\/www.eloriente.net\/home\/wp-json\/wp\/v2\/media\/15206"}],"wp:attachment":[{"href":"https:\/\/www.eloriente.net\/home\/wp-json\/wp\/v2\/media?parent=15205"}],"wp:term":[{"taxonomy":"category","embeddable":true,"href":"https:\/\/www.eloriente.net\/home\/wp-json\/wp\/v2\/categories?post=15205"},{"taxonomy":"post_tag","embeddable":true,"href":"https:\/\/www.eloriente.net\/home\/wp-json\/wp\/v2\/tags?post=15205"}],"curies":[{"name":"wp","href":"https:\/\/api.w.org\/{rel}","templated":true}]}}