{"id":15880,"date":"2013-08-18T16:08:14","date_gmt":"2013-08-18T22:08:14","guid":{"rendered":"http:\/\/www.eloriente.net\/home\/?p=15880"},"modified":"2013-09-17T09:48:47","modified_gmt":"2013-09-17T15:48:47","slug":"zona-metropolitana-de-oaxaca-de-juarez-en-nuevo-reporte-del-observatorio-ciudadano","status":"publish","type":"post","link":"https:\/\/www.eloriente.net\/home\/2013\/08\/18\/zona-metropolitana-de-oaxaca-de-juarez-en-nuevo-reporte-del-observatorio-ciudadano\/","title":{"rendered":"Zona Metropolitana de Oaxaca de Ju\u00e1rez en nuevo reporte del Observatorio Ciudadano"},"content":{"rendered":"<p>eloriente.net<\/p>\n<p>18 de agosto de 2013<\/p>\n<p>eloriente.net (Oaxaca, Oax.) 18 de agosto de 2013.- Teniendo como tema rector la Zona Metropolitana de Oaxaca de Ju\u00e1rez, el Observatorio Ciudadano para la Evaluaci\u00f3n de Pol\u00edticas de Prevenci\u00f3n contra la Violencia y la Delincuencia de la entidad public\u00f3 este d\u00eda su bolet\u00edn digital mensual, edici\u00f3n con la cual inicia la difusi\u00f3n de contenidos relacionados con dicha Zona Metropolitana,\u00a0sus indicadores en materia de seguridad y la evoluci\u00f3n de aspectos financieros y t\u00e9cnicos relacionados con la misma.<\/p>\n<p>En la editorial de esta publicaci\u00f3n, la presidenta del Observatorio, Guadalupe Zarza Brise\u00f1o destac\u00f3 que es de inter\u00e9s de este organismo y de la ciudadan\u00eda atender una problem\u00e1tica que se ve como oportunidad actual y muy sentida:\u00a0la conversi\u00f3n o consideraci\u00f3n como unidad de los municipios en los Valles Centrales de Oaxaca, a los que se les puede denominar \u201cZona Metropolitana de Oaxaca de Ju\u00e1rez\u201d.<\/p>\n<p>\u00abNo podemos dejar a un lado la idea de que esta Zona Metropolitana debe ser tratada como tal no solo por razones denominativas o vinculadas a la administraci\u00f3n p\u00fablica, sino tambi\u00e9n por razones de desarrollo humano y de construcci\u00f3n social de la seguridad\u00bb, expres\u00f3 Zarza Brise\u00f1o.<\/p>\n<p>En este material, el Observatorio publica adem\u00e1s resultados de la Encuesta Nacional de Victimizaci\u00f3n y Percepci\u00f3n sobre Seguridad P\u00fablica (ENVIPE) 2012 para el estado de Oaxaca, relacionados con la\u00a0 llamada \u201cCifra negra\u201d, que muestran que en la entidad\u00a0en el 92% de los delitos cometidos NO hubo denuncia o no se inici\u00f3 averiguaci\u00f3n previa durante 2011.<\/p>\n<div>\n<p>De igual forma presenta la tabla de Incidencia delictiva del Fuero com\u00fan en el estado, con datos preliminares al 18 de julio de 2013 presentados por el Secretariado Ejecutivo del Sistema Nacional de Seguridad P\u00fablica.<\/p>\n<p><iframe loading=\"lazy\" src=\"\/\/e.issuu.com\/embed.html#5816161\/4482126\" frameborder=\"0\" width=\"525\" height=\"525\"><\/iframe><\/p>\n<div><\/div>\n<div><\/div>\n<\/div>\n<p>&nbsp;<\/p>\n\n\t\t\t  <div \n\t\t\t  \tclass = \"fb-comments\" \n\t\t\t  \tdata-href = \"https:\/\/www.eloriente.net\/home\/2013\/08\/18\/zona-metropolitana-de-oaxaca-de-juarez-en-nuevo-reporte-del-observatorio-ciudadano\/\"\n\t\t\t  \tdata-numposts = \"10\"\n\t\t\t\tdata-colorscheme = \"dark\"\n\t\t\t\tdata-order-by = \"social\"\n\t\t\t\tdata-mobile=true>\n\t\t\t  <\/div>\n\t\t  <style>\n\t\t\t.fb_iframe_widget_fluid_desktop iframe {\n\t\t\t    width: 100% !important;\n\t\t\t}\n\t\t  <\/style>\n\t\t  ","protected":false},"excerpt":{"rendered":"<p>eloriente.net 18 de agosto de 2013 eloriente.net (Oaxaca, Oax.) 18 de agosto de 2013.- Teniendo como tema rector la Zona Metropolitana de Oaxaca de Ju\u00e1rez, el Observatorio Ciudadano para la Evaluaci\u00f3n de Pol\u00edticas de Prevenci\u00f3n contra la Violencia y la Delincuencia de la entidad public\u00f3 este d\u00eda su bolet\u00edn digital mensual, edici\u00f3n con la cual [&hellip;]<\/p>\n","protected":false},"author":1,"featured_media":15881,"comment_status":"open","ping_status":"open","sticky":false,"template":"","format":"standard","meta":{"_jetpack_memberships_contains_paid_content":false,"footnotes":""},"categories":[29,32,13,21],"tags":[],"class_list":["post-15880","post","type-post","status-publish","format-standard","has-post-thumbnail","hentry","category-capital","category-entradas","category-especiales","category-politica-y-gobierno"],"jetpack_featured_media_url":"https:\/\/www.eloriente.net\/home\/wp-content\/uploads\/2013\/08\/PUBLICACI\u00d3N-OBSERVATORIOagosto.jpg","jetpack_sharing_enabled":true,"_links":{"self":[{"href":"https:\/\/www.eloriente.net\/home\/wp-json\/wp\/v2\/posts\/15880"}],"collection":[{"href":"https:\/\/www.eloriente.net\/home\/wp-json\/wp\/v2\/posts"}],"about":[{"href":"https:\/\/www.eloriente.net\/home\/wp-json\/wp\/v2\/types\/post"}],"author":[{"embeddable":true,"href":"https:\/\/www.eloriente.net\/home\/wp-json\/wp\/v2\/users\/1"}],"replies":[{"embeddable":true,"href":"https:\/\/www.eloriente.net\/home\/wp-json\/wp\/v2\/comments?post=15880"}],"version-history":[{"count":5,"href":"https:\/\/www.eloriente.net\/home\/wp-json\/wp\/v2\/posts\/15880\/revisions"}],"predecessor-version":[{"id":15885,"href":"https:\/\/www.eloriente.net\/home\/wp-json\/wp\/v2\/posts\/15880\/revisions\/15885"}],"wp:featuredmedia":[{"embeddable":true,"href":"https:\/\/www.eloriente.net\/home\/wp-json\/wp\/v2\/media\/15881"}],"wp:attachment":[{"href":"https:\/\/www.eloriente.net\/home\/wp-json\/wp\/v2\/media?parent=15880"}],"wp:term":[{"taxonomy":"category","embeddable":true,"href":"https:\/\/www.eloriente.net\/home\/wp-json\/wp\/v2\/categories?post=15880"},{"taxonomy":"post_tag","embeddable":true,"href":"https:\/\/www.eloriente.net\/home\/wp-json\/wp\/v2\/tags?post=15880"}],"curies":[{"name":"wp","href":"https:\/\/api.w.org\/{rel}","templated":true}]}}