{"id":16050,"date":"2013-08-28T10:11:22","date_gmt":"2013-08-28T16:11:22","guid":{"rendered":"http:\/\/www.eloriente.net\/home\/?p=16050"},"modified":"2013-08-28T10:19:37","modified_gmt":"2013-08-28T16:19:37","slug":"gabriel-macotela-impartira-taller-en-casa","status":"publish","type":"post","link":"https:\/\/www.eloriente.net\/home\/2013\/08\/28\/gabriel-macotela-impartira-taller-en-casa\/","title":{"rendered":"Gabriel Macotela impartir\u00e1 taller en CaSa"},"content":{"rendered":"<p class=\"MsoNormal\" style=\"mso-margin-top-alt: auto; mso-margin-bottom-alt: auto;\"><span style=\"font-size: 10.0pt; font-family: Times; mso-bidi-font-family: 'Times New Roman';\"><a href=\"todooaxacaradio.com\" target=\"_blank\">todooaxacaradio.com<\/a>\/<a href=\"http:\/\/www.casa.oaxaca.gob.mx\"><span style=\"color: blue;\"> CaSa<\/span><\/a><\/span><\/p>\n<p class=\"MsoNormal\" style=\"mso-margin-top-alt: auto; mso-margin-bottom-alt: auto;\"><span style=\"font-size: 10.0pt; font-family: Times; mso-bidi-font-family: 'Times New Roman';\">27 de agosto del 2013<\/span><\/p>\n<p class=\"MsoNormal\" style=\"mso-margin-top-alt: auto; mso-margin-bottom-alt: auto;\"><span style=\"font-size: 10.0pt; font-family: Times; mso-bidi-font-family: 'Times New Roman';\">El Centro de las Artes de San Agust\u00edn anunci\u00f3 y est\u00e1 convocando a participar en el Taller de Pintura y Experimentaci\u00f3n impartido por el maestro Gabriel Macotela. En este taller se ense\u00f1ar\u00e1n distintas t\u00e9cnicas dentro de la pintura y se experimentar\u00e1 con distintos materiales para incluirlos dentro del proceso creativo.<\/span><\/p>\n<p class=\"MsoNormal\" style=\"mso-margin-top-alt: auto; mso-margin-bottom-alt: auto;\"><span style=\"font-size: 10.0pt; font-family: Times; mso-bidi-font-family: 'Times New Roman';\">El taller est\u00e1 dedicado principalmente a personas interesadas en la pintura art\u00edstica, para lo cual deber\u00e1n cumplir con los siguientes requisitos:<\/span><\/p>\n<p class=\"MsoNormal\" style=\"mso-margin-top-alt: auto; mso-margin-bottom-alt: auto;\"><span style=\"font-size: 10.0pt; font-family: Times; mso-bidi-font-family: 'Times New Roman';\">Los interesados deber\u00e1n enviar a la direcci\u00f3n electr\u00f3nica\u00a0 proyectosacademicos.casa@oaxaca.gob.mx la solicitud en un archivo PDF que incluya los siguientes documentos: ficha curricular breve con datos de contacto, una breve carta de exposici\u00f3n de motivos y un peque\u00f1o portafolio de im\u00e1genes del trabajo que han realizado. El asunto del mensaje deber\u00e1 ser Pintura y experimentaci\u00f3n. Los participantes seleccionados deber\u00e1n comprometerse a cursar el taller completo ya que una inasistencia injustificada ser\u00e1 motivo de suspensi\u00f3n y no podr\u00e1 ingresar a talleres futuros<\/span><\/p>\n<p class=\"MsoNormal\" style=\"mso-margin-top-alt: auto; mso-margin-bottom-alt: auto;\"><span style=\"font-size: 10.0pt; font-family: Times; mso-bidi-font-family: 'Times New Roman';\">Revisar en esta misma <a href=\"http:\/\/www.casa.oaxaca.gob.mx\"><span style=\"color: blue;\">p\u00e1gina<\/span><\/a> si se forma parte de los participantes.<\/span><\/p>\n<p class=\"MsoNormal\" style=\"mso-margin-top-alt: auto; mso-margin-bottom-alt: auto;\"><span style=\"font-size: 10.0pt; font-family: Times; mso-bidi-font-family: 'Times New Roman';\">Las inscripciones se cerrar\u00e1n hasta el viernes 6 de septiembre y los cursos comenzar\u00e1n el 17 de septiembre finalizando el 21 del mismo, en un horario de 18 a 20 horas en el CaSa.<\/span><\/p>\n<p><span style=\"font-size: 10.0pt; font-family: Times; mso-bidi-font-family: 'Times New Roman';\">En Todo Oaxaca Radio te compartimos m\u00e1s informaci\u00f3n acerca del maestro Macotela:<\/span><\/p>\n<p class=\"MsoNormal\" style=\"mso-margin-top-alt: auto; mso-margin-bottom-alt: auto;\"><span style=\"font-size: 10.0pt; font-family: Times; mso-bidi-font-family: 'Times New Roman';\">Gabriel Macotela, nace en Guadalajara, Jalisco en 1954. Realiza estudios en la Escuela de Pintura y Escultura La Esmeralda del INBA. Completa su formaci\u00f3n en la Escuela Nacional de Artes Pl\u00e1sticas de la UNAM, en el taller del maestro Gilberto Aveces Navarro. En 1977 funda Cocina Ediciones y en 1985 la librer\u00eda El Archivero.<\/span><\/p>\n<p class=\"MsoNormal\" style=\"mso-margin-top-alt: auto; mso-margin-bottom-alt: auto;\"><span style=\"font-size: 10.0pt; font-family: Times; mso-bidi-font-family: 'Times New Roman';\">A partir de 1976 realiza exposiciones individuales en la ciudad de M\u00e9xico y Monterrey. En 1989 presenta Personajes y su sombra en el Consulado de M\u00e9xico en Barcelona, Espa\u00f1a y en 1990 en el Centro Cultural de M\u00e9xico en Par\u00eds, Francia.<\/span><\/p>\n<p class=\"MsoNormal\" style=\"mso-margin-top-alt: auto; mso-margin-bottom-alt: auto;\"><span style=\"font-size: 10.0pt; font-family: Times; mso-bidi-font-family: 'Times New Roman';\">Ha participado en innumerables exposiciones colectivas en M\u00e9xico y en el extranjero, tanto de pintura, escultura, y libros de artistas en lugares como <\/span><\/p>\n<p class=\"MsoNormal\" style=\"mso-margin-top-alt: auto; mso-margin-bottom-alt: auto;\"><span style=\"font-size: 10.0pt; font-family: Times; mso-bidi-font-family: 'Times New Roman';\">Francia, India, Cuba, Brasil, Estados Unidos, Alemania y Espa\u00f1a.<br \/>\n<\/span><\/p>\n<p class=\"MsoNormal\" style=\"mso-margin-top-alt: auto; mso-margin-bottom-alt: auto;\"><span style=\"font-size: 10.0pt; font-family: Times; mso-bidi-font-family: 'Times New Roman';\">En 1991 realiza la escenograf\u00eda de Medea y en 1993 participa en el espect\u00e1culo multidisciplinario Babel.<br \/>\n<\/span><\/p>\n<p class=\"MsoNormal\" style=\"mso-margin-top-alt: auto; mso-margin-bottom-alt: auto;\"><span style=\"font-size: 10.0pt; font-family: Times; mso-bidi-font-family: 'Times New Roman';\">En 1980 obtuvo el Premio de Adquisici\u00f3n del II Sal\u00f3n Anual de Pintura del INBA, y Menci\u00f3n Honor\u00edfica en la I Bienal de Cuenca, Ecuador y en 1993 es premiado en el concurso-exposici\u00f3n \u00abJuguete Arte-Objeto\u00bb en el Museo Jos\u00e9 Luis Cuevas, M\u00e9xico, D.F.<\/span><\/p>\n<p class=\"MsoNormal\" style=\"mso-margin-top-alt: auto; mso-margin-bottom-alt: auto;\"><span style=\"font-size: 10.0pt; font-family: Times; mso-bidi-font-family: 'Times New Roman';\">Tambi\u00e9n te compartimos estos videos para que conozcas m\u00e1s acerca de su obra.<\/span><\/p>\n<p>&nbsp;<\/p>\n<p><iframe loading=\"lazy\" src=\"\/\/www.youtube.com\/embed\/n0mppvNtlc8\" frameborder=\"0\" width=\"420\" height=\"315\"><\/iframe><\/p>\n<p><iframe loading=\"lazy\" src=\"\/\/www.youtube.com\/embed\/H-N4YZihbo8\" frameborder=\"0\" width=\"420\" height=\"315\"><\/iframe><\/p>\n<p><a href=\"http:\/\/www.todooaxacaradio.com\/wp-content\/uploads\/2013\/08\/1.jpg\"><img loading=\"lazy\" decoding=\"async\" class=\"aligncenter size-medium wp-image-13620\" title=\"1\" src=\"http:\/\/www.todooaxacaradio.com\/wp-content\/uploads\/2013\/08\/1-300x242.jpg\" alt=\"\" width=\"300\" height=\"242\" \/><\/a><\/p>\n\n\t\t\t  <div \n\t\t\t  \tclass = \"fb-comments\" \n\t\t\t  \tdata-href = \"https:\/\/www.eloriente.net\/home\/2013\/08\/28\/gabriel-macotela-impartira-taller-en-casa\/\"\n\t\t\t  \tdata-numposts = \"10\"\n\t\t\t\tdata-colorscheme = \"dark\"\n\t\t\t\tdata-order-by = \"social\"\n\t\t\t\tdata-mobile=true>\n\t\t\t  <\/div>\n\t\t  <style>\n\t\t\t.fb_iframe_widget_fluid_desktop iframe {\n\t\t\t    width: 100% !important;\n\t\t\t}\n\t\t  <\/style>\n\t\t  ","protected":false},"excerpt":{"rendered":"<p>todooaxacaradio.com\/ CaSa 27 de agosto del 2013 El Centro de las Artes de San Agust\u00edn anunci\u00f3 y est\u00e1 convocando a participar en el Taller de Pintura y Experimentaci\u00f3n impartido por el maestro Gabriel Macotela. En este taller se ense\u00f1ar\u00e1n distintas t\u00e9cnicas dentro de la pintura y se experimentar\u00e1 con distintos materiales para incluirlos dentro del [&hellip;]<\/p>\n","protected":false},"author":1,"featured_media":16054,"comment_status":"open","ping_status":"open","sticky":false,"template":"","format":"standard","meta":{"_jetpack_memberships_contains_paid_content":false,"footnotes":""},"categories":[8,18,32,10],"tags":[],"class_list":["post-16050","post","type-post","status-publish","format-standard","has-post-thumbnail","hentry","category-agenda","category-educacion-y-cultura","category-entradas","category-lo-mas-reciente"],"jetpack_featured_media_url":"https:\/\/www.eloriente.net\/home\/wp-content\/uploads\/2013\/08\/@GabrielMacotela.jpg","jetpack_sharing_enabled":true,"_links":{"self":[{"href":"https:\/\/www.eloriente.net\/home\/wp-json\/wp\/v2\/posts\/16050"}],"collection":[{"href":"https:\/\/www.eloriente.net\/home\/wp-json\/wp\/v2\/posts"}],"about":[{"href":"https:\/\/www.eloriente.net\/home\/wp-json\/wp\/v2\/types\/post"}],"author":[{"embeddable":true,"href":"https:\/\/www.eloriente.net\/home\/wp-json\/wp\/v2\/users\/1"}],"replies":[{"embeddable":true,"href":"https:\/\/www.eloriente.net\/home\/wp-json\/wp\/v2\/comments?post=16050"}],"version-history":[{"count":3,"href":"https:\/\/www.eloriente.net\/home\/wp-json\/wp\/v2\/posts\/16050\/revisions"}],"predecessor-version":[{"id":16053,"href":"https:\/\/www.eloriente.net\/home\/wp-json\/wp\/v2\/posts\/16050\/revisions\/16053"}],"wp:featuredmedia":[{"embeddable":true,"href":"https:\/\/www.eloriente.net\/home\/wp-json\/wp\/v2\/media\/16054"}],"wp:attachment":[{"href":"https:\/\/www.eloriente.net\/home\/wp-json\/wp\/v2\/media?parent=16050"}],"wp:term":[{"taxonomy":"category","embeddable":true,"href":"https:\/\/www.eloriente.net\/home\/wp-json\/wp\/v2\/categories?post=16050"},{"taxonomy":"post_tag","embeddable":true,"href":"https:\/\/www.eloriente.net\/home\/wp-json\/wp\/v2\/tags?post=16050"}],"curies":[{"name":"wp","href":"https:\/\/api.w.org\/{rel}","templated":true}]}}