{"id":16056,"date":"2013-08-28T14:08:42","date_gmt":"2013-08-28T20:08:42","guid":{"rendered":"http:\/\/www.eloriente.net\/home\/?p=16056"},"modified":"2013-08-28T14:08:42","modified_gmt":"2013-08-28T20:08:42","slug":"prepa-6-en-oaxaca-inicia-cursos-con-normalidad","status":"publish","type":"post","link":"https:\/\/www.eloriente.net\/home\/2013\/08\/28\/prepa-6-en-oaxaca-inicia-cursos-con-normalidad\/","title":{"rendered":"Prepa 6 en Oaxaca inicia cursos con normalidad"},"content":{"rendered":"<p>eloriente.net \/ UABJO<\/p>\n<p>28 de agosto de 2013<\/p>\n<p>El rector de la Universidad Aut\u00f3noma Benito Ju\u00e1rez de Oaxaca (UABJO), Eduardo Mart\u00ednez Helmes encabez\u00f3 el acto inaugural del ciclo escolar 2013-2014 en la Escuela Preparatoria N\u00famero 6, que en esta ocasi\u00f3n abri\u00f3 sus puertas a m\u00e1s de 500 alumnos de nuevo ingreso.<\/p>\n<p>Con los honores a la bandera se dio por iniciado el acto solemne para continuar con el acto protocolario donde estuvieron acompa\u00f1ando al rector, la secretaria General de la UABJO Leticia Mendoza Toro, el director de dicha Preparatoria, Herminio Ric\u00e1rdez Lustre, entre otros funcionarios y catedr\u00e1ticos.<\/p>\n<p>Durante su mensaje de bienvenida el director expres\u00f3 que pondr\u00e1n el m\u00e1ximo esfuerzo para que los alumnos que inician, terminen el presente ciclo de manera exitosa y poder continuar con su formaci\u00f3n que los prepare para enfrentar los desaf\u00edos, agradeci\u00f3 al rector su inter\u00e9s por la vida acad\u00e9mica y estudiantil de esa unidad acad\u00e9mica.<\/p>\n<p>Durante su mensaje inaugural, Mart\u00ednez Helmes invit\u00f3 a los estudiantes de reingreso a mantener el esfuerzo constante y puedan desarrollarse de forma adecuada, as\u00ed mismo, conmin\u00f3 a los preparatorianos de nuevo ingreso a experimentar en las aulas universitarias la vida dentro de la UABJO, donde aprender\u00e1n los valores que cimientan la Instituci\u00f3n como la honestidad, rectitud y el conocimiento.<\/p>\n<p>De igual forma inform\u00f3 que la SEP est\u00e1 implementando un nuevo esquema a nivel nacional, donde la educaci\u00f3n superior deber\u00e1 seguir por los procesos de evaluaci\u00f3n a trav\u00e9s de CIESS y COPAES, sin embargo para las preparatorias solicitar\u00e1n el Programa Integral de Fortalecimiento Institucional a la Educaci\u00f3n Media Superior (PIFIEMS) que es el espacio que permite concursar presentando proyectos y aplicarlos en beneficio de los alumnos y de la instituciones.<\/p>\n<p>En ese sentido, Mart\u00ednez Helmes indic\u00f3 que de cumplir con este objetivo, el pr\u00f3ximo a\u00f1o ver\u00e1 reflejado en el presupuesto destinado para las Preparatorias universitarias, por lo que invit\u00f3 a las autoridades de la Instituci\u00f3n a capacitar y trasladar las t\u00e9cnicas de ense\u00f1anza y aprendizaje en modelos y competencias, como lo establece el Sistema Nacional de Bachilleratos (SNB), todo esto en beneficio de los bachilleres.<\/p>\n<p><a href=\"http:\/\/www.eloriente.net\/home\/wp-content\/uploads\/2013\/08\/Prepa-6.jpg\"><img loading=\"lazy\" decoding=\"async\" class=\"alignnone size-medium wp-image-16057\" title=\"Prepa 6\" src=\"http:\/\/www.eloriente.net\/home\/wp-content\/uploads\/2013\/08\/Prepa-6-300x200.jpg\" alt=\"\" width=\"300\" height=\"200\" srcset=\"https:\/\/www.eloriente.net\/home\/wp-content\/uploads\/2013\/08\/Prepa-6-300x200.jpg 300w, https:\/\/www.eloriente.net\/home\/wp-content\/uploads\/2013\/08\/Prepa-6-1024x682.jpg 1024w\" sizes=\"(max-width: 300px) 100vw, 300px\" \/><\/a><\/p>\n<p>Foto: UABJO<\/p>\n\n\t\t\t  <div \n\t\t\t  \tclass = \"fb-comments\" \n\t\t\t  \tdata-href = \"https:\/\/www.eloriente.net\/home\/2013\/08\/28\/prepa-6-en-oaxaca-inicia-cursos-con-normalidad\/\"\n\t\t\t  \tdata-numposts = \"10\"\n\t\t\t\tdata-colorscheme = \"dark\"\n\t\t\t\tdata-order-by = \"social\"\n\t\t\t\tdata-mobile=true>\n\t\t\t  <\/div>\n\t\t  <style>\n\t\t\t.fb_iframe_widget_fluid_desktop iframe {\n\t\t\t    width: 100% !important;\n\t\t\t}\n\t\t  <\/style>\n\t\t  ","protected":false},"excerpt":{"rendered":"<p>eloriente.net \/ UABJO 28 de agosto de 2013 El rector de la Universidad Aut\u00f3noma Benito Ju\u00e1rez de Oaxaca (UABJO), Eduardo Mart\u00ednez Helmes encabez\u00f3 el acto inaugural del ciclo escolar 2013-2014 en la Escuela Preparatoria N\u00famero 6, que en esta ocasi\u00f3n abri\u00f3 sus puertas a m\u00e1s de 500 alumnos de nuevo ingreso. Con los honores a [&hellip;]<\/p>\n","protected":false},"author":1,"featured_media":16057,"comment_status":"open","ping_status":"open","sticky":false,"template":"","format":"standard","meta":{"_jetpack_memberships_contains_paid_content":false,"footnotes":""},"categories":[18,32,10,84],"tags":[],"class_list":["post-16056","post","type-post","status-publish","format-standard","has-post-thumbnail","hentry","category-educacion-y-cultura","category-entradas","category-lo-mas-reciente","category-universidades"],"jetpack_featured_media_url":"https:\/\/www.eloriente.net\/home\/wp-content\/uploads\/2013\/08\/Prepa-6.jpg","jetpack_sharing_enabled":true,"_links":{"self":[{"href":"https:\/\/www.eloriente.net\/home\/wp-json\/wp\/v2\/posts\/16056"}],"collection":[{"href":"https:\/\/www.eloriente.net\/home\/wp-json\/wp\/v2\/posts"}],"about":[{"href":"https:\/\/www.eloriente.net\/home\/wp-json\/wp\/v2\/types\/post"}],"author":[{"embeddable":true,"href":"https:\/\/www.eloriente.net\/home\/wp-json\/wp\/v2\/users\/1"}],"replies":[{"embeddable":true,"href":"https:\/\/www.eloriente.net\/home\/wp-json\/wp\/v2\/comments?post=16056"}],"version-history":[{"count":1,"href":"https:\/\/www.eloriente.net\/home\/wp-json\/wp\/v2\/posts\/16056\/revisions"}],"predecessor-version":[{"id":16058,"href":"https:\/\/www.eloriente.net\/home\/wp-json\/wp\/v2\/posts\/16056\/revisions\/16058"}],"wp:featuredmedia":[{"embeddable":true,"href":"https:\/\/www.eloriente.net\/home\/wp-json\/wp\/v2\/media\/16057"}],"wp:attachment":[{"href":"https:\/\/www.eloriente.net\/home\/wp-json\/wp\/v2\/media?parent=16056"}],"wp:term":[{"taxonomy":"category","embeddable":true,"href":"https:\/\/www.eloriente.net\/home\/wp-json\/wp\/v2\/categories?post=16056"},{"taxonomy":"post_tag","embeddable":true,"href":"https:\/\/www.eloriente.net\/home\/wp-json\/wp\/v2\/tags?post=16056"}],"curies":[{"name":"wp","href":"https:\/\/api.w.org\/{rel}","templated":true}]}}