{"id":16080,"date":"2013-08-29T08:56:29","date_gmt":"2013-08-29T14:56:29","guid":{"rendered":"http:\/\/www.eloriente.net\/home\/?p=16080"},"modified":"2013-08-29T12:06:40","modified_gmt":"2013-08-29T18:06:40","slug":"escucha-a-damian-lescas-polo-vallejo-y-mas-en-todo-oaxaca-radio-27ago13","status":"publish","type":"post","link":"https:\/\/www.eloriente.net\/home\/2013\/08\/29\/escucha-a-damian-lescas-polo-vallejo-y-mas-en-todo-oaxaca-radio-27ago13\/","title":{"rendered":"Escucha a Dami\u00e1n Lescas, Polo Vallejo y m\u00e1s en Todo Oaxaca Radio 27\/Ago\/13"},"content":{"rendered":"<p>todooaxacaradio.com<\/p>\n<p>28 de agosto del 2013<\/p>\n<p>Nuestra emisi\u00f3n del programa Todo Oaxaca Radio del 27 de agosto del presente, fue un programa realmente interesante ya que tuvo toques de cultura, arte y conciencia.<\/p>\n<p>Los primeros invitados de la tarde fueron los escultores Dami\u00e1n Lescas y Leopoldo Vallejo, quienes nos compartieron informaci\u00f3n sobre la escultura que est\u00e1n realizando en el tronco seco que est\u00e1 ubicado en la calle Constituci\u00f3n, en el centro de nuestra ciudad.<\/p>\n<p>Dami\u00e1n Lescas es oriundo de Oaxaca y por su parte Leopoldo Vallejo es originario de la Ciudad de Puebla.<\/p>\n<p>Nos comentaron que gracias a la invitaci\u00f3n de Francisco Ver\u00e1stegui iniciaron con este proyecto, que aproximadamente tardar\u00e1 unos 3 meses m\u00e1s en estar listo, por lo complicado de la escultura y el tama\u00f1o del tronco.<\/p>\n<p>La escultura har\u00e1 referencia a los sabores y los colores de la comida oaxaque\u00f1a, por parte de Lescas, y en el caso de Vallejo aludir\u00e1 al embarazo y la diosa de la fertilidad de los zapotecas.<\/p>\n<p>En nuestro segundo bloque nos acompa\u00f1\u00f3 Gladys Trujillo y Gilda M\u00f3nica Garc\u00eda Colmenares, Presidenta de Aerobistas\u00a0de Oaxaca, quienes forman parte de la Asociaci\u00f3n \u00c1ngeles del Cielo y nos manifestaron la importancia de crear conciencia entre la poblaci\u00f3n sobre el evitar el maltrato a los animales de la calle, especialmente perros y gatos.<\/p>\n<p>Adem\u00e1s nos explicaron de los servicios que ofrecen, entre ellos la rehabilitaci\u00f3n de perros y gatos abandonados en las calles de nuestra ciudad, el cuidado que les otorgan hasta que encuentran un hogar donde los adopten y les den todo el amor que necesitan, los requisitos que se necesitan para adoptarlos, los eventos que realizan para recaudar fondos y mantenerse e incluso ofrecen esterilizaciones a bajo costo, desparasitaciones y est\u00e9tica canina.<\/p>\n<p>Recuerda que nuestro programa se transmite cada martes a las 17 horas por las estaciones 570 AM, 94.9 FM y en l\u00ednea por www.todooaxacaradio.com, te invitamos a escuchar nuevamente el programa completo.<\/p>\n<p><iframe loading=\"lazy\" src=\"http:\/\/www.ivoox.com\/player_ek_2314522_1.html\" frameborder=\"0\" scrolling=\"no\" width=\"238\" height=\"48\"><\/iframe><\/p>\n<p><a href=\"http:\/\/www.todooaxacaradio.com\/wp-content\/uploads\/2013\/08\/polo-vallejo-y-damian-lescas-.jpg\"><img loading=\"lazy\" decoding=\"async\" class=\"aligncenter size-medium wp-image-13664\" title=\"polo vallejo y damian lescas\" src=\"http:\/\/www.todooaxacaradio.com\/wp-content\/uploads\/2013\/08\/polo-vallejo-y-damian-lescas--300x199.jpg\" alt=\"\" width=\"300\" height=\"199\" \/><\/a><\/p>\n\n\t\t\t  <div \n\t\t\t  \tclass = \"fb-comments\" \n\t\t\t  \tdata-href = \"https:\/\/www.eloriente.net\/home\/2013\/08\/29\/escucha-a-damian-lescas-polo-vallejo-y-mas-en-todo-oaxaca-radio-27ago13\/\"\n\t\t\t  \tdata-numposts = \"10\"\n\t\t\t\tdata-colorscheme = \"dark\"\n\t\t\t\tdata-order-by = \"social\"\n\t\t\t\tdata-mobile=true>\n\t\t\t  <\/div>\n\t\t  <style>\n\t\t\t.fb_iframe_widget_fluid_desktop iframe {\n\t\t\t    width: 100% !important;\n\t\t\t}\n\t\t  <\/style>\n\t\t  ","protected":false},"excerpt":{"rendered":"<p>todooaxacaradio.com 28 de agosto del 2013 Nuestra emisi\u00f3n del programa Todo Oaxaca Radio del 27 de agosto del presente, fue un programa realmente interesante ya que tuvo toques de cultura, arte y conciencia. Los primeros invitados de la tarde fueron los escultores Dami\u00e1n Lescas y Leopoldo Vallejo, quienes nos compartieron informaci\u00f3n sobre la escultura que [&hellip;]<\/p>\n","protected":false},"author":1,"featured_media":16081,"comment_status":"open","ping_status":"open","sticky":false,"template":"","format":"standard","meta":{"_jetpack_memberships_contains_paid_content":false,"footnotes":""},"categories":[32,10,12],"tags":[],"class_list":["post-16080","post","type-post","status-publish","format-standard","has-post-thumbnail","hentry","category-entradas","category-lo-mas-reciente","category-todo-oaxaca-radio"],"jetpack_featured_media_url":"https:\/\/www.eloriente.net\/home\/wp-content\/uploads\/2013\/08\/Dami\u00e1n-Lescas.jpg","jetpack_sharing_enabled":true,"_links":{"self":[{"href":"https:\/\/www.eloriente.net\/home\/wp-json\/wp\/v2\/posts\/16080"}],"collection":[{"href":"https:\/\/www.eloriente.net\/home\/wp-json\/wp\/v2\/posts"}],"about":[{"href":"https:\/\/www.eloriente.net\/home\/wp-json\/wp\/v2\/types\/post"}],"author":[{"embeddable":true,"href":"https:\/\/www.eloriente.net\/home\/wp-json\/wp\/v2\/users\/1"}],"replies":[{"embeddable":true,"href":"https:\/\/www.eloriente.net\/home\/wp-json\/wp\/v2\/comments?post=16080"}],"version-history":[{"count":2,"href":"https:\/\/www.eloriente.net\/home\/wp-json\/wp\/v2\/posts\/16080\/revisions"}],"predecessor-version":[{"id":16083,"href":"https:\/\/www.eloriente.net\/home\/wp-json\/wp\/v2\/posts\/16080\/revisions\/16083"}],"wp:featuredmedia":[{"embeddable":true,"href":"https:\/\/www.eloriente.net\/home\/wp-json\/wp\/v2\/media\/16081"}],"wp:attachment":[{"href":"https:\/\/www.eloriente.net\/home\/wp-json\/wp\/v2\/media?parent=16080"}],"wp:term":[{"taxonomy":"category","embeddable":true,"href":"https:\/\/www.eloriente.net\/home\/wp-json\/wp\/v2\/categories?post=16080"},{"taxonomy":"post_tag","embeddable":true,"href":"https:\/\/www.eloriente.net\/home\/wp-json\/wp\/v2\/tags?post=16080"}],"curies":[{"name":"wp","href":"https:\/\/api.w.org\/{rel}","templated":true}]}}