{"id":16088,"date":"2013-08-30T06:59:31","date_gmt":"2013-08-30T12:59:31","guid":{"rendered":"http:\/\/www.eloriente.net\/home\/?p=16088"},"modified":"2013-08-30T07:00:53","modified_gmt":"2013-08-30T13:00:53","slug":"estrenan-conferencia-sobre-la-lluvia-obra-reciente-de-juan-villoro","status":"publish","type":"post","link":"https:\/\/www.eloriente.net\/home\/2013\/08\/30\/estrenan-conferencia-sobre-la-lluvia-obra-reciente-de-juan-villoro\/","title":{"rendered":"Estrenan &#8216;Conferencia sobre la lluvia&#8217;, obra reciente de Juan Villoro"},"content":{"rendered":"<p>eloriente.net \/ <a href=\"http:\/\/www.conaculta.gob.mx\/\" target=\"_blank\">Conaculta<\/a><\/p>\n<p>30 de agosto de 2013<\/p>\n<div id=\"contenido_nota\">\n<div>\n<ul>\n<li>\n<div align=\"&quot;&quot;justify&quot;&quot;\">Una historia en torno a los libros, la lectura y las bibliotecas<\/div>\n<\/li>\n<\/ul>\n<p align=\"justify\">La inauguraci\u00f3n del Foro Polivalente Antonieta Rivas Mercado de la Biblioteca de M\u00e9xico se realiz\u00f3 con el estreno de la puesta en escena de\u00a0<em>Conferencia sobre la lluvia<\/em>, del escritor Juan Villoro, la cual se presentar\u00e1 hasta el 8 de septiembre.<\/p>\n<p>La obra, que ser\u00eda una ponencia con el tema de la lluvia, se convierte en un mon\u00f3logo y en una serie de disertaciones cuando el protagonista, un bibliotecario (Diego J\u00e1uregui) pierde el discurso de su conferencia.<\/p>\n<p>A partir de ese momento tiene que improvisar, lo que le da pauta para hacer reflexiones, contar an\u00e9cdotas, confidencias y hasta divagaciones, muchas de las cuales provocan la risa del espectador, salpicadas con citas po\u00e9ticas sobre la lluvia, el tema central de la conferencia.<\/p>\n<p>El bibliotecario se sorprende de haber perdido sus papeles, sobre todo si se toma en cuenta que toda su vida gira en torno al orden y aunque apunta que las mejores conferencias son improvisadas, a las cuales califica como \u201claboratorios mentales\u201d, corre el riesgo y cae en la divagaci\u00f3n.<\/p>\n<p>Aunque al inicio s\u00ed habla sobre la lluvia y hasta se\u00f1ala que la literatura es un lugar en el que llueve y que en su profesi\u00f3n tiene que coleccionar \u201cchubascos literarios\u201d, pronto pierde el hilo de la charla y cambia de tema.<\/p>\n<p>As\u00ed, el espectador comienza a conocer a este extra\u00f1o personaje; primero sus ideas acerca de los libros y del importante papel que juegan las bibliotecas, de las que dice, son \u201cbancos de ojos\u201d, ya que ah\u00ed est\u00e1n las miradas que han dejado los lectores.<\/p>\n<p>Pero despu\u00e9s comienzan las confesiones \u00edntimas: la vida con su esposa, con quien nunca se entendi\u00f3 y tuvo \u201cproblemas de correcci\u00f3n de estilo\u201d ya que mientras el quer\u00eda una \u201cconjunci\u00f3n copulativa\u201d ella pon\u00eda una \u201cadversativa\u201d.<\/p>\n<p>La relaci\u00f3n con su padre, una aventura amorosa, sus fobias y sus ideas, se mezclan en el mon\u00f3logo donde recuerda que \u201cel amor es una ca\u00edda que produce raspones\u201d y que siempre \u201cllueve mejor en la imaginaci\u00f3n\u201d.<\/p>\n<p>El autor de<em>\u00a0Conferencia sobre la lluvia<\/em>, Juan Villoro, explic\u00f3 que la obra es \u201cla vida privada de alguien que vive \u00a0en soledad, pero trata de comunicarse con los dem\u00e1s a trav\u00e9s de los libros, para bien y tambi\u00e9n para mal\u201d.<\/p>\n<p>El escritor y periodista record\u00f3 que \u201cuna biblioteca es la casa de los libros y nos pareci\u00f3 oportuno reflexionar sobre ellos, a partir de una de las figuras m\u00e1s necesarias y m\u00e1s insoslayables de la vida intelectual, que es la del bibliotecario, la del intercesor secreto que hace que los libros lleguen a nosotros, el que los escoge, el que los clasifica\u201d.<\/p>\n<p>Juan Villoro celebr\u00f3 que el estreno de la puesta en escena coincidiera con la apertura del nuevo foro de la Biblioteca de M\u00e9xico, pues \u201cnunca pensamos que podr\u00edamos estar aqu\u00ed reunidos, estrenando una obra, ya estrenar es dif\u00edcil y estrenar una obra que al mismo tiempo estrena un edificio, es todo un reto, creo aqu\u00ed, en este espacio, resonar\u00e1n muchas otras voces, es para nosotros un orgullo ser los primeros en participar en este foro\u201d.<\/p>\n<p>Por su parte, Fernando \u00c1lvarez del Castillo, director general de Bibliotecas del Conaculta, indic\u00f3 que la remodelaci\u00f3n del foro teatral forma parte de la restauraci\u00f3n integral que se lleva a cabo en la Biblioteca de M\u00e9xico en La Ciudadela.<\/p>\n<p>Ahora el Foro Polivalente Antonieta Rivas Mercado tiene capacidad para 172 personas, un escenario de 12 metros por 8, tres camerinos, \u00e1rea para ensayos, nuevo equipo de sonido e iluminaci\u00f3n y ser\u00e1 un espacio dedicado no s\u00f3lo para las artes esc\u00e9nicas y el cine, sino para diversas actividades culturales como conferencias y coloquios.<\/p>\n<p>El director general de Bibliotecas apunt\u00f3 que\u00a0<em>Conferencia sobre la lluvia<\/em>es una propuesta esc\u00e9nica en torno a los libros, la lectura y las bibliotecas y que fue creada ex profeso para la apertura de este nuevo foro de la Biblioteca de M\u00e9xico que ser\u00e1 un espacio cultural para beneficio de todos los sectores sociales.<\/p>\n<p><em>Conferencia sobre la lluvia<\/em>, dirigida por Sandra F\u00e9lix, con la escenograf\u00eda e iluminaci\u00f3n de Philippe Amand, se presentar\u00e1 hasta el 8 de septiembre en el Foro Polivalente Antonieta Rivas Mercado de la Biblioteca de M\u00e9xico, ubicada en Plaza de la Ciudadela 4, cerca del Metro Balderas.<\/p>\n<p>Las funciones ser\u00e1n mi\u00e9rcoles y jueves a las 19:00 horas, s\u00e1bados y domingos 13:00 y 18:00 horas. Con una duraci\u00f3n de 80 minutos y dirigida a adolescentes y adultos. La entrada a esta obra es libre y el cupo es limitado.<\/p>\n<\/div>\n<\/div>\n<p><strong>AGB<\/strong><br \/>\nConaculta: 29 de agosto de 2013. M\u00e9xico \/ Distrito Federal<\/p>\n<p><a href=\"http:\/\/www.eloriente.net\/home\/wp-content\/uploads\/2013\/08\/@Conferencia-sobre-la-Lluvia.jpg\"><img loading=\"lazy\" decoding=\"async\" class=\"alignnone size-medium wp-image-16089\" title=\"@Conferencia sobre la Lluvia\" src=\"http:\/\/www.eloriente.net\/home\/wp-content\/uploads\/2013\/08\/@Conferencia-sobre-la-Lluvia-190x300.jpg\" alt=\"\" width=\"190\" height=\"300\" srcset=\"https:\/\/www.eloriente.net\/home\/wp-content\/uploads\/2013\/08\/@Conferencia-sobre-la-Lluvia-190x300.jpg 190w, https:\/\/www.eloriente.net\/home\/wp-content\/uploads\/2013\/08\/@Conferencia-sobre-la-Lluvia.jpg 480w\" sizes=\"(max-width: 190px) 100vw, 190px\" \/><\/a><\/p>\n<p>Foto: <a href=\"https:\/\/www.facebook.com\/pages\/Conferencia-sobre-la-lluvia\/288278601314596?fref=ts\" target=\"_blank\">@Conferenciasobrelalluvia<\/a><\/p>\n\n\t\t\t  <div \n\t\t\t  \tclass = \"fb-comments\" \n\t\t\t  \tdata-href = \"https:\/\/www.eloriente.net\/home\/2013\/08\/30\/estrenan-conferencia-sobre-la-lluvia-obra-reciente-de-juan-villoro\/\"\n\t\t\t  \tdata-numposts = \"10\"\n\t\t\t\tdata-colorscheme = \"dark\"\n\t\t\t\tdata-order-by = \"social\"\n\t\t\t\tdata-mobile=true>\n\t\t\t  <\/div>\n\t\t  <style>\n\t\t\t.fb_iframe_widget_fluid_desktop iframe {\n\t\t\t    width: 100% !important;\n\t\t\t}\n\t\t  <\/style>\n\t\t  ","protected":false},"excerpt":{"rendered":"<p>eloriente.net \/ Conaculta 30 de agosto de 2013 Una historia en torno a los libros, la lectura y las bibliotecas La inauguraci\u00f3n del Foro Polivalente Antonieta Rivas Mercado de la Biblioteca de M\u00e9xico se realiz\u00f3 con el estreno de la puesta en escena de\u00a0Conferencia sobre la lluvia, del escritor Juan Villoro, la cual se presentar\u00e1 [&hellip;]<\/p>\n","protected":false},"author":1,"featured_media":16089,"comment_status":"open","ping_status":"open","sticky":false,"template":"","format":"standard","meta":{"_jetpack_memberships_contains_paid_content":false,"footnotes":""},"categories":[18,32,10],"tags":[],"class_list":["post-16088","post","type-post","status-publish","format-standard","has-post-thumbnail","hentry","category-educacion-y-cultura","category-entradas","category-lo-mas-reciente"],"jetpack_featured_media_url":"https:\/\/www.eloriente.net\/home\/wp-content\/uploads\/2013\/08\/@Conferencia-sobre-la-Lluvia.jpg","jetpack_sharing_enabled":true,"_links":{"self":[{"href":"https:\/\/www.eloriente.net\/home\/wp-json\/wp\/v2\/posts\/16088"}],"collection":[{"href":"https:\/\/www.eloriente.net\/home\/wp-json\/wp\/v2\/posts"}],"about":[{"href":"https:\/\/www.eloriente.net\/home\/wp-json\/wp\/v2\/types\/post"}],"author":[{"embeddable":true,"href":"https:\/\/www.eloriente.net\/home\/wp-json\/wp\/v2\/users\/1"}],"replies":[{"embeddable":true,"href":"https:\/\/www.eloriente.net\/home\/wp-json\/wp\/v2\/comments?post=16088"}],"version-history":[{"count":3,"href":"https:\/\/www.eloriente.net\/home\/wp-json\/wp\/v2\/posts\/16088\/revisions"}],"predecessor-version":[{"id":16092,"href":"https:\/\/www.eloriente.net\/home\/wp-json\/wp\/v2\/posts\/16088\/revisions\/16092"}],"wp:featuredmedia":[{"embeddable":true,"href":"https:\/\/www.eloriente.net\/home\/wp-json\/wp\/v2\/media\/16089"}],"wp:attachment":[{"href":"https:\/\/www.eloriente.net\/home\/wp-json\/wp\/v2\/media?parent=16088"}],"wp:term":[{"taxonomy":"category","embeddable":true,"href":"https:\/\/www.eloriente.net\/home\/wp-json\/wp\/v2\/categories?post=16088"},{"taxonomy":"post_tag","embeddable":true,"href":"https:\/\/www.eloriente.net\/home\/wp-json\/wp\/v2\/tags?post=16088"}],"curies":[{"name":"wp","href":"https:\/\/api.w.org\/{rel}","templated":true}]}}