{"id":16106,"date":"2013-08-30T19:38:35","date_gmt":"2013-08-31T01:38:35","guid":{"rendered":"http:\/\/www.eloriente.net\/home\/?p=16106"},"modified":"2013-08-30T17:45:57","modified_gmt":"2013-08-30T23:45:57","slug":"empujando-desde-la-cima","status":"publish","type":"post","link":"https:\/\/www.eloriente.net\/home\/2013\/08\/30\/empujando-desde-la-cima\/","title":{"rendered":"Empujando desde la cima"},"content":{"rendered":"<p>eloriente.net<\/p>\n<p>30 de agosto de 2013<\/p>\n<p style=\"text-align: right\">Por: Guadalupe Zarza Brise\u00f1o<\/p>\n<p>Es un honor, el retomar mis cr\u00f3nicas de emprendimiento. Qu\u00e9 me pas\u00f3??? Sencillo me dediqu\u00e9 a crecer.<\/p>\n<p>A mi edad, si a esta edad (51a\u00f1os), estoy cursando ya la segunda mitad de la maestr\u00eda en administraci\u00f3n, (Executive MBA, con doble grado internacional) este era un pendiente de vida y por fin me encuentro ya en la segunda mitad de la misma, siento que voy bien si consideramos que soy egresada de la generaci\u00f3n del a\u00f1o 1985, a casi treinta a\u00f1os, retomo mis estudios formales con una brecha enooorme en t\u00e9cnicas de administraci\u00f3n, did\u00e1cticas tambi\u00e9n y por supuesto en la tecnolog\u00eda misma.<\/p>\n<p>De las cosas que me encantan es que ahora puedes perfectamente estar atendiendo la clase con tu lap pero al mismo tiempo chateando y elaborando alg\u00fan trabajo de equipo en una presentaci\u00f3n formal, atendiendo pendientes de tu negocio y mis compa\u00f1eritos m\u00e1s j\u00f3venes,\u00a0 adem\u00e1s compran y venden en l\u00ednea.<\/p>\n<p>Todo esto para mi fue mas que novedoso, sobre todo cuando mis catedr\u00e1ticos me preguntan \u201cCrees lo que te estoy explicando\u201d a lo cual contest\u00e9 que SI, cual fue mi sorpresa cuando me responden \u201cjam\u00e1s creas todo lo que se te dice, para eso cuentas con herramientas instant\u00e1neas para corroborar y ampliar la informaci\u00f3n, el google es una de ellas\u201d.<\/p>\n<p>Hoy d\u00eda pareciera odiosa cuando al estar escuchando alguna conferencia o alg\u00fan tema de sobremesa, estoy de inmediato checando informaci\u00f3n por safari.<\/p>\n<p>Qu\u00e9 les puedo decir, solo que estoy fascinada, cada d\u00eda me descubro y descubro mucho talento en la juventud, si le sumo mi experiencia pues es mas f\u00e1cil dirigirlos y ver las potencialidades en beneficio de mi empresa.<\/p>\n<p>No fue nada f\u00e1cil, hora y horas haci\u00e9ndome bolas con el Excel, pero no hay nada imposible cuando se tienen ganas.<\/p>\n<p>Solo les puedo decir que estoy contenta, que mis colaboradores tambi\u00e9n, logramos comunicarnos de manera mas efectiva y operar mejor en un nuevo ambiente de colaboraci\u00f3n y mejora continua, lo valioso aqu\u00ed es que ellos son los que me van aportando las ideas de mejora y con ello el compromiso a ejecuta lo mejor posible.<\/p>\n<p>Lo que quisiera compartirles con todo mi coraz\u00f3n es que nunca es tarde para retomar los estudios, no existe lo imposible cuando se tienen ganas, que peso a peso vale la pena la inversi\u00f3n, que no solo he logrado una mejor comunicaci\u00f3n con mis colaboradores sino con la alta direcci\u00f3n tambi\u00e9n, con el staff, con mis proveedores, pero sobre todo con mi familia, ahora la mam\u00e1 est\u00e1 al d\u00eda.<\/p>\n<p>\u00bfPero qu\u00e9 creen? La nueva era del conocimiento nos indica que con esta revoluci\u00f3n de la informaci\u00f3n, el cambio es lo m\u00e1s seguro e inevitable y con ello te obligas a estar actualizado si deseas seguir vigente en el mundo de los negocios o del emprendedurismo, les repito hacer el cambio mental de c\u00f3mo se adquieren ahora los conocimientos es la clave. Ya no necesitas ser una enciclopedia viviente, no deja de ser loable, es mejor saberse falible y buscar segundas o terceras opiniones y las tenemos al alcance de una computadora.<\/p>\n<p>Reciban mi cari\u00f1o y entusiasmo,<\/p>\n<p>Seguimos comentando.<\/p>\n<p><a href=\"http:\/\/www.eloriente.net\/home\/wp-content\/uploads\/2013\/08\/Cima-Ombladet-Algunos-derechos-reservados-por-chripell.jpg\"><img loading=\"lazy\" decoding=\"async\" class=\"alignnone size-medium wp-image-16107\" src=\"http:\/\/www.eloriente.net\/home\/wp-content\/uploads\/2013\/08\/Cima-Ombladet-Algunos-derechos-reservados-por-chripell-300x171.jpg\" alt=\"\" width=\"300\" height=\"171\" srcset=\"https:\/\/www.eloriente.net\/home\/wp-content\/uploads\/2013\/08\/Cima-Ombladet-Algunos-derechos-reservados-por-chripell-300x171.jpg 300w, https:\/\/www.eloriente.net\/home\/wp-content\/uploads\/2013\/08\/Cima-Ombladet-Algunos-derechos-reservados-por-chripell.jpg 1024w\" sizes=\"(max-width: 300px) 100vw, 300px\" \/><\/a><\/p>\n<p>Foto: DR CC chripell<\/p>\n\n\t\t\t  <div \n\t\t\t  \tclass = \"fb-comments\" \n\t\t\t  \tdata-href = \"https:\/\/www.eloriente.net\/home\/2013\/08\/30\/empujando-desde-la-cima\/\"\n\t\t\t  \tdata-numposts = \"10\"\n\t\t\t\tdata-colorscheme = \"dark\"\n\t\t\t\tdata-order-by = \"social\"\n\t\t\t\tdata-mobile=true>\n\t\t\t  <\/div>\n\t\t  <style>\n\t\t\t.fb_iframe_widget_fluid_desktop iframe {\n\t\t\t    width: 100% !important;\n\t\t\t}\n\t\t  <\/style>\n\t\t  ","protected":false},"excerpt":{"rendered":"<p>eloriente.net 30 de agosto de 2013 Por: Guadalupe Zarza Brise\u00f1o Es un honor, el retomar mis cr\u00f3nicas de emprendimiento. Qu\u00e9 me pas\u00f3??? Sencillo me dediqu\u00e9 a crecer. A mi edad, si a esta edad (51a\u00f1os), estoy cursando ya la segunda mitad de la maestr\u00eda en administraci\u00f3n, (Executive MBA, con doble grado internacional) este era un [&hellip;]<\/p>\n","protected":false},"author":10,"featured_media":16107,"comment_status":"open","ping_status":"open","sticky":false,"template":"","format":"standard","meta":{"_jetpack_memberships_contains_paid_content":false,"footnotes":""},"categories":[32,44,10,30],"tags":[],"class_list":["post-16106","post","type-post","status-publish","format-standard","has-post-thumbnail","hentry","category-entradas","category-guadalupe-zarza","category-lo-mas-reciente","category-salud"],"jetpack_featured_media_url":"https:\/\/www.eloriente.net\/home\/wp-content\/uploads\/2013\/08\/Cima-Ombladet-Algunos-derechos-reservados-por-chripell.jpg","jetpack_sharing_enabled":true,"_links":{"self":[{"href":"https:\/\/www.eloriente.net\/home\/wp-json\/wp\/v2\/posts\/16106"}],"collection":[{"href":"https:\/\/www.eloriente.net\/home\/wp-json\/wp\/v2\/posts"}],"about":[{"href":"https:\/\/www.eloriente.net\/home\/wp-json\/wp\/v2\/types\/post"}],"author":[{"embeddable":true,"href":"https:\/\/www.eloriente.net\/home\/wp-json\/wp\/v2\/users\/10"}],"replies":[{"embeddable":true,"href":"https:\/\/www.eloriente.net\/home\/wp-json\/wp\/v2\/comments?post=16106"}],"version-history":[{"count":1,"href":"https:\/\/www.eloriente.net\/home\/wp-json\/wp\/v2\/posts\/16106\/revisions"}],"predecessor-version":[{"id":16108,"href":"https:\/\/www.eloriente.net\/home\/wp-json\/wp\/v2\/posts\/16106\/revisions\/16108"}],"wp:featuredmedia":[{"embeddable":true,"href":"https:\/\/www.eloriente.net\/home\/wp-json\/wp\/v2\/media\/16107"}],"wp:attachment":[{"href":"https:\/\/www.eloriente.net\/home\/wp-json\/wp\/v2\/media?parent=16106"}],"wp:term":[{"taxonomy":"category","embeddable":true,"href":"https:\/\/www.eloriente.net\/home\/wp-json\/wp\/v2\/categories?post=16106"},{"taxonomy":"post_tag","embeddable":true,"href":"https:\/\/www.eloriente.net\/home\/wp-json\/wp\/v2\/tags?post=16106"}],"curies":[{"name":"wp","href":"https:\/\/api.w.org\/{rel}","templated":true}]}}