{"id":16335,"date":"2013-09-10T08:10:31","date_gmt":"2013-09-10T14:10:31","guid":{"rendered":"http:\/\/www.eloriente.net\/home\/?p=16335"},"modified":"2013-09-10T08:10:31","modified_gmt":"2013-09-10T14:10:31","slug":"franco-y-magallanes-exponen-en-biblioteca-henestrosa","status":"publish","type":"post","link":"https:\/\/www.eloriente.net\/home\/2013\/09\/10\/franco-y-magallanes-exponen-en-biblioteca-henestrosa\/","title":{"rendered":"Franco y Magallanes exponen en Biblioteca Henestrosa"},"content":{"rendered":"<p>todooaxacaradio.com\/Fundaci\u00f3n Alfredo Harp<\/p>\n<p><em>07\/09\/2013, Oaxaca, Oax.<\/em>\u00a0Carlos Franco y Alejandro Magallanes crearon\u00a0<em>Cuadernos<\/em>\u00a0para presentar en la Biblioteca Andr\u00e9s Henestrosa (BH). La exposici\u00f3n tiene como tema principal la lectura. Las m\u00e1s de 10 piezas que la conforman est\u00e1n distribuidas en la sala de exposiciones de la biblioteca, as\u00ed como en sus pasillos y patio.<\/p>\n<p><em>Cuadernos<\/em>\u00a0puede ser poco convencional pues cuenta con diferentes piezas y t\u00e9cnicas como dibujo, cartel, video, escultura y collage, entre otras. A primera vista pareciera que est\u00e1 compuesta por elementos aislados, sin embargo tanto dibujos, video y objetos se relacionan de alguna forma con la lectura o escritura, incluso existen elementos que la integran.<\/p>\n<p>La interacci\u00f3n est\u00e1 presente en este trabajo. De acuerdo con Magallanes una obra est\u00e1 completa cuando se logra la participaci\u00f3n del p\u00fablico. En esta ocasi\u00f3n, por ejemplo, los artistas colocaron pizarrones en los cuales, los visitantes pueden dibujar o escribir libremente.<\/p>\n<p>Los dise\u00f1adores gr\u00e1ficos dieron rienda suelta a su imaginaci\u00f3n con el fin de hacer un trabajo que uniera su talento. El t\u00edtulo tiene dos significados: \u201ccuaderno\u201d porque este objeto puede relacionarse con la lectura y porque ambos , Franco y Magallanes, se denominan \u201ccuadernos\u201d (cuates, amigos).<\/p>\n<p>Los expositores indicaron que la BH es un espacio importante en el estado para difundir \u00a0la cultura y las artes, ya que al ser una \u201cbiblioteca viva\u201d da oportunidad \u2013por igual\u2013 a nuevos o a conocidos talentos de presentarse de forma gratuita \u00a0para la comunidad.\u00a0<em><\/em><\/p>\n<p><a href=\"http:\/\/www.todooaxacaradio.com\/wp-content\/uploads\/2013\/09\/Expo-Magallanes-Fundaci%C3%B3n-Harp.jpg\"><img loading=\"lazy\" decoding=\"async\" class=\"aligncenter\" title=\"SONY DSC\" src=\"http:\/\/www.todooaxacaradio.com\/wp-content\/uploads\/2013\/09\/Expo-Magallanes-Fundaci%C3%B3n-Harp-300x199.jpg\" alt=\"\" width=\"300\" height=\"199\" \/><\/a><\/p>\n<p>&nbsp;<\/p>\n<p><em>Fuente:<\/em>\u00a0Brisseyda V\u00e1squez con informaci\u00f3n de Carlos Franco y Alejandro Magallanes.<\/p>\n\n\t\t\t  <div \n\t\t\t  \tclass = \"fb-comments\" \n\t\t\t  \tdata-href = \"https:\/\/www.eloriente.net\/home\/2013\/09\/10\/franco-y-magallanes-exponen-en-biblioteca-henestrosa\/\"\n\t\t\t  \tdata-numposts = \"10\"\n\t\t\t\tdata-colorscheme = \"dark\"\n\t\t\t\tdata-order-by = \"social\"\n\t\t\t\tdata-mobile=true>\n\t\t\t  <\/div>\n\t\t  <style>\n\t\t\t.fb_iframe_widget_fluid_desktop iframe {\n\t\t\t    width: 100% !important;\n\t\t\t}\n\t\t  <\/style>\n\t\t  ","protected":false},"excerpt":{"rendered":"<p>todooaxacaradio.com\/Fundaci\u00f3n Alfredo Harp 07\/09\/2013, Oaxaca, Oax.\u00a0Carlos Franco y Alejandro Magallanes crearon\u00a0Cuadernos\u00a0para presentar en la Biblioteca Andr\u00e9s Henestrosa (BH). La exposici\u00f3n tiene como tema principal la lectura. Las m\u00e1s de 10 piezas que la conforman est\u00e1n distribuidas en la sala de exposiciones de la biblioteca, as\u00ed como en sus pasillos y patio. Cuadernos\u00a0puede ser poco convencional [&hellip;]<\/p>\n","protected":false},"author":1,"featured_media":16336,"comment_status":"open","ping_status":"open","sticky":false,"template":"","format":"standard","meta":{"_jetpack_memberships_contains_paid_content":false,"footnotes":""},"categories":[8,18,32,10],"tags":[],"class_list":["post-16335","post","type-post","status-publish","format-standard","has-post-thumbnail","hentry","category-agenda","category-educacion-y-cultura","category-entradas","category-lo-mas-reciente"],"jetpack_featured_media_url":"https:\/\/www.eloriente.net\/home\/wp-content\/uploads\/2013\/09\/Expo-Magallanes-Fundaci\u00f3n-Harp.jpg","jetpack_sharing_enabled":true,"_links":{"self":[{"href":"https:\/\/www.eloriente.net\/home\/wp-json\/wp\/v2\/posts\/16335"}],"collection":[{"href":"https:\/\/www.eloriente.net\/home\/wp-json\/wp\/v2\/posts"}],"about":[{"href":"https:\/\/www.eloriente.net\/home\/wp-json\/wp\/v2\/types\/post"}],"author":[{"embeddable":true,"href":"https:\/\/www.eloriente.net\/home\/wp-json\/wp\/v2\/users\/1"}],"replies":[{"embeddable":true,"href":"https:\/\/www.eloriente.net\/home\/wp-json\/wp\/v2\/comments?post=16335"}],"version-history":[{"count":2,"href":"https:\/\/www.eloriente.net\/home\/wp-json\/wp\/v2\/posts\/16335\/revisions"}],"predecessor-version":[{"id":16338,"href":"https:\/\/www.eloriente.net\/home\/wp-json\/wp\/v2\/posts\/16335\/revisions\/16338"}],"wp:featuredmedia":[{"embeddable":true,"href":"https:\/\/www.eloriente.net\/home\/wp-json\/wp\/v2\/media\/16336"}],"wp:attachment":[{"href":"https:\/\/www.eloriente.net\/home\/wp-json\/wp\/v2\/media?parent=16335"}],"wp:term":[{"taxonomy":"category","embeddable":true,"href":"https:\/\/www.eloriente.net\/home\/wp-json\/wp\/v2\/categories?post=16335"},{"taxonomy":"post_tag","embeddable":true,"href":"https:\/\/www.eloriente.net\/home\/wp-json\/wp\/v2\/tags?post=16335"}],"curies":[{"name":"wp","href":"https:\/\/api.w.org\/{rel}","templated":true}]}}