{"id":16428,"date":"2013-09-15T07:04:52","date_gmt":"2013-09-15T13:04:52","guid":{"rendered":"http:\/\/www.eloriente.net\/home\/?p=16428"},"modified":"2013-09-15T07:15:04","modified_gmt":"2013-09-15T13:15:04","slug":"arquitecto-francisco-serrano-dicto-conferencia-en-arquitectura-5-de-mayo","status":"publish","type":"post","link":"https:\/\/www.eloriente.net\/home\/2013\/09\/15\/arquitecto-francisco-serrano-dicto-conferencia-en-arquitectura-5-de-mayo\/","title":{"rendered":"Arquitecto Francisco Serrano dict\u00f3 conferencia en Arquitectura \u00ab5 de mayo\u00bb"},"content":{"rendered":"<p>eloriente.net \/<a href=\"http:\/\/www.uabjo.mx\/\" target=\"_blank\"> UABJO<\/a><\/p>\n<p>15 de septiembre de 2013<\/p>\n<p>En d\u00edas pasados la Facultad de Arquitectura \u201c5 de Mayo\u201d de la Universidad Aut\u00f3noma \u201cBenito Ju\u00e1rez\u201d de Oaxaca (UABJO), present\u00f3 la conferencia magistral del reconocido arquitecto Francisco Serrano Cacho, ello en el marco de la nueva administraci\u00f3n encabezada por el M. Arq. Jes\u00fas Pablo Hern\u00e1ndez.<\/p>\n<p>El destacado conferencista, es heredero de una dinast\u00eda de cuatro generaciones de arquitectos y ganador del Premio Nacional de Arquitectura 2013, recientemente premiado por el Presidente de la Republica el 17 de junio del presente a\u00f1o. Este objetivo alcanzado fue con el prop\u00f3sito de mejorar la calidad de ense\u00f1anza aprendizaje de parte de alumnos\u00a0 y docentes.<\/p>\n<p>Serrano Cacho se ha distinguido por su amplia trayectoria dentro del campo de la arquitectura, fund\u00f3 Serrano Arquitectos y Asociados S.C., ha colaborado con diversos arquitectos como Susana Garc\u00eda Fuertes, Rafael Mijares, as\u00ed mismo con los despachos de Teodoro Gonzales Le\u00f3n, Juan Sordo Madaleno y\u00a0 Augusto H. \u00c1lvarez; siendo considerado uno de los principales exponentes de la arquitectura mexicana contempor\u00e1nea.<\/p>\n<p>Durante su conferencia magistral, present\u00f3 su prol\u00edfica trayectoria profesional abarcando desde proyectos de vivienda, salud, cultura, educaci\u00f3n, industria, comercios, corporativos de oficinas, hasta planes de desarrollo urbano. Sus diversas obras realizadas tanto en Rep\u00fablica Mexicana como en el extranjero son numerosas, entre las que destacan la Universidad Iberoamericana Campus Santa Fe, su alma mater, incluyendo la ampliaci\u00f3n a la Biblioteca Francisco Xavier Clavijero y el estacionamiento de la misma Universidad entre otras obras no menos importantes.<\/p>\n<p>Los alumnos participaron dentro de la sesi\u00f3n de preguntas, mostrando inter\u00e9s del ponente quien los invit\u00f3 a que se desarrollen en el campo donde m\u00e1s fortaleza se tenga, tratando de estar comprometidos con el quehacer arquitect\u00f3nico como funci\u00f3n primordial y de esta manera dejar testimonio del momento actual en que se desarrolla.<\/p>\n<p>Al t\u00e9rmino de la conferencia el director de la facultad, agradeci\u00f3 por su distinguida participaci\u00f3n, exhort\u00e1ndolo a realizar otra visita a nuestra facultad, recibiendo el aplauso de todos los asistentes.<\/p>\n<p><a href=\"http:\/\/www.eloriente.net\/home\/wp-content\/uploads\/2013\/09\/Francisco-Serrano-Arquitectura-UABJO.jpg\"><img loading=\"lazy\" decoding=\"async\" class=\"alignnone size-medium wp-image-16429\" title=\"Francisco Serrano Arquitectura UABJO\" src=\"http:\/\/www.eloriente.net\/home\/wp-content\/uploads\/2013\/09\/Francisco-Serrano-Arquitectura-UABJO-300x200.jpg\" alt=\"\" width=\"300\" height=\"200\" srcset=\"https:\/\/www.eloriente.net\/home\/wp-content\/uploads\/2013\/09\/Francisco-Serrano-Arquitectura-UABJO-300x200.jpg 300w, https:\/\/www.eloriente.net\/home\/wp-content\/uploads\/2013\/09\/Francisco-Serrano-Arquitectura-UABJO-1024x682.jpg 1024w\" sizes=\"(max-width: 300px) 100vw, 300px\" \/><\/a><\/p>\n<p>Foto: UABJO<\/p>\n<p>&nbsp;<\/p>\n\n\t\t\t  <div \n\t\t\t  \tclass = \"fb-comments\" \n\t\t\t  \tdata-href = \"https:\/\/www.eloriente.net\/home\/2013\/09\/15\/arquitecto-francisco-serrano-dicto-conferencia-en-arquitectura-5-de-mayo\/\"\n\t\t\t  \tdata-numposts = \"10\"\n\t\t\t\tdata-colorscheme = \"dark\"\n\t\t\t\tdata-order-by = \"social\"\n\t\t\t\tdata-mobile=true>\n\t\t\t  <\/div>\n\t\t  <style>\n\t\t\t.fb_iframe_widget_fluid_desktop iframe {\n\t\t\t    width: 100% !important;\n\t\t\t}\n\t\t  <\/style>\n\t\t  ","protected":false},"excerpt":{"rendered":"<p>eloriente.net \/ UABJO 15 de septiembre de 2013 En d\u00edas pasados la Facultad de Arquitectura \u201c5 de Mayo\u201d de la Universidad Aut\u00f3noma \u201cBenito Ju\u00e1rez\u201d de Oaxaca (UABJO), present\u00f3 la conferencia magistral del reconocido arquitecto Francisco Serrano Cacho, ello en el marco de la nueva administraci\u00f3n encabezada por el M. Arq. Jes\u00fas Pablo Hern\u00e1ndez. El destacado [&hellip;]<\/p>\n","protected":false},"author":1,"featured_media":16429,"comment_status":"open","ping_status":"open","sticky":false,"template":"","format":"standard","meta":{"_jetpack_memberships_contains_paid_content":false,"footnotes":""},"categories":[18,32,10,84],"tags":[],"class_list":["post-16428","post","type-post","status-publish","format-standard","has-post-thumbnail","hentry","category-educacion-y-cultura","category-entradas","category-lo-mas-reciente","category-universidades"],"jetpack_featured_media_url":"https:\/\/www.eloriente.net\/home\/wp-content\/uploads\/2013\/09\/Francisco-Serrano-Arquitectura-UABJO.jpg","jetpack_sharing_enabled":true,"_links":{"self":[{"href":"https:\/\/www.eloriente.net\/home\/wp-json\/wp\/v2\/posts\/16428"}],"collection":[{"href":"https:\/\/www.eloriente.net\/home\/wp-json\/wp\/v2\/posts"}],"about":[{"href":"https:\/\/www.eloriente.net\/home\/wp-json\/wp\/v2\/types\/post"}],"author":[{"embeddable":true,"href":"https:\/\/www.eloriente.net\/home\/wp-json\/wp\/v2\/users\/1"}],"replies":[{"embeddable":true,"href":"https:\/\/www.eloriente.net\/home\/wp-json\/wp\/v2\/comments?post=16428"}],"version-history":[{"count":3,"href":"https:\/\/www.eloriente.net\/home\/wp-json\/wp\/v2\/posts\/16428\/revisions"}],"predecessor-version":[{"id":16431,"href":"https:\/\/www.eloriente.net\/home\/wp-json\/wp\/v2\/posts\/16428\/revisions\/16431"}],"wp:featuredmedia":[{"embeddable":true,"href":"https:\/\/www.eloriente.net\/home\/wp-json\/wp\/v2\/media\/16429"}],"wp:attachment":[{"href":"https:\/\/www.eloriente.net\/home\/wp-json\/wp\/v2\/media?parent=16428"}],"wp:term":[{"taxonomy":"category","embeddable":true,"href":"https:\/\/www.eloriente.net\/home\/wp-json\/wp\/v2\/categories?post=16428"},{"taxonomy":"post_tag","embeddable":true,"href":"https:\/\/www.eloriente.net\/home\/wp-json\/wp\/v2\/tags?post=16428"}],"curies":[{"name":"wp","href":"https:\/\/api.w.org\/{rel}","templated":true}]}}