{"id":16433,"date":"2013-09-15T07:31:19","date_gmt":"2013-09-15T13:31:19","guid":{"rendered":"http:\/\/www.eloriente.net\/home\/?p=16433"},"modified":"2013-09-15T07:31:19","modified_gmt":"2013-09-15T13:31:19","slug":"sin-enfrentamientos-zocalo-de-oaxaca-esta-libre-para-el-grito","status":"publish","type":"post","link":"https:\/\/www.eloriente.net\/home\/2013\/09\/15\/sin-enfrentamientos-zocalo-de-oaxaca-esta-libre-para-el-grito\/","title":{"rendered":"Sin enfrentamientos, Z\u00f3calo de Oaxaca est\u00e1 &#8216;libre&#8217; para el Grito"},"content":{"rendered":"<p>eloriente.net<\/p>\n<p>15 de septiembre de 2013<\/p>\n<p>eloriente.net (Oaxaca, Oax. a 15 de septiembre de 2013).- Luego de que integrantes del Frente \u00danico de Lucha de la Asamblea Popular \u00a0de los Pueblos de Oaxaca (FUL-APPO) se apostara en el Z\u00f3calo de la Ciudad de Oaxaca, esta madrugada las fuerzas de seguridad retomaron el control del lugar sin enfrentamientos y con acuerdo de dichas organizaciones.<\/p>\n<p>Los activistas hab\u00edan cerrado los accesos al Palacio de Gobierno y amagado con permanecer all\u00ed al menos hasta el lunes 16, impidiendo de esta manera la realizaci\u00f3n del Grito de la Independencia, a cargo en Oaxaca de Gabino Cu\u00e9, Gobernador.<\/p>\n<p>Sin embargo, un grupo de polic\u00edas arrib\u00f3 al lugar durante la madrugada para comenzar a implementar todo lo necesario para dicha ceremonia, ocasionando que los integrantes de la organizaci\u00f3n decidieran retirarse pac\u00edficamente.<\/p>\n<p>Seg\u00fan datos de El Universal, la FUL-APPO organizar\u00e1 su propio Grito en otras calles de Oaxaca esta noche.<\/p>\n<p>&nbsp;<\/p>\n<blockquote class=\"twitter-tweet\"><p>1:09 presencia de polic\u00eda estatal en el z\u00f3calo de Oaxaca v\u00eda <a href=\"https:\/\/twitter.com\/misspartes\">@misspartes<\/a> <a href=\"https:\/\/twitter.com\/JehuPi\">@JehuPi<\/a> <a href=\"http:\/\/t.co\/plaIi0Z14r\">pic.twitter.com\/plaIi0Z14r<\/a><\/p>\n<p>\u2014 C\u00e9sar Hern\u00e1ndez 3.0 (@Caesar3_0) <a href=\"https:\/\/twitter.com\/Caesar3_0\/statuses\/379140455025217536\">September 15, 2013<\/a><\/p><\/blockquote>\n<p>&nbsp;<\/p>\n<blockquote class=\"twitter-tweet\"><p>FUL-APPO se retir\u00f3 tras anunciar el acuerdo interno y no hubo confrontaci\u00f3n con fuerzas policiacas <a href=\"https:\/\/twitter.com\/search?q=%23Oaxaca&amp;src=hash\">#Oaxaca<\/a> <a href=\"https:\/\/twitter.com\/search?q=%23CNTE&amp;src=hash\">#CNTE<\/a> <a href=\"http:\/\/t.co\/oBRzwkrDDs\">pic.twitter.com\/oBRzwkrDDs<\/a><\/p>\n<p>\u2014 Jorge Luis Mart\u00ednez (@Jorgeopl) <a href=\"https:\/\/twitter.com\/Jorgeopl\/statuses\/379130652223762432\">September 15, 2013<\/a><\/p><\/blockquote>\n<p>&nbsp;<\/p>\n<p>&nbsp;<\/p>\n<blockquote class=\"twitter-tweet\"><p>Lavan portales de palacio de gobierno de <a href=\"https:\/\/twitter.com\/search?q=%23Oaxaca&amp;src=hash\">#Oaxaca<\/a> para la ceremonia del grito de hoy por la noche <a href=\"https:\/\/twitter.com\/search?q=%23TwitterOax&amp;src=hash\">#TwitterOax<\/a> <a href=\"http:\/\/t.co\/qE91a16QVV\">pic.twitter.com\/qE91a16QVV<\/a><\/p>\n<p>\u2014 Jorge Luis Mart\u00ednez (@Jorgeopl) <a href=\"https:\/\/twitter.com\/Jorgeopl\/statuses\/379148755892572160\">September 15, 2013<\/a><\/p><\/blockquote>\n<p>&nbsp;<\/p>\n<p><a href=\"http:\/\/www.eloriente.net\/home\/wp-content\/uploads\/2013\/09\/Bandera-M\u00e9xico-httpcreativecommons.orglicensesby-sa2.0.jpg\"><img loading=\"lazy\" decoding=\"async\" class=\"alignnone size-medium wp-image-16434\" title=\"Bandera M\u00e9xico httpcreativecommons.orglicensesby-sa2.0\" src=\"http:\/\/www.eloriente.net\/home\/wp-content\/uploads\/2013\/09\/Bandera-M\u00e9xico-httpcreativecommons.orglicensesby-sa2.0-300x200.jpg\" alt=\"\" width=\"300\" height=\"200\" srcset=\"https:\/\/www.eloriente.net\/home\/wp-content\/uploads\/2013\/09\/Bandera-M\u00e9xico-httpcreativecommons.orglicensesby-sa2.0-300x200.jpg 300w, https:\/\/www.eloriente.net\/home\/wp-content\/uploads\/2013\/09\/Bandera-M\u00e9xico-httpcreativecommons.orglicensesby-sa2.0.jpg 1024w\" sizes=\"(max-width: 300px) 100vw, 300px\" \/><\/a><\/p>\n<p>Foto:\u00a0<a title=\"Attribution-ShareAlike License\" href=\"http:\/\/creativecommons.org\/licenses\/by-sa\/2.0\/\">Algunos derechos reservados<\/a>\u00a0por\u00a0<a href=\"http:\/\/www.flickr.com\/photos\/cfrausto\/\">Christian Frausto Bernal<\/a><\/p>\n\n\t\t\t  <div \n\t\t\t  \tclass = \"fb-comments\" \n\t\t\t  \tdata-href = \"https:\/\/www.eloriente.net\/home\/2013\/09\/15\/sin-enfrentamientos-zocalo-de-oaxaca-esta-libre-para-el-grito\/\"\n\t\t\t  \tdata-numposts = \"10\"\n\t\t\t\tdata-colorscheme = \"dark\"\n\t\t\t\tdata-order-by = \"social\"\n\t\t\t\tdata-mobile=true>\n\t\t\t  <\/div>\n\t\t  <style>\n\t\t\t.fb_iframe_widget_fluid_desktop iframe {\n\t\t\t    width: 100% !important;\n\t\t\t}\n\t\t  <\/style>\n\t\t  ","protected":false},"excerpt":{"rendered":"<p>eloriente.net 15 de septiembre de 2013 eloriente.net (Oaxaca, Oax. a 15 de septiembre de 2013).- Luego de que integrantes del Frente \u00danico de Lucha de la Asamblea Popular \u00a0de los Pueblos de Oaxaca (FUL-APPO) se apostara en el Z\u00f3calo de la Ciudad de Oaxaca, esta madrugada las fuerzas de seguridad retomaron el control del lugar [&hellip;]<\/p>\n","protected":false},"author":1,"featured_media":16434,"comment_status":"open","ping_status":"open","sticky":false,"template":"","format":"standard","meta":{"_jetpack_memberships_contains_paid_content":false,"footnotes":""},"categories":[29,32,10,31],"tags":[],"class_list":["post-16433","post","type-post","status-publish","format-standard","has-post-thumbnail","hentry","category-capital","category-entradas","category-lo-mas-reciente","category-principal"],"jetpack_featured_media_url":"https:\/\/www.eloriente.net\/home\/wp-content\/uploads\/2013\/09\/Bandera-M\u00e9xico-httpcreativecommons.orglicensesby-sa2.0.jpg","jetpack_sharing_enabled":true,"_links":{"self":[{"href":"https:\/\/www.eloriente.net\/home\/wp-json\/wp\/v2\/posts\/16433"}],"collection":[{"href":"https:\/\/www.eloriente.net\/home\/wp-json\/wp\/v2\/posts"}],"about":[{"href":"https:\/\/www.eloriente.net\/home\/wp-json\/wp\/v2\/types\/post"}],"author":[{"embeddable":true,"href":"https:\/\/www.eloriente.net\/home\/wp-json\/wp\/v2\/users\/1"}],"replies":[{"embeddable":true,"href":"https:\/\/www.eloriente.net\/home\/wp-json\/wp\/v2\/comments?post=16433"}],"version-history":[{"count":2,"href":"https:\/\/www.eloriente.net\/home\/wp-json\/wp\/v2\/posts\/16433\/revisions"}],"predecessor-version":[{"id":16436,"href":"https:\/\/www.eloriente.net\/home\/wp-json\/wp\/v2\/posts\/16433\/revisions\/16436"}],"wp:featuredmedia":[{"embeddable":true,"href":"https:\/\/www.eloriente.net\/home\/wp-json\/wp\/v2\/media\/16434"}],"wp:attachment":[{"href":"https:\/\/www.eloriente.net\/home\/wp-json\/wp\/v2\/media?parent=16433"}],"wp:term":[{"taxonomy":"category","embeddable":true,"href":"https:\/\/www.eloriente.net\/home\/wp-json\/wp\/v2\/categories?post=16433"},{"taxonomy":"post_tag","embeddable":true,"href":"https:\/\/www.eloriente.net\/home\/wp-json\/wp\/v2\/tags?post=16433"}],"curies":[{"name":"wp","href":"https:\/\/api.w.org\/{rel}","templated":true}]}}