{"id":16437,"date":"2013-09-16T10:36:55","date_gmt":"2013-09-16T16:36:55","guid":{"rendered":"http:\/\/www.eloriente.net\/home\/?p=16437"},"modified":"2013-09-16T13:31:51","modified_gmt":"2013-09-16T19:31:51","slug":"abre-en-oaxaca-agite-y-sirva-festival-de-videodanza","status":"publish","type":"post","link":"https:\/\/www.eloriente.net\/home\/2013\/09\/16\/abre-en-oaxaca-agite-y-sirva-festival-de-videodanza\/","title":{"rendered":"Abre en Oaxaca &#8216;Agite y Sirva&#8217;, Festival de Videodanza"},"content":{"rendered":"<p>eloriente.net\/<a href=\"http:\/\/agiteysirva.com\" target=\"_blank\">Agite y Sirva<\/a><\/p>\n<p>16 de septiembre de 2013<\/p>\n<p>eloriente.net (Oaxaca, Oax. a 16 de septiembre de 2013).- Con la realizaci\u00f3n de un \u00abLaboratorio de Creaci\u00f3n de Videodanza\u00bb impartido por Jean-Baptiste Fave, Ximena Monroy y Paulina Rucarba, hoy inicia &#8216;Agite y Sirva&#8217;,\u00a0 5o. Festival Itinerante de Videodanza en Oaxaca.<\/p>\n<p>El taller se efectuar\u00e1 en el Centro de Gesti\u00f3n Esc\u00e9nica Tierra Independiente para hoy, y ma\u00f1ana en la Biblioteca Andr\u00e9s Henestrosa, misma que adem\u00e1s es la Sede Principal del Festival en la Ciudad de Oaxaca.<\/p>\n<p>Hay que recordar que &#8216;Agite y Sirva&#8217; fue fundado por Ximena Monroy y Marianna Garc\u00e9s en 2008 y desde entonces han recorrido ya 16 ciudades en todo M\u00e9xico, 8 suramericanas y 7 europeas.<\/p>\n<p>Los dos a\u00f1os subsecuentes (2009 y 2010), efectuaron dos talleres en Oaxaca: uno para iniciaci\u00f3n a la videodanza y otro de realizaci\u00f3n en la misma disciplina en el Centro Fotogr\u00e1fico Manuel \u00c1lvarez Bravo.<\/p>\n<p>El proyecto ha efectuado diversos recorridos internacionales adicionales. En 2010 por ejemplo, con apoyo del British Council, integr\u00f3 la gira latinoamericana de proyecciones de videodanza del programa brit\u00e1nico Forward Motion. Por su parte, Paulina Rucarba, Jean Baptiste Fave y Pierre Fave Varjabedian impartieron en Paris el Taller de Realizaci\u00f3n de Videodanza, a partir del cual se realiz\u00f3 la pieza \u00abJuego de Oto\u00f1o\u00bb.<\/p>\n<p>De acuerdo con sus organizadores, el festival apuesta \u00aba la inserci\u00f3n de la videodanza como una alternativa de la escena audiovisual en M\u00e9xico\u00bb.<\/p>\n<p>El programa para Oaxaca, del 16 al 22 de septiembre de 2013, comienza hoy con el Taller mencionado, pero el martes a las 17:00 se efectuar\u00e1 una Inauguraci\u00f3n-Rueda de Prensa en la Biblioteca Henestrosa, con Jean Baptiste Favem Ximena Monroy y Paulina Rucarba. Inmediatamente despu\u00e9s, a las 19:30 se realizar\u00e1 una proyecci\u00f3n de videodanza con una selecci\u00f3n de M\u00e9xico 2013 y a las 20:30 la selecci\u00f3n internacional.<\/p>\n<p>En la programaci\u00f3n, tambi\u00e9n destaca el viernes a las 19:00, una mesa de reflexi\u00f3n denominada \u00abLa creaci\u00f3n h\u00edbrida en Videodanza\u00bb, en la cual participar\u00e1n Laura Vera, Ximena Monroy, Bruno Varela, Amira Ram\u00edrez y Sa\u00fal L\u00f3pez Velarde.<\/p>\n<p>El Festival es la sugerencia de ELORIENTE.NET para Todo Oaxaca en la semana que comienza. Para consultar la programaci\u00f3n completa en Oaxaca, da click <a href=\"http:\/\/agiteysirva.com\/descargas\/ProgramAySOax13.pdf\" target=\"_blank\">Aqu\u00ed<\/a><\/p>\n<p>La Biblioteca Henestrosa en la <a href=\"http:\/\/www.cdlc.mx\/\" target=\"_blank\">Casa de la Ciudad<\/a> est\u00e1 ubicada en Porfirio D\u00edaz 115, esquina Morelos, en el Centro de Oaxaca.<br \/>\n<iframe loading=\"lazy\" src=\"\/\/www.youtube.com\/embed\/ad4pvyP6ikg\" frameborder=\"0\" width=\"420\" height=\"315\"><\/iframe><\/p>\n<p><a href=\"http:\/\/www.eloriente.net\/home\/wp-content\/uploads\/2013\/09\/Captura-agite-y-sirva.png\"><img loading=\"lazy\" decoding=\"async\" class=\"alignnone size-medium wp-image-16438\" title=\"Captura agite y sirva\" src=\"http:\/\/www.eloriente.net\/home\/wp-content\/uploads\/2013\/09\/Captura-agite-y-sirva-300x193.png\" alt=\"\" width=\"300\" height=\"193\" srcset=\"https:\/\/www.eloriente.net\/home\/wp-content\/uploads\/2013\/09\/Captura-agite-y-sirva-300x193.png 300w, https:\/\/www.eloriente.net\/home\/wp-content\/uploads\/2013\/09\/Captura-agite-y-sirva-1024x659.png 1024w, https:\/\/www.eloriente.net\/home\/wp-content\/uploads\/2013\/09\/Captura-agite-y-sirva.png 1082w\" sizes=\"(max-width: 300px) 100vw, 300px\" \/><\/a><\/p>\n<p>Imagen: Agite y Sirva Web<\/p>\n\n\t\t\t  <div \n\t\t\t  \tclass = \"fb-comments\" \n\t\t\t  \tdata-href = \"https:\/\/www.eloriente.net\/home\/2013\/09\/16\/abre-en-oaxaca-agite-y-sirva-festival-de-videodanza\/\"\n\t\t\t  \tdata-numposts = \"10\"\n\t\t\t\tdata-colorscheme = \"dark\"\n\t\t\t\tdata-order-by = \"social\"\n\t\t\t\tdata-mobile=true>\n\t\t\t  <\/div>\n\t\t  <style>\n\t\t\t.fb_iframe_widget_fluid_desktop iframe {\n\t\t\t    width: 100% !important;\n\t\t\t}\n\t\t  <\/style>\n\t\t  ","protected":false},"excerpt":{"rendered":"<p>eloriente.net\/Agite y Sirva 16 de septiembre de 2013 eloriente.net (Oaxaca, Oax. a 16 de septiembre de 2013).- Con la realizaci\u00f3n de un \u00abLaboratorio de Creaci\u00f3n de Videodanza\u00bb impartido por Jean-Baptiste Fave, Ximena Monroy y Paulina Rucarba, hoy inicia &#8216;Agite y Sirva&#8217;,\u00a0 5o. Festival Itinerante de Videodanza en Oaxaca. El taller se efectuar\u00e1 en el Centro [&hellip;]<\/p>\n","protected":false},"author":1,"featured_media":16438,"comment_status":"open","ping_status":"open","sticky":false,"template":"","format":"standard","meta":{"_jetpack_memberships_contains_paid_content":false,"footnotes":""},"categories":[8,18,32,10,31],"tags":[],"class_list":["post-16437","post","type-post","status-publish","format-standard","has-post-thumbnail","hentry","category-agenda","category-educacion-y-cultura","category-entradas","category-lo-mas-reciente","category-principal"],"jetpack_featured_media_url":"https:\/\/www.eloriente.net\/home\/wp-content\/uploads\/2013\/09\/Captura-agite-y-sirva.png","jetpack_sharing_enabled":true,"_links":{"self":[{"href":"https:\/\/www.eloriente.net\/home\/wp-json\/wp\/v2\/posts\/16437"}],"collection":[{"href":"https:\/\/www.eloriente.net\/home\/wp-json\/wp\/v2\/posts"}],"about":[{"href":"https:\/\/www.eloriente.net\/home\/wp-json\/wp\/v2\/types\/post"}],"author":[{"embeddable":true,"href":"https:\/\/www.eloriente.net\/home\/wp-json\/wp\/v2\/users\/1"}],"replies":[{"embeddable":true,"href":"https:\/\/www.eloriente.net\/home\/wp-json\/wp\/v2\/comments?post=16437"}],"version-history":[{"count":5,"href":"https:\/\/www.eloriente.net\/home\/wp-json\/wp\/v2\/posts\/16437\/revisions"}],"predecessor-version":[{"id":16440,"href":"https:\/\/www.eloriente.net\/home\/wp-json\/wp\/v2\/posts\/16437\/revisions\/16440"}],"wp:featuredmedia":[{"embeddable":true,"href":"https:\/\/www.eloriente.net\/home\/wp-json\/wp\/v2\/media\/16438"}],"wp:attachment":[{"href":"https:\/\/www.eloriente.net\/home\/wp-json\/wp\/v2\/media?parent=16437"}],"wp:term":[{"taxonomy":"category","embeddable":true,"href":"https:\/\/www.eloriente.net\/home\/wp-json\/wp\/v2\/categories?post=16437"},{"taxonomy":"post_tag","embeddable":true,"href":"https:\/\/www.eloriente.net\/home\/wp-json\/wp\/v2\/tags?post=16437"}],"curies":[{"name":"wp","href":"https:\/\/api.w.org\/{rel}","templated":true}]}}