{"id":16442,"date":"2013-09-16T11:12:37","date_gmt":"2013-09-16T17:12:37","guid":{"rendered":"http:\/\/www.eloriente.net\/home\/?p=16442"},"modified":"2013-09-16T11:12:37","modified_gmt":"2013-09-16T17:12:37","slug":"hoy-a-140-anos-del-nacimiento-del-oaxaqueno-ricardo-flores-magon","status":"publish","type":"post","link":"https:\/\/www.eloriente.net\/home\/2013\/09\/16\/hoy-a-140-anos-del-nacimiento-del-oaxaqueno-ricardo-flores-magon\/","title":{"rendered":"Hoy, a 140 a\u00f1os del nacimiento del oaxaque\u00f1o Ricardo Flores Mag\u00f3n"},"content":{"rendered":"<p>eloriente.net<\/p>\n<p>16 de septiembre de 2013<\/p>\n<p>En ELORIENTE.NET no pod\u00edamos dejar pasar una fecha tan significativa para Oaxaca y para el pa\u00eds. Tambi\u00e9n tan trascendente para la historia de las ideas pol\u00edticas y sociales. Por ello, hemos decidimos rescatar un texto muy completo y acusioso escrito por la profesora investigadora del Departamento de Derecho de la Universidad Aut\u00f3noma Metropolitana, Mar\u00eda Ang\u00e9lica Miranda Ju\u00e1rez, denominado \u00abRicardo Flores Mag\u00f3n, Precursor de la Revoluci\u00f3n Mexicana\u00bb.<\/p>\n<p>En el texto, se describen datos de su vida, su ideario y las trascendencia de sus ideas. Fue publicado originalmente en la <a href=\"http:\/\/www.azc.uam.mx\/publicaciones\/alegatos\/inicio.php\" target=\"_blank\">Revista Alegatos<\/a> de dicha Universidad en el a\u00f1o 2010.<\/p>\n<p>Adicionalmente, algunos testimonios en video, para que nuestros lectores enmarquen a Flores Mag\u00f3n y nos sirva la fecha para recordar su legado.<\/p>\n<p style=\"text-align: right;\">A continuaci\u00f3n el texto de Miranda Ju\u00e1rez:<\/p>\n<p style=\"text-align: left;\">Ricardo Flores Mag\u00f3n nace el 16 de septiembre del a\u00f1o de 1873 en San Antonio Eloxochitl\u00e1n, pueblo perteneciente al distrito de Teotitl\u00e1n del Camino en el estado de Oaxaca, pueblo mestizo de gran intercambio y metr\u00f3poli de la regi\u00f3n, en la sierra de Huautla, en un \u00e1rea territorial ocupada por comunidades de habla mazateca y nahua, hijo de Margarita Mag\u00f3n y del teniente coronel retirado Teodoro Flores. A\u00fan cuando pas\u00f3 pocos a\u00f1os de su vida en su tierra natal, el roce con las comunidades agr\u00edcolas con lengua y costumbres distintas a la cultura occidental fue decisivo en la conformaci\u00f3n de su personalidad.<\/p>\n<p style=\"text-align: left;\">Habi\u00e9ndose trasladado su familia a la ciudad de M\u00e9xico, tambi\u00e9n influyeron en su vida los relatos ideales de las comunidades ind\u00edgenas en la que &#8230; (DAR CLICK <a href=\"http:\/\/www.azc.uam.mx\/publicaciones\/alegatos\/pdfs\/68\/75-10.pdf\" target=\"_blank\">AQU\u00cd <\/a>PARA VER DOCUMENTO COMPLETO)<\/p>\n<p><iframe loading=\"lazy\" src=\"\/\/www.youtube.com\/embed\/pa5Ax3ytZoQ\" frameborder=\"0\" width=\"640\" height=\"360\"><\/iframe><\/p>\n<p><iframe loading=\"lazy\" src=\"\/\/www.youtube.com\/embed\/JxJA-CcV3bs\" frameborder=\"0\" width=\"480\" height=\"360\"><\/iframe><\/p>\n<p><a href=\"http:\/\/www.eloriente.net\/home\/wp-content\/uploads\/2013\/09\/@Eloxochitla\u0301n-de-Flores-Mago\u0301n.jpg\"><img loading=\"lazy\" decoding=\"async\" class=\"alignnone size-medium wp-image-16443\" title=\"@Eloxochitla\u0301n de Flores Mago\u0301n\" src=\"http:\/\/www.eloriente.net\/home\/wp-content\/uploads\/2013\/09\/@Eloxochitla\u0301n-de-Flores-Mago\u0301n-300x225.jpg\" alt=\"\" width=\"300\" height=\"225\" srcset=\"https:\/\/www.eloriente.net\/home\/wp-content\/uploads\/2013\/09\/@Eloxochitla\u0301n-de-Flores-Mago\u0301n-300x225.jpg 300w, https:\/\/www.eloriente.net\/home\/wp-content\/uploads\/2013\/09\/@Eloxochitla\u0301n-de-Flores-Mago\u0301n.jpg 960w\" sizes=\"(max-width: 300px) 100vw, 300px\" \/><\/a><\/p>\n\n\t\t\t  <div \n\t\t\t  \tclass = \"fb-comments\" \n\t\t\t  \tdata-href = \"https:\/\/www.eloriente.net\/home\/2013\/09\/16\/hoy-a-140-anos-del-nacimiento-del-oaxaqueno-ricardo-flores-magon\/\"\n\t\t\t  \tdata-numposts = \"10\"\n\t\t\t\tdata-colorscheme = \"dark\"\n\t\t\t\tdata-order-by = \"social\"\n\t\t\t\tdata-mobile=true>\n\t\t\t  <\/div>\n\t\t  <style>\n\t\t\t.fb_iframe_widget_fluid_desktop iframe {\n\t\t\t    width: 100% !important;\n\t\t\t}\n\t\t  <\/style>\n\t\t  ","protected":false},"excerpt":{"rendered":"<p>eloriente.net 16 de septiembre de 2013 En ELORIENTE.NET no pod\u00edamos dejar pasar una fecha tan significativa para Oaxaca y para el pa\u00eds. Tambi\u00e9n tan trascendente para la historia de las ideas pol\u00edticas y sociales. Por ello, hemos decidimos rescatar un texto muy completo y acusioso escrito por la profesora investigadora del Departamento de Derecho de [&hellip;]<\/p>\n","protected":false},"author":1,"featured_media":16443,"comment_status":"open","ping_status":"open","sticky":false,"template":"","format":"standard","meta":{"_jetpack_memberships_contains_paid_content":false,"footnotes":""},"categories":[32,13],"tags":[],"class_list":["post-16442","post","type-post","status-publish","format-standard","has-post-thumbnail","hentry","category-entradas","category-especiales"],"jetpack_featured_media_url":"https:\/\/www.eloriente.net\/home\/wp-content\/uploads\/2013\/09\/@Eloxochitla\u0301n-de-Flores-Mago\u0301n.jpg","jetpack_sharing_enabled":true,"_links":{"self":[{"href":"https:\/\/www.eloriente.net\/home\/wp-json\/wp\/v2\/posts\/16442"}],"collection":[{"href":"https:\/\/www.eloriente.net\/home\/wp-json\/wp\/v2\/posts"}],"about":[{"href":"https:\/\/www.eloriente.net\/home\/wp-json\/wp\/v2\/types\/post"}],"author":[{"embeddable":true,"href":"https:\/\/www.eloriente.net\/home\/wp-json\/wp\/v2\/users\/1"}],"replies":[{"embeddable":true,"href":"https:\/\/www.eloriente.net\/home\/wp-json\/wp\/v2\/comments?post=16442"}],"version-history":[{"count":2,"href":"https:\/\/www.eloriente.net\/home\/wp-json\/wp\/v2\/posts\/16442\/revisions"}],"predecessor-version":[{"id":16445,"href":"https:\/\/www.eloriente.net\/home\/wp-json\/wp\/v2\/posts\/16442\/revisions\/16445"}],"wp:featuredmedia":[{"embeddable":true,"href":"https:\/\/www.eloriente.net\/home\/wp-json\/wp\/v2\/media\/16443"}],"wp:attachment":[{"href":"https:\/\/www.eloriente.net\/home\/wp-json\/wp\/v2\/media?parent=16442"}],"wp:term":[{"taxonomy":"category","embeddable":true,"href":"https:\/\/www.eloriente.net\/home\/wp-json\/wp\/v2\/categories?post=16442"},{"taxonomy":"post_tag","embeddable":true,"href":"https:\/\/www.eloriente.net\/home\/wp-json\/wp\/v2\/tags?post=16442"}],"curies":[{"name":"wp","href":"https:\/\/api.w.org\/{rel}","templated":true}]}}