{"id":16510,"date":"2013-09-19T10:24:14","date_gmt":"2013-09-19T16:24:14","guid":{"rendered":"http:\/\/www.eloriente.net\/home\/?p=16510"},"modified":"2013-09-25T17:40:31","modified_gmt":"2013-09-25T23:40:31","slug":"juan-delval-presenta-en-oaxaca-educacion-democratica-para-el-siglo-xxi","status":"publish","type":"post","link":"https:\/\/www.eloriente.net\/home\/2013\/09\/19\/juan-delval-presenta-en-oaxaca-educacion-democratica-para-el-siglo-xxi\/","title":{"rendered":"Juan Delval presenta en Oaxaca: Educaci\u00f3n Democr\u00e1tica para el Siglo XXI"},"content":{"rendered":"<p>eloriente.net<\/p>\n<p>19 de septiembre de 2013<\/p>\n<p>eloriente.net (Oaxaca, Oax. a 19 de septiembre de 2013).- En un ejercicio in\u00e9dito de conjunci\u00f3n de esfuerzos entre instituciones educativas, sociales y privadas, en los pr\u00f3ximos d\u00edas se presentar\u00e1 en Oaxaca en dos oportunidades el doctor Juan Delval Merino, importante investigador y docente en materia educativa.<\/p>\n<p>Ser\u00e1 para el domingo 22 de septiembre a las 10 de la ma\u00f1ana la primera de ellas, durante la cual el catedr\u00e1tico de la Universidad Aut\u00f3noma de Madrid presente el libro \u00abLa educaci\u00f3n democr\u00e1tica para el Siglo XXI. Las reformas que realmente necesita la educaci\u00f3n mexicana\u00bb, en la Biblioteca Fray Francisco de Burgoa en esta capital.<\/p>\n<p>El libro, cuya autor\u00eda es compartida con Paz Lomel\u00ed, propone tres cambios fundamentales en la escuela:<\/p>\n<p>a) respecto a la organizaci\u00f3n social, que tiene que implicar a los alumnos;<\/p>\n<p>b) respecto a la manera de aprender, que tiene que tratar al alumno como un investigador, y<\/p>\n<p>c) respecto a las relaciones de la escuela con la comunidad, que tiene que implicarse en ella. Se propugna una manera de trabajar en la escuela que proporcione la educaci\u00f3n adecuada para la formaci\u00f3n de ciudadanos que vivan en una sociedad democr\u00e1tica en el siglo XXI.<\/p>\n<p>La segunda oportunidad en Oaxaca, ser\u00e1 para el lunes 23 de septiembre tambi\u00e9n a las 10 de la ma\u00f1ana pero en el Auditorio de Usos M\u00faltiples de la Universidad Regional del Sureste, donde el doctor Delval Merino impartir\u00e1 una conferencia magistral sobre el mismo tema.<\/p>\n<p>Hay que recordar que Delval cuenta entre su trayectoria el dirigir el Departamento de Psicolog\u00eda Evolutiva y de la Educaci\u00f3n de la Universidad Aut\u00f3noma de Madrid; fue alumno de Jean Piaget en la Universidad de Ginebra y es autor de innumerables t\u00edtulos sobre el tema educativo.<\/p>\n<p>Su presencia en Oaxaca es un esfuerzo de 30 instituciones p\u00fablicas y privadas, entre las que se cuentan universidades, centros educativos y medios de comunicaci\u00f3n:<\/p>\n<p>Universidad Santander, CEC-Instituto Polit\u00e9cnico Nacional, Instituto Tecnol\u00f3gico del Valle de Oaxaca; Colegio de Bachilleres de Oaxaca (COBAO), Universidad La Salle, Universidad Tecnol\u00f3gica de la Mixteca, Instituto Multidisciplinario de Especializaci\u00f3n (IME), Universidad Regional del Sureste (URSE), Universidad Aut\u00f3noma Benito Ju\u00e1rez de Oaxaca (UABJO), Biblioteca Burgoa, COCYT, SEMS-Oaxaca, COEPES, IEEPO, Villa Vera, Asociaci\u00f3n de Hoteles y Moteles de Oaxaca, Trinity College London, Universidad Mundo Maya, Instituto universitario de Oaxaca, Universidad Mesoamericana, Proveedora Escolar, CTAEX, UGM, e-Max Learning, CANIRAC, Brit\u00e1nico ELT y ELORIENTE.NET.<\/p>\n<p>A continuaci\u00f3n, como un pre\u00e1mbulo, ELORIENTE.NET te acerca una conferencia del doctor Juan Delval impartida en el doctorado en Investigaci\u00f3n y Docencia del CEPES:<br \/>\n<iframe loading=\"lazy\" src=\"\/\/player.vimeo.com\/video\/72322990\" frameborder=\"0\" width=\"500\" height=\"281\"><\/iframe><\/p>\n<p><a href=\"http:\/\/vimeo.com\/72322990\">Retos de la educaci\u00f3n democr\u00e1tica para el siglo XXI Conferencia de Juan Delval<\/a> from <a href=\"http:\/\/vimeo.com\/cepes\">CEPES<\/a> on <a href=\"https:\/\/vimeo.com\">Vimeo<\/a>.<\/p>\n<p>&nbsp;<\/p>\n<p><a href=\"http:\/\/www.eloriente.net\/home\/wp-content\/uploads\/2013\/09\/1-Cartel-Dr_Juan_Delval-2.jpg\"><img loading=\"lazy\" decoding=\"async\" class=\"alignnone size-medium wp-image-16512\" title=\"1 Cartel-Dr_Juan_Delval- (2)\" src=\"http:\/\/www.eloriente.net\/home\/wp-content\/uploads\/2013\/09\/1-Cartel-Dr_Juan_Delval-2-300x194.jpg\" alt=\"\" width=\"300\" height=\"194\" srcset=\"https:\/\/www.eloriente.net\/home\/wp-content\/uploads\/2013\/09\/1-Cartel-Dr_Juan_Delval-2-300x194.jpg 300w, https:\/\/www.eloriente.net\/home\/wp-content\/uploads\/2013\/09\/1-Cartel-Dr_Juan_Delval-2-1024x662.jpg 1024w\" sizes=\"(max-width: 300px) 100vw, 300px\" \/><\/a><\/p>\n\n\t\t\t  <div \n\t\t\t  \tclass = \"fb-comments\" \n\t\t\t  \tdata-href = \"https:\/\/www.eloriente.net\/home\/2013\/09\/19\/juan-delval-presenta-en-oaxaca-educacion-democratica-para-el-siglo-xxi\/\"\n\t\t\t  \tdata-numposts = \"10\"\n\t\t\t\tdata-colorscheme = \"dark\"\n\t\t\t\tdata-order-by = \"social\"\n\t\t\t\tdata-mobile=true>\n\t\t\t  <\/div>\n\t\t  <style>\n\t\t\t.fb_iframe_widget_fluid_desktop iframe {\n\t\t\t    width: 100% !important;\n\t\t\t}\n\t\t  <\/style>\n\t\t  ","protected":false},"excerpt":{"rendered":"<p>eloriente.net 19 de septiembre de 2013 eloriente.net (Oaxaca, Oax. a 19 de septiembre de 2013).- En un ejercicio in\u00e9dito de conjunci\u00f3n de esfuerzos entre instituciones educativas, sociales y privadas, en los pr\u00f3ximos d\u00edas se presentar\u00e1 en Oaxaca en dos oportunidades el doctor Juan Delval Merino, importante investigador y docente en materia educativa. Ser\u00e1 para el [&hellip;]<\/p>\n","protected":false},"author":1,"featured_media":16513,"comment_status":"open","ping_status":"open","sticky":false,"template":"","format":"standard","meta":{"_jetpack_memberships_contains_paid_content":false,"footnotes":""},"categories":[29,18,32,13,31,84],"tags":[],"class_list":["post-16510","post","type-post","status-publish","format-standard","has-post-thumbnail","hentry","category-capital","category-educacion-y-cultura","category-entradas","category-especiales","category-principal","category-universidades"],"jetpack_featured_media_url":"https:\/\/www.eloriente.net\/home\/wp-content\/uploads\/2013\/09\/@JuanDelval.jpg","jetpack_sharing_enabled":true,"_links":{"self":[{"href":"https:\/\/www.eloriente.net\/home\/wp-json\/wp\/v2\/posts\/16510"}],"collection":[{"href":"https:\/\/www.eloriente.net\/home\/wp-json\/wp\/v2\/posts"}],"about":[{"href":"https:\/\/www.eloriente.net\/home\/wp-json\/wp\/v2\/types\/post"}],"author":[{"embeddable":true,"href":"https:\/\/www.eloriente.net\/home\/wp-json\/wp\/v2\/users\/1"}],"replies":[{"embeddable":true,"href":"https:\/\/www.eloriente.net\/home\/wp-json\/wp\/v2\/comments?post=16510"}],"version-history":[{"count":3,"href":"https:\/\/www.eloriente.net\/home\/wp-json\/wp\/v2\/posts\/16510\/revisions"}],"predecessor-version":[{"id":16515,"href":"https:\/\/www.eloriente.net\/home\/wp-json\/wp\/v2\/posts\/16510\/revisions\/16515"}],"wp:featuredmedia":[{"embeddable":true,"href":"https:\/\/www.eloriente.net\/home\/wp-json\/wp\/v2\/media\/16513"}],"wp:attachment":[{"href":"https:\/\/www.eloriente.net\/home\/wp-json\/wp\/v2\/media?parent=16510"}],"wp:term":[{"taxonomy":"category","embeddable":true,"href":"https:\/\/www.eloriente.net\/home\/wp-json\/wp\/v2\/categories?post=16510"},{"taxonomy":"post_tag","embeddable":true,"href":"https:\/\/www.eloriente.net\/home\/wp-json\/wp\/v2\/tags?post=16510"}],"curies":[{"name":"wp","href":"https:\/\/api.w.org\/{rel}","templated":true}]}}