{"id":16526,"date":"2013-09-19T20:58:13","date_gmt":"2013-09-20T02:58:13","guid":{"rendered":"http:\/\/www.eloriente.net\/home\/?p=16526"},"modified":"2013-09-19T20:58:13","modified_gmt":"2013-09-20T02:58:13","slug":"vucetich-convoca-a-rafa-marquez-lobos-y-damian-para-concentracion","status":"publish","type":"post","link":"https:\/\/www.eloriente.net\/home\/2013\/09\/19\/vucetich-convoca-a-rafa-marquez-lobos-y-damian-para-concentracion\/","title":{"rendered":"Vucetich convoca a Rafa M\u00e1rquez, Lobos y Dami\u00e1n para concentraci\u00f3n"},"content":{"rendered":"<p>eloriente.net<\/p>\n<p>19 de septiembre de 2013<\/p>\n<p>eloriente.net (Oaxaca, Oax. a 19 de septiembre de 2013).- En un escueto comunicado, la Federaci\u00f3n Mexicana de Futbol (FEMEXFUT) dio a conocer la lista de convocados para formar parte de la Selecci\u00f3n Mexicana que se concentrar\u00e1 el 22 de septiembre pr\u00f3ximo; la primera bajo el mando de V\u00edctor Manuel Vucetich.<\/p>\n<p>De cara a determinantes compromisos en octubre frente a Panam\u00e1 y Costa Rica, el 11 y el 15 de octubre respectivamente, destaca el llamado del ex-jugador del Barcelona y actual defensa central de Le\u00f3n, Rafael M\u00e1rquez \u00c1lvarez, as\u00ed como de Lucas Lobos y Dami\u00e1n \u00c1lvarez de Tigres.<\/p>\n<p>La lista completa es la siguiente:<\/p>\n<table width=\"500\" border=\"1\">\n<tbody>\n<tr>\n<td><span style=\"font-family: Verdana; font-size: small;\">No.<\/span><\/td>\n<td><span style=\"font-family: Verdana; font-size: small;\">Nombre<\/span><\/td>\n<td><span style=\"font-family: Verdana; font-size: small;\">Equipo<\/span><\/td>\n<\/tr>\n<tr>\n<td><span style=\"font-family: Verdana; font-size: small;\">1.<\/span><\/td>\n<td><span style=\"font-family: Verdana; font-size: small;\">Jos\u00e9 de Jes\u00fas Corona<\/span><\/td>\n<td><span style=\"font-family: Verdana; font-size: small;\">Cruz Azul<\/span><\/td>\n<\/tr>\n<tr>\n<td><span style=\"font-family: Verdana; font-size: small;\">2.<\/span><\/td>\n<td><span style=\"font-family: Verdana; font-size: small;\">Alfredo Talavera<\/span><\/td>\n<td><span style=\"font-family: Verdana; font-size: small;\">Toluca<\/span><\/td>\n<\/tr>\n<tr>\n<td><span style=\"font-family: Verdana; font-size: small;\">3.<\/span><\/td>\n<td><span style=\"font-family: Verdana; font-size: small;\">Jonathan Orozco<\/span><\/td>\n<td><span style=\"font-family: Verdana; font-size: small;\">Monterrey<\/span><\/td>\n<\/tr>\n<tr>\n<td><span style=\"font-family: Verdana; font-size: small;\">4.<\/span><\/td>\n<td><span style=\"font-family: Verdana; font-size: small;\">Severo Meza<\/span><\/td>\n<td><span style=\"font-family: Verdana; font-size: small;\">Monterrey<\/span><\/td>\n<\/tr>\n<tr>\n<td><span style=\"font-family: Verdana; font-size: small;\">5.<\/span><\/td>\n<td><span style=\"font-family: Verdana; font-size: small;\">Ricardo Hiram Mier<\/span><\/td>\n<td><span style=\"font-family: Verdana; font-size: small;\">Monterrey<\/span><\/td>\n<\/tr>\n<tr>\n<td><span style=\"font-family: Verdana; font-size: small;\">6.<\/span><\/td>\n<td><span style=\"font-family: Verdana; font-size: small;\">Rafael M\u00e1rquez \u00c1lvarez<\/span><\/td>\n<td><span style=\"font-family: Verdana; font-size: small;\">Le\u00f3n<\/span><\/td>\n<\/tr>\n<tr>\n<td><span style=\"font-family: Verdana; font-size: small;\">7.<\/span><\/td>\n<td><span style=\"font-family: Verdana; font-size: small;\">Miguel Lay\u00fan<\/span><\/td>\n<td><span style=\"font-family: Verdana; font-size: small;\">Am\u00e9rica<\/span><\/td>\n<\/tr>\n<tr>\n<td><span style=\"font-family: Verdana; font-size: small;\">8.<\/span><\/td>\n<td><span style=\"font-family: Verdana; font-size: small;\">Hugo Ayala<\/span><\/td>\n<td><span style=\"font-family: Verdana; font-size: small;\">Tigres<\/span><\/td>\n<\/tr>\n<tr>\n<td><span style=\"font-family: Verdana; font-size: small;\">9.<\/span><\/td>\n<td><span style=\"font-family: Verdana; font-size: small;\">Jonny Magall\u00f3n<\/span><\/td>\n<td><span style=\"font-family: Verdana; font-size: small;\">Le\u00f3n<\/span><\/td>\n<\/tr>\n<tr>\n<td><span style=\"font-family: Verdana; font-size: small;\">10.<\/span><\/td>\n<td><span style=\"font-family: Verdana; font-size: small;\">Jorge Torres Nilo<\/span><\/td>\n<td><span style=\"font-family: Verdana; font-size: small;\">Tigres<\/span><\/td>\n<\/tr>\n<tr>\n<td><span style=\"font-family: Verdana; font-size: small;\">11.<\/span><\/td>\n<td><span style=\"font-family: Verdana; font-size: small;\">Carlos Salcido<\/span><\/td>\n<td><span style=\"font-family: Verdana; font-size: small;\">Tigres<\/span><\/td>\n<\/tr>\n<tr>\n<td><span style=\"font-family: Verdana; font-size: small;\">12.<\/span><\/td>\n<td><span style=\"font-family: Verdana; font-size: small;\">Gerardo Torrado<\/span><\/td>\n<td><span style=\"font-family: Verdana; font-size: small;\">Cruz Azul<\/span><\/td>\n<\/tr>\n<tr>\n<td><span style=\"font-family: Verdana; font-size: small;\">13.<\/span><\/td>\n<td><span style=\"font-family: Verdana; font-size: small;\">Jes\u00fas Zavala<\/span><\/td>\n<td><span style=\"font-family: Verdana; font-size: small;\">Monterrey<\/span><\/td>\n<\/tr>\n<tr>\n<td><span style=\"font-family: Verdana; font-size: small;\">14.<\/span><\/td>\n<td><span style=\"font-family: Verdana; font-size: small;\">Luis Montes<\/span><\/td>\n<td><span style=\"font-family: Verdana; font-size: small;\">Le\u00f3n<\/span><\/td>\n<\/tr>\n<tr>\n<td><span style=\"font-family: Verdana; font-size: small;\">15.<\/span><\/td>\n<td><span style=\"font-family: Verdana; font-size: small;\">Carlos Pe\u00f1a<\/span><\/td>\n<td><span style=\"font-family: Verdana; font-size: small;\">Le\u00f3n<\/span><\/td>\n<\/tr>\n<tr>\n<td><span style=\"font-family: Verdana; font-size: small;\">16.<\/span><\/td>\n<td><span style=\"font-family: Verdana; font-size: small;\">Isaac Brizuela<\/span><\/td>\n<td><span style=\"font-family: Verdana; font-size: small;\">Toluca<\/span><\/td>\n<\/tr>\n<tr>\n<td><span style=\"font-family: Verdana; font-size: small;\">17.<\/span><\/td>\n<td><span style=\"font-family: Verdana; font-size: small;\">Christian Gim\u00e9nez<\/span><\/td>\n<td><span style=\"font-family: Verdana; font-size: small;\">Cruz Azul<\/span><\/td>\n<\/tr>\n<tr>\n<td><span style=\"font-family: Verdana; font-size: small;\">18.<\/span><\/td>\n<td><span style=\"font-family: Verdana; font-size: small;\">\u00c1ngel Reyna<\/span><\/td>\n<td><span style=\"font-family: Verdana; font-size: small;\">Veracruz<\/span><\/td>\n<\/tr>\n<tr>\n<td><span style=\"font-family: Verdana; font-size: small;\">19.<\/span><\/td>\n<td><span style=\"font-family: Verdana; font-size: small;\">Dami\u00e1n \u00c1lvarez<\/span><\/td>\n<td><span style=\"font-family: Verdana; font-size: small;\">Tigres<\/span><\/td>\n<\/tr>\n<tr>\n<td><span style=\"font-family: Verdana; font-size: small;\">20.<\/span><\/td>\n<td><span style=\"font-family: Verdana; font-size: small;\">Fernando Arce<\/span><\/td>\n<td><span style=\"font-family: Verdana; font-size: small;\">Tijuana<\/span><\/td>\n<\/tr>\n<tr>\n<td><span style=\"font-family: Verdana; font-size: small;\">21.<\/span><\/td>\n<td><span style=\"font-family: Verdana; font-size: small;\">Marco Fabi\u00e1n<\/span><\/td>\n<td><span style=\"font-family: Verdana; font-size: small;\">Guadalajara<\/span><\/td>\n<\/tr>\n<tr>\n<td><span style=\"font-family: Verdana; font-size: small;\">22.<\/span><\/td>\n<td><span style=\"font-family: Verdana; font-size: small;\">Oribe Peralta<\/span><\/td>\n<td><span style=\"font-family: Verdana; font-size: small;\">Santos<\/span><\/td>\n<\/tr>\n<tr>\n<td><span style=\"font-family: Verdana; font-size: small;\">23.<\/span><\/td>\n<td><span style=\"font-family: Verdana; font-size: small;\">Lucas Lobos<\/span><\/td>\n<td><span style=\"font-family: Verdana; font-size: small;\">Tigres<\/span><\/td>\n<\/tr>\n<tr>\n<td><span style=\"font-family: Verdana; font-size: small;\">24.<\/span><\/td>\n<td><span style=\"font-family: Verdana; font-size: small;\">Ra\u00fal Jim\u00e9nez<\/span><\/td>\n<td><span style=\"font-family: Verdana; font-size: small;\">Am\u00e9rica<\/span><\/td>\n<\/tr>\n<tr>\n<td><span style=\"font-family: Verdana; font-size: small;\">25.<\/span><\/td>\n<td><span style=\"font-family: Verdana; font-size: small;\">Aldo de Nigris<\/span><\/td>\n<td><span style=\"font-family: Verdana; font-size: small;\">Guadalajara<br \/>\n<\/span><\/td>\n<\/tr>\n<\/tbody>\n<\/table>\n<p>Luego de que se diera a conocer la convocatoria, estas han sido algunas reacciones:<\/p>\n<p>&nbsp;<\/p>\n<blockquote class=\"twitter-tweet\"><p>Faltan los \u00abEuropeos\u00bb se tiene que mandar las convocatorias a los equipos el pr\u00f3ximo jueves.<\/p>\n<p>\u2014 Ra\u00fal Orva\u00f1anos (@RaulOrvananos) <a href=\"https:\/\/twitter.com\/RaulOrvananos\/statuses\/380886201609109504\">September 20, 2013<\/a><\/p><\/blockquote>\n<p><script charset=\"utf-8\" type=\"text\/javascript\" src=\"\/\/platform.twitter.com\/widgets.js\"><\/script>\u00a0 <\/p>\n<blockquote class=\"twitter-tweet\"><p>\nPero fue en 1953 que Le\u00f3n mand\u00f3 a 8 de sus jugadores para ser la base de la Selecci\u00f3n, esto para los Juegos Panamericanos en Chile.<\/p>\n<p>\u2014 Alma Mu\u00f1oz (@Small_Soul) <a href=\"https:\/\/twitter.com\/Small_Soul\/statuses\/380887238495596544\">September 20, 2013<\/a>\n<\/p><\/blockquote>\n<p><script charset=\"utf-8\" type=\"text\/javascript\" src=\"\/\/platform.twitter.com\/widgets.js\"><\/script><\/p>\n<blockquote class=\"twitter-tweet\"><p>Honestamente, prefiero a <a href=\"https:\/\/twitter.com\/RafaMarquezMX\">@RafaMarquezMX<\/a> a los 34 que a cualquiera de los veintea\u00f1eros. Para m\u00ed, el mejor futbolista mexicano de la historia.<\/p>\n<p>\u2014 Le\u00f3n Krauze (@Leon_Krauze) <a href=\"https:\/\/twitter.com\/Leon_Krauze\/statuses\/380861028558315520\">September 20, 2013<\/a><\/p><\/blockquote>\n<p><script charset=\"utf-8\" type=\"text\/javascript\" src=\"\/\/platform.twitter.com\/widgets.js\"><\/script>\u00a0 <\/p>\n<blockquote class=\"twitter-tweet\"><p>\nNo nos confundamos, M\u00e9xico no tiene tantos futbolistas probados ni elegibles para la Selecci\u00f3n Nacional.<\/p>\n<p>\u2014 Luis Garc\u00eda P (@GarciaPosti) <a href=\"https:\/\/twitter.com\/GarciaPosti\/statuses\/380846041844572160\">September 20, 2013<\/a>\n<\/p><\/blockquote>\n<p><script charset=\"utf-8\" type=\"text\/javascript\" src=\"\/\/platform.twitter.com\/widgets.js\"><\/script><br \/>\n<a href=\"http:\/\/www.eloriente.net\/home\/wp-content\/uploads\/2013\/05\/Selecci\u00f3n-F\u00fatbol.jpg\"><img loading=\"lazy\" decoding=\"async\" class=\"alignnone size-medium wp-image-12082\" title=\"Selecci\u00f3n F\u00fatbol\" src=\"http:\/\/www.eloriente.net\/home\/wp-content\/uploads\/2013\/05\/Selecci\u00f3n-F\u00fatbol-300x184.jpg\" alt=\"\" width=\"300\" height=\"184\" srcset=\"https:\/\/www.eloriente.net\/home\/wp-content\/uploads\/2013\/05\/Selecci\u00f3n-F\u00fatbol-300x184.jpg 300w, https:\/\/www.eloriente.net\/home\/wp-content\/uploads\/2013\/05\/Selecci\u00f3n-F\u00fatbol.jpg 650w\" sizes=\"(max-width: 300px) 100vw, 300px\" \/><\/a><\/p>\n<p>Foto: Archivo-Selecci\u00f3n Mexicana<\/p>\n<p>&nbsp;<\/p>\n\n\t\t\t  <div \n\t\t\t  \tclass = \"fb-comments\" \n\t\t\t  \tdata-href = \"https:\/\/www.eloriente.net\/home\/2013\/09\/19\/vucetich-convoca-a-rafa-marquez-lobos-y-damian-para-concentracion\/\"\n\t\t\t  \tdata-numposts = \"10\"\n\t\t\t\tdata-colorscheme = \"dark\"\n\t\t\t\tdata-order-by = \"social\"\n\t\t\t\tdata-mobile=true>\n\t\t\t  <\/div>\n\t\t  <style>\n\t\t\t.fb_iframe_widget_fluid_desktop iframe {\n\t\t\t    width: 100% !important;\n\t\t\t}\n\t\t  <\/style>\n\t\t  ","protected":false},"excerpt":{"rendered":"<p>eloriente.net 19 de septiembre de 2013 eloriente.net (Oaxaca, Oax. a 19 de septiembre de 2013).- En un escueto comunicado, la Federaci\u00f3n Mexicana de Futbol (FEMEXFUT) dio a conocer la lista de convocados para formar parte de la Selecci\u00f3n Mexicana que se concentrar\u00e1 el 22 de septiembre pr\u00f3ximo; la primera bajo el mando de V\u00edctor Manuel [&hellip;]<\/p>\n","protected":false},"author":1,"featured_media":12082,"comment_status":"open","ping_status":"open","sticky":false,"template":"","format":"standard","meta":{"_jetpack_memberships_contains_paid_content":false,"footnotes":""},"categories":[15,32,10],"tags":[],"class_list":["post-16526","post","type-post","status-publish","format-standard","has-post-thumbnail","hentry","category-deportes","category-entradas","category-lo-mas-reciente"],"jetpack_featured_media_url":"https:\/\/www.eloriente.net\/home\/wp-content\/uploads\/2013\/05\/Selecci\u00f3n-F\u00fatbol.jpg","jetpack_sharing_enabled":true,"_links":{"self":[{"href":"https:\/\/www.eloriente.net\/home\/wp-json\/wp\/v2\/posts\/16526"}],"collection":[{"href":"https:\/\/www.eloriente.net\/home\/wp-json\/wp\/v2\/posts"}],"about":[{"href":"https:\/\/www.eloriente.net\/home\/wp-json\/wp\/v2\/types\/post"}],"author":[{"embeddable":true,"href":"https:\/\/www.eloriente.net\/home\/wp-json\/wp\/v2\/users\/1"}],"replies":[{"embeddable":true,"href":"https:\/\/www.eloriente.net\/home\/wp-json\/wp\/v2\/comments?post=16526"}],"version-history":[{"count":1,"href":"https:\/\/www.eloriente.net\/home\/wp-json\/wp\/v2\/posts\/16526\/revisions"}],"predecessor-version":[{"id":16527,"href":"https:\/\/www.eloriente.net\/home\/wp-json\/wp\/v2\/posts\/16526\/revisions\/16527"}],"wp:featuredmedia":[{"embeddable":true,"href":"https:\/\/www.eloriente.net\/home\/wp-json\/wp\/v2\/media\/12082"}],"wp:attachment":[{"href":"https:\/\/www.eloriente.net\/home\/wp-json\/wp\/v2\/media?parent=16526"}],"wp:term":[{"taxonomy":"category","embeddable":true,"href":"https:\/\/www.eloriente.net\/home\/wp-json\/wp\/v2\/categories?post=16526"},{"taxonomy":"post_tag","embeddable":true,"href":"https:\/\/www.eloriente.net\/home\/wp-json\/wp\/v2\/tags?post=16526"}],"curies":[{"name":"wp","href":"https:\/\/api.w.org\/{rel}","templated":true}]}}