{"id":1672,"date":"2012-08-08T10:57:07","date_gmt":"2012-08-08T16:57:07","guid":{"rendered":"http:\/\/www.eloriente.net\/home\/?p=1672"},"modified":"2012-08-08T18:27:20","modified_gmt":"2012-08-09T00:27:20","slug":"gobierno-de-oaxaca-celebrara-dia-internacional-de-los-pueblos-indigenas-del-mundo","status":"publish","type":"post","link":"https:\/\/www.eloriente.net\/home\/2012\/08\/08\/gobierno-de-oaxaca-celebrara-dia-internacional-de-los-pueblos-indigenas-del-mundo\/","title":{"rendered":"Oaxaca celebrar\u00e1 D\u00eda Internacional de los Pueblos Ind\u00edgenas del Mundo"},"content":{"rendered":"<ul>\n<li><strong>El IEEA realizar\u00e1 actividades conmemorativas a esta fecha tanto en la capital como en la regi\u00f3n Mixe, a fin de promover y fortalecer la educaci\u00f3n biling\u00fce.<\/strong><\/li>\n<\/ul>\n<p>En el marco del D\u00eda Internacional de los Pueblos Ind\u00edgenas del Mundo a celebrarse el 9 de agosto, el Gobierno de Oaxaca a trav\u00e9s del Instituto Estatal de Educaci\u00f3n para Adultos (IEEA) realizar\u00e1 diversas actividades conmemorativas a esta fecha, tanto en la capital oaxaque\u00f1a como en la regi\u00f3n Mixe, con el fin de promover y fortalecer la educaci\u00f3n biling\u00fce para adultos y j\u00f3venes en la entidad.<\/p>\n<p>Esta celebraci\u00f3n se desarrollar\u00e1 en el marco de la reuni\u00f3n de la Comisi\u00f3n de Desarrollo Social y Pueblos Ind\u00edgenas de la Conferencia Nacional de Gobernadores (CONAGO) que preside el gobernador Gabino Cu\u00e9 Monteagudo, la cual se llevar\u00e1 a cabo tambi\u00e9n el 9 de agosto en la capital oaxaque\u00f1a, con la participaci\u00f3n de expertos, acad\u00e9micos y especialistas en la materia de diversos estados del pa\u00eds.<\/p>\n<p>Por ello, el D\u00eda Internacional de los Pueblos Ind\u00edgenas del Mundo (que en mixe es y\u00e4\u2019\u00e4tx\u00eb\u00ebyajkx\u00eb\u00ebtinyy\u00e4\u00e4n\u00e4\u00e4jwiinyjak\u00e4jpkux\u00ebnyty\u00e4\u2019\u00e4k) abarcar\u00e1 diversas actividades en el municipio de San Pablo y San Pedro Ayutla, con un\u00a0 evento c\u00edvico-cultural que iniciar\u00e1 a las 16:00 horas en la explanada de esta localidad, donde se entregar\u00e1n constancias a personas adultas que concluyeron su alfabetizaci\u00f3n biling\u00fce.<\/p>\n<p>Asimismo, se realizar\u00e1 un panel sobre educaci\u00f3n intercultural denominado \u201cEducaci\u00f3n Intercultural-Biling\u00fce\u201d, con la participaci\u00f3n del investigador de la Universidad de los \u00c1ngeles California (UCLA), Felipe L\u00f3pez Hern\u00e1ndez, as\u00ed como el acad\u00e9mico de la Universidad Intercultural de Chiapas (UNICH), Jos\u00e9 Bastiani G\u00f3mez, el profesor del Colegio Superior para la Educaci\u00f3n Integral Intercultural de Oaxaca (CSEIIO), Emiliano D\u00edaz Carnero y la jefa del departamento de programa ind\u00edgena del IEEA, Norma P\u00e9rez S\u00e1nchez.<\/p>\n<p>En estas actividades asistir\u00e1 el titular del IEEA, Rogelio Rodr\u00edguez Ruiz, la presidenta del Patronato del mismo instituto, Edna Laura Ram\u00edrez Alc\u00e1ntara, y el presidente municipal de Pan Pablo y San Pedro Ayutla, Alejandro Mart\u00ednez Ram\u00edrez, as\u00ed como diversas autoridades y l\u00edderes de la regi\u00f3n.<\/p>\n<p>Rodr\u00edguez Ruiz indic\u00f3 que el IEEA da puntual seguimiento a la pol\u00edtica planteada por el Gobernador Gabino Cu\u00e9 Monteagudo de garantizar oportunidades de progreso para todas las oaxaque\u00f1as y oaxaque\u00f1os, pero con mayor \u00e9nfasis a los pueblos ind\u00edgenas, debido a que Oaxaca es la entidad con mayor riqueza pluri-\u00e9tnica y cultural del pa\u00eds.<\/p>\n<p>Asimismo, en las localidades de Santa Mar\u00eda Tlahuitoltepec, Santo Domingo Tepuxtepec, Tamazulapan del Esp\u00edritu Santo y Santa Mar\u00eda Tepantatli, se presentar\u00e1 la obra de teatro \u201cLa llave del tesoro\u201d, de la autora y directora, WagiveTurcott -dialogada en lengua mixe por la compa\u00f1\u00eda de teatro \u201cCuauhpanco\u201d-.<\/p>\n<p>En forma paralela el IEEA, \u00a0a trav\u00e9s de un convenio establecido con el Patronato Pro-Educaci\u00f3n para Adultos A.C., realizar\u00e1 ex\u00e1menes de la vista, mediante un estudio optom\u00e9trico para beneficiar a pobladores de la zona mixe.<\/p>\n<p>Finalmente, en coordinaci\u00f3n con el Centro Cultural y Acad\u00e9mico San Pablo (CCASP) se realizar\u00e1 la exposici\u00f3n de material did\u00e1ctico biling\u00fce que el IEEA, en conjunto con autores de 9 lenguas y 29 variantes ling\u00fc\u00edsticas, ha elaborado para atender a la poblaci\u00f3n ind\u00edgena de Oaxaca.<\/p>\n<p>Dicha exposici\u00f3n se realizar\u00e1 los d\u00edas 8 y 9 de agosto de 10:00 a 18:00 horas en el claustro del Centro Cultural y Acad\u00e9mico San Pablo, ubicado en Independencia 904, en el Centro Hist\u00f3rico de la Ciudad de Oaxaca de Ju\u00e1rez. La entrada es gratuita y abierta al p\u00fablico en general.<\/p>\n<p>El D\u00eda Internacional de los Pueblos Ind\u00edgenas del Mundo fue establecido por la Asamblea General de la Organizaci\u00f3n de las Naciones Unidas el 23 de diciembre de 1994, y el tema de este a\u00f1o es \u201cMedios de comunicaci\u00f3n ind\u00edgenas: empoderando las Voces Ind\u00edgenas\u201d.<\/p>\n<p>El tema tiene como objetivo destacar la importancia de los medios de comunicaci\u00f3n ind\u00edgenas en el combate de los estereotipos, la proyecci\u00f3n de su identidad, la comunicaci\u00f3n con el mundo exterior y su capacidad para influir en la agenda pol\u00edtica y social.<\/p>\n<p><a href=\"http:\/\/www.eloriente.net\/home\/wp-content\/uploads\/2012\/08\/foto-ind\u00edgena.jpeg\"><img loading=\"lazy\" decoding=\"async\" class=\"aligncenter size-medium wp-image-1702\" title=\"foto ind\u00edgena\" src=\"http:\/\/www.eloriente.net\/home\/wp-content\/uploads\/2012\/08\/foto-ind\u00edgena-300x285.jpeg\" alt=\"\" width=\"300\" height=\"285\" srcset=\"https:\/\/www.eloriente.net\/home\/wp-content\/uploads\/2012\/08\/foto-ind\u00edgena-300x285.jpeg 300w, https:\/\/www.eloriente.net\/home\/wp-content\/uploads\/2012\/08\/foto-ind\u00edgena.jpeg 577w\" sizes=\"(max-width: 300px) 100vw, 300px\" \/><\/a><\/p>\n<p><em>Foto: <a href=\"http:\/\/www.facebook.com\/pages\/YO-SOY-OAXACA\/379451586074\" target=\"_blank\">Yo Soy Oaxaca<\/a><\/em><\/p>\n<p>&nbsp;<\/p>\n<p>&nbsp;<\/p>\n\n\t\t\t  <div \n\t\t\t  \tclass = \"fb-comments\" \n\t\t\t  \tdata-href = \"https:\/\/www.eloriente.net\/home\/2012\/08\/08\/gobierno-de-oaxaca-celebrara-dia-internacional-de-los-pueblos-indigenas-del-mundo\/\"\n\t\t\t  \tdata-numposts = \"10\"\n\t\t\t\tdata-colorscheme = \"dark\"\n\t\t\t\tdata-order-by = \"social\"\n\t\t\t\tdata-mobile=true>\n\t\t\t  <\/div>\n\t\t  <style>\n\t\t\t.fb_iframe_widget_fluid_desktop iframe {\n\t\t\t    width: 100% !important;\n\t\t\t}\n\t\t  <\/style>\n\t\t  ","protected":false},"excerpt":{"rendered":"<p>El IEEA realizar\u00e1 actividades conmemorativas a esta fecha tanto en la capital como en la regi\u00f3n Mixe, a fin de promover y fortalecer la educaci\u00f3n biling\u00fce. En el marco del D\u00eda Internacional de los Pueblos Ind\u00edgenas del Mundo a celebrarse el 9 de agosto, el Gobierno de Oaxaca a trav\u00e9s del Instituto Estatal de Educaci\u00f3n [&hellip;]<\/p>\n","protected":false},"author":1,"featured_media":1702,"comment_status":"open","ping_status":"open","sticky":false,"template":"","format":"standard","meta":{"_jetpack_memberships_contains_paid_content":false,"footnotes":""},"categories":[49,32,21],"tags":[],"class_list":["post-1672","post","type-post","status-publish","format-standard","has-post-thumbnail","hentry","category-destacadas","category-entradas","category-politica-y-gobierno"],"jetpack_featured_media_url":"https:\/\/www.eloriente.net\/home\/wp-content\/uploads\/2012\/08\/foto-ind\u00edgena.jpeg","jetpack_sharing_enabled":true,"_links":{"self":[{"href":"https:\/\/www.eloriente.net\/home\/wp-json\/wp\/v2\/posts\/1672"}],"collection":[{"href":"https:\/\/www.eloriente.net\/home\/wp-json\/wp\/v2\/posts"}],"about":[{"href":"https:\/\/www.eloriente.net\/home\/wp-json\/wp\/v2\/types\/post"}],"author":[{"embeddable":true,"href":"https:\/\/www.eloriente.net\/home\/wp-json\/wp\/v2\/users\/1"}],"replies":[{"embeddable":true,"href":"https:\/\/www.eloriente.net\/home\/wp-json\/wp\/v2\/comments?post=1672"}],"version-history":[{"count":8,"href":"https:\/\/www.eloriente.net\/home\/wp-json\/wp\/v2\/posts\/1672\/revisions"}],"predecessor-version":[{"id":1722,"href":"https:\/\/www.eloriente.net\/home\/wp-json\/wp\/v2\/posts\/1672\/revisions\/1722"}],"wp:featuredmedia":[{"embeddable":true,"href":"https:\/\/www.eloriente.net\/home\/wp-json\/wp\/v2\/media\/1702"}],"wp:attachment":[{"href":"https:\/\/www.eloriente.net\/home\/wp-json\/wp\/v2\/media?parent=1672"}],"wp:term":[{"taxonomy":"category","embeddable":true,"href":"https:\/\/www.eloriente.net\/home\/wp-json\/wp\/v2\/categories?post=1672"},{"taxonomy":"post_tag","embeddable":true,"href":"https:\/\/www.eloriente.net\/home\/wp-json\/wp\/v2\/tags?post=1672"}],"curies":[{"name":"wp","href":"https:\/\/api.w.org\/{rel}","templated":true}]}}