{"id":17233,"date":"2013-10-31T09:17:42","date_gmt":"2013-10-31T15:17:42","guid":{"rendered":"http:\/\/www.eloriente.net\/home\/?p=17233"},"modified":"2013-10-31T09:21:18","modified_gmt":"2013-10-31T15:21:18","slug":"todo-el-concierto-omara-portuondo-en-vivo-en-montreal-en-canal-3-el_oriente","status":"publish","type":"post","link":"https:\/\/www.eloriente.net\/home\/2013\/10\/31\/todo-el-concierto-omara-portuondo-en-vivo-en-montreal-en-canal-3-el_oriente\/","title":{"rendered":"Todo El Concierto: Omara Portuondo En Vivo en Montreal, en Canal 3 @El_Oriente"},"content":{"rendered":"<p>eloriente.net<\/p>\n<p>31 de octubre de 2013<\/p>\n<p style=\"text-align: right;\">Por: Ruy Solana, Editor de Artes<\/p>\n<p>En vista de que l@s lector@s de ELORIENTE.NET son tan afectos a la m\u00fasica y al arte (una prueba es el gran n\u00famero de visitas que han tenido los videos de la serie: La historia detr\u00e1s de la canci\u00f3n), hemos decido reavivar la sana costumbre de acercarte ciertos conciertos \u00edntegros, que merecen ser vistos y recordados por cada vez mayor audiencia.<\/p>\n<p>Nos comprometemos, eso s\u00ed, \u00a0a que los conciertos que te enlacemos sean de una excepcional calidad y toquen de alguna manera eso que todos perseguidos: la poes\u00eda.<\/p>\n<p>En esta ocasi\u00f3n, por estar adem\u00e1s muy cerca de su aniversario 83 (29 de octubre), ELORIENTE.NET ha seleccionado este concierto En Vivo en Montreal de <a href=\"http:\/\/omaraportuondo.com\/\" target=\"_blank\">Omara Portuondo<\/a>, en el marco del afamado festival de Jazz que se celebra anualmente en dicha ciudad. Est\u00e1 fechado en 2008.<\/p>\n<p>Portuondo, naci\u00f3 en La Habana en 1930. De acuerdo a sus propios relatos, su primer contacto con la m\u00fasica fueron las canciones entonadas a viva voz por sus padres. Comenz\u00f3 carrera primero como bailarina, formando pareja con el bailar\u00edn Rolando Espinoza, para luego ense\u00f1ar bailes populares en la Escuela de Instructores de Arte.<\/p>\n<p>Adem\u00e1s, cantaba en un grupo. Qu\u00e9 grupo. Integrado por C\u00e9sar Portillo de la Luz, Jos\u00e9 Antonio M\u00e9ndez y Frank Emilio Flynn: Los Loquibamba, que interpretaban una variaci\u00f3n del bossa incluy\u00e9ndole un poco de jazz. As\u00ed era, es, el \u00abfilin&#8217;.<\/p>\n<p>Luego, con Elena Burke, Moraima Secada y dirigidos por el pianista Aida Diestro, forma un cuarteto: Las d&#8217;Aida.<\/p>\n<p>Su primer disco apareci\u00f3 hasta 1959: Magia Negra.<\/p>\n<p>La trayectoria de Portuondo es amplia y est\u00e1 marcada tambi\u00e9n por el aislamiento cubano. Luego, como otros varios int\u00e9rpretes cubanos, marcados por el proyecto musical y cinematogr\u00e1fico Buena Vista Social Club.<\/p>\n<p>Esperamos sinceramente que disfruten este concierto como tambi\u00e9n nosotros lo hemos hecho. Deja tus comentarios!<br \/>\n<iframe loading=\"lazy\" src=\"\/\/www.youtube.com\/embed\/9WJd9DvW0u4\" frameborder=\"0\" width=\"560\" height=\"315\"><\/iframe><br \/>\nFoto: Licencia CC, cr\u00e9dito pasando el cursor sobre la imagen<\/p>\n<p><a href=\"http:\/\/www.eloriente.net\/home\/wp-content\/uploads\/2013\/10\/Omara-Portuondo-Atribuci\u00f3n-Algunos-derechos-reservados-por-Vilanova-i-la-Geltr\u00fa.jpg\"><img loading=\"lazy\" decoding=\"async\" class=\"alignnone size-medium wp-image-17234\" title=\"Omara Portuondo Atribuci\u00f3n Algunos derechos reservados por Vilanova i la Geltr\u00fa\" src=\"http:\/\/www.eloriente.net\/home\/wp-content\/uploads\/2013\/10\/Omara-Portuondo-Atribuci\u00f3n-Algunos-derechos-reservados-por-Vilanova-i-la-Geltr\u00fa-300x200.jpg\" alt=\"\" width=\"300\" height=\"200\" srcset=\"https:\/\/www.eloriente.net\/home\/wp-content\/uploads\/2013\/10\/Omara-Portuondo-Atribuci\u00f3n-Algunos-derechos-reservados-por-Vilanova-i-la-Geltr\u00fa-300x200.jpg 300w, https:\/\/www.eloriente.net\/home\/wp-content\/uploads\/2013\/10\/Omara-Portuondo-Atribuci\u00f3n-Algunos-derechos-reservados-por-Vilanova-i-la-Geltr\u00fa.jpg 1024w\" sizes=\"(max-width: 300px) 100vw, 300px\" \/><\/a><\/p>\n<p>&nbsp;<\/p>\n<p>&nbsp;<\/p>\n<p><strong>Otras entradas:<\/strong><\/p>\n<p><a title=\"Permalink to 5 v\u00eddeos de Pecados y Milagros de Lila Downs, por Canal 3 de eloriente.net\" href=\"http:\/\/www.eloriente.net\/home\/2013\/10\/19\/5-videos-de-pecados-y-milagros-de-lila-downs-por-canal-3-de-eloriente-net\/\" rel=\"bookmark\">5 v\u00eddeos de Pecados y Milagros de Lila Downs, por Canal 3 de eloriente.net<\/a><\/p>\n<p><a href=\"http:\/\/www.eloriente.net\/home\/2013\/10\/19\/5-videos-de-pecados-y-milagros-de-lila-downs-por-canal-3-de-eloriente-net\/\" rel=\"bookmark\"><img decoding=\"async\" title=\"5 v\u00eddeos de Pecados y Milagros de Lila Downs, por Canal 3 de eloriente.net\" src=\"http:\/\/www.eloriente.net\/home\/wp-content\/themes\/city-desk\/timthumb.php?src=http%3A%2F%2Fwww.eloriente.net%2Fhome%2Fwp-content%2Fuploads%2F2013%2F10%2FAtribucio%CC%81nCompartir-bajo-la-misma-licencia-Algunos-derechos-reservados-por-gozamos-Lila-Downs.jpg&amp;q=90&amp;w=160&amp;h=106&amp;zc=1\" alt=\"5 v\u00eddeos de Pecados y Milagros de Lila Downs, por Canal 3 de eloriente.net\" \/><\/a><\/p>\n<p>eloriente.net 19 de octubre de 2013 Para nadie es un secreto que la gran Lila Downs ha roto todas las marcas para las artistas y cantantes del sur de M\u00e9xico. Hay que recordar, por ejemplo, que apenas el pasado septiembre, abarrot\u00f3 el Auditorio Nacional en un concierto de m\u00e1s de dos horas con m\u00fasica mexicana, [&#8230;]<\/p>\n<p>October 19, 2013<\/p>\n<div id=\"post-16966\">\n<p><a title=\"Permalink to Entrevista a Luis Eduardo Aute desde Xalapa, Octubre\/13\" href=\"http:\/\/www.eloriente.net\/home\/2013\/10\/15\/entrevista-a-luis-eduardo-aute-desde-xalapa-octubre13\/\" rel=\"bookmark\">Entrevista a Luis Eduardo Aute desde Xalapa, Octubre\/13<\/a><\/p>\n<p><a href=\"http:\/\/www.eloriente.net\/home\/2013\/10\/15\/entrevista-a-luis-eduardo-aute-desde-xalapa-octubre13\/\" rel=\"bookmark\"><img decoding=\"async\" title=\"Entrevista a Luis Eduardo Aute desde Xalapa, Octubre\/13\" src=\"http:\/\/www.eloriente.net\/home\/wp-content\/themes\/city-desk\/timthumb.php?src=http%3A%2F%2Fwww.eloriente.net%2Fhome%2Fwp-content%2Fuploads%2F2013%2F10%2FAlgunos-derechos-reservados-por-%40outis9366-Luis-Eduardo-Aute.jpg&amp;q=90&amp;w=160&amp;h=106&amp;zc=1\" alt=\"Entrevista a Luis Eduardo Aute desde Xalapa, Octubre\/13\" \/><\/a>eloriente.net\/Agencia de Noticias de Canal 22 15 de octubre de 2013 La Agencia N22 realiz\u00f3 esta entrevista al extraordinario cantante e int\u00e9rprete Luis Eduardo Aute, nacido en Filipinas y residente en Espa\u00f1a desde los once a\u00f1os. Autor de \u201cAlevos\u00eda\u201d, se present\u00f3 en Xalapa en el marco de la tercera edici\u00f3n del Hay Festival 2013. \u00a0 [&#8230;]<\/p>\n<p>October 15, 2013<\/p>\n<\/div>\n\n\t\t\t  <div \n\t\t\t  \tclass = \"fb-comments\" \n\t\t\t  \tdata-href = \"https:\/\/www.eloriente.net\/home\/2013\/10\/31\/todo-el-concierto-omara-portuondo-en-vivo-en-montreal-en-canal-3-el_oriente\/\"\n\t\t\t  \tdata-numposts = \"10\"\n\t\t\t\tdata-colorscheme = \"dark\"\n\t\t\t\tdata-order-by = \"social\"\n\t\t\t\tdata-mobile=true>\n\t\t\t  <\/div>\n\t\t  <style>\n\t\t\t.fb_iframe_widget_fluid_desktop iframe {\n\t\t\t    width: 100% !important;\n\t\t\t}\n\t\t  <\/style>\n\t\t  ","protected":false},"excerpt":{"rendered":"<p>eloriente.net 31 de octubre de 2013 Por: Ruy Solana, Editor de Artes En vista de que l@s lector@s de ELORIENTE.NET son tan afectos a la m\u00fasica y al arte (una prueba es el gran n\u00famero de visitas que han tenido los videos de la serie: La historia detr\u00e1s de la canci\u00f3n), hemos decido reavivar la [&hellip;]<\/p>\n","protected":false},"author":1,"featured_media":17234,"comment_status":"open","ping_status":"open","sticky":false,"template":"","format":"standard","meta":{"_jetpack_memberships_contains_paid_content":false,"footnotes":""},"categories":[5,18,32,10,31],"tags":[],"class_list":["post-17233","post","type-post","status-publish","format-standard","has-post-thumbnail","hentry","category-canal-3-musica","category-educacion-y-cultura","category-entradas","category-lo-mas-reciente","category-principal"],"jetpack_featured_media_url":"https:\/\/www.eloriente.net\/home\/wp-content\/uploads\/2013\/10\/Omara-Portuondo-Atribuci\u00f3n-Algunos-derechos-reservados-por-Vilanova-i-la-Geltr\u00fa.jpg","jetpack_sharing_enabled":true,"_links":{"self":[{"href":"https:\/\/www.eloriente.net\/home\/wp-json\/wp\/v2\/posts\/17233"}],"collection":[{"href":"https:\/\/www.eloriente.net\/home\/wp-json\/wp\/v2\/posts"}],"about":[{"href":"https:\/\/www.eloriente.net\/home\/wp-json\/wp\/v2\/types\/post"}],"author":[{"embeddable":true,"href":"https:\/\/www.eloriente.net\/home\/wp-json\/wp\/v2\/users\/1"}],"replies":[{"embeddable":true,"href":"https:\/\/www.eloriente.net\/home\/wp-json\/wp\/v2\/comments?post=17233"}],"version-history":[{"count":3,"href":"https:\/\/www.eloriente.net\/home\/wp-json\/wp\/v2\/posts\/17233\/revisions"}],"predecessor-version":[{"id":17236,"href":"https:\/\/www.eloriente.net\/home\/wp-json\/wp\/v2\/posts\/17233\/revisions\/17236"}],"wp:featuredmedia":[{"embeddable":true,"href":"https:\/\/www.eloriente.net\/home\/wp-json\/wp\/v2\/media\/17234"}],"wp:attachment":[{"href":"https:\/\/www.eloriente.net\/home\/wp-json\/wp\/v2\/media?parent=17233"}],"wp:term":[{"taxonomy":"category","embeddable":true,"href":"https:\/\/www.eloriente.net\/home\/wp-json\/wp\/v2\/categories?post=17233"},{"taxonomy":"post_tag","embeddable":true,"href":"https:\/\/www.eloriente.net\/home\/wp-json\/wp\/v2\/tags?post=17233"}],"curies":[{"name":"wp","href":"https:\/\/api.w.org\/{rel}","templated":true}]}}