{"id":17238,"date":"2013-10-31T08:25:07","date_gmt":"2013-10-31T14:25:07","guid":{"rendered":"http:\/\/www.eloriente.net\/home\/?p=17238"},"modified":"2013-10-31T09:33:23","modified_gmt":"2013-10-31T15:33:23","slug":"programa-de-estudios-esta-acreditado-informa-director-de-escuela-de-medicina","status":"publish","type":"post","link":"https:\/\/www.eloriente.net\/home\/2013\/10\/31\/programa-de-estudios-esta-acreditado-informa-director-de-escuela-de-medicina\/","title":{"rendered":"&#8216;Programa de Estudios est\u00e1 acreditado&#8217;, informa director de Escuela de Medicina"},"content":{"rendered":"<p>eloriente.net\/<a href=\"http:\/\/www.uabjo.mx\/\" target=\"_blank\">UABJO<\/a><\/p>\n<p>31 de octubre de 2013<\/p>\n<p>En sesi\u00f3n solemne del Honorable Consejo T\u00e9cnico, el director de la Facultad de Medicina y Cirug\u00eda de la Universidad Aut\u00f3noma \u201cBenito Ju\u00e1rez\u201d de Oaxaca (UABJO), Miguel \u00c1ngel Reyes Franco rindi\u00f3 su primer informe de sus actividades acad\u00e9mico-administrativas, donde dio a conocer que se han realizado diversas acciones respecto a la investigaci\u00f3n y vinculaci\u00f3n de gran impacto.<\/p>\n<p>En presencia del rector de la M\u00e1xima Casa de Estudios, Eduardo Mart\u00ednez Helmes, se desarroll\u00f3 la sesi\u00f3n, en pleno de Consejo y con la presencia de docentes y estudiantes.<\/p>\n<p>Al iniciar el acto protocolario del informe anual de actividades, se dijo que la Facultad cuenta con la acreditaci\u00f3n de su programa de estudios avalada por el Consejo Mexicano para la Acreditaci\u00f3n de la Educaci\u00f3n M\u00e9dica (COMAEM), cuesti\u00f3n que los mantiene en trabajo constante con el prop\u00f3sito de permanecer a la instituci\u00f3n en los est\u00e1ndares de un Programa Educativo de Calidad avalado por los organismos externos.<\/p>\n<p>En este sentido, el directivo coment\u00f3 que el Comit\u00e9 de Acreditaci\u00f3n, trabaja en la autoevaluaci\u00f3n\u00a0 con una reflexi\u00f3n cr\u00edtica y colegiada para valorar el m\u00e9rito de los diferentes componentes del programa con par\u00e1metros claros y comparables a los utilizados por instituciones hom\u00f3logas nacionales e internacionales.<\/p>\n<p>En materia de movilidad acad\u00e9mica se menciona que los estudiantes han realizado estancias semestrales en las universidades de Puebla, Argentina,\u00a0 UNAM y el Instituto Polit\u00e9cnico Nacional.<\/p>\n<p>Adem\u00e1s, se reafirmaron convenios con la Academia Mexicana de Cirug\u00eda, Delegacion del IMSS de Campeche para campos cl\u00ednicos, Trabajo Comunitario e IPAS (Atenci\u00f3n a la Emergencia Obst\u00e9trica).<\/p>\n<p>Otra de las acciones relevantes relacionado con el estudio autodirigido de los estudiantes y como apoyo para la investigaci\u00f3n, tanto de pregrado como posgrado es la biblioteca virtual \u201cUp to date\u201d y la conexi\u00f3n de internet por fibra \u00f3ptica para todo el campus, con el prop\u00f3sito\u00a0 de que la instituci\u00f3n\u00a0 cuente con recursos suficientes para el proceso formativo a trav\u00e9s de la consulta inmediata de acervo bibliogr\u00e1fico y hemerogr\u00e1fico actualizado.<\/p>\n<p>Al concluir la presentaci\u00f3n formal de los trabajos realizados durante este a\u00f1o de administraci\u00f3n, el director hizo entrega del informe al rector de la M\u00e1xima Casa de Estudios, para dar cumplimiento en lo establecido por la ley org\u00e1nica.<\/p>\n<p>Con ello se constata el trabajo realizado a lo largo de este periodo en beneficio de miles de estudiantes universitarios, con el prop\u00f3sito de cumplir cabalmente con la funci\u00f3n primordial de la instituci\u00f3n educativa en la producci\u00f3n de los mejores m\u00e9dicos.<\/p>\n<p><a href=\"http:\/\/www.eloriente.net\/home\/wp-content\/uploads\/2013\/10\/Informe-escuela-de-medicina-UABJO.jpg\"><img loading=\"lazy\" decoding=\"async\" class=\"alignnone size-medium wp-image-17239\" title=\"Informe escuela de medicina UABJO\" src=\"http:\/\/www.eloriente.net\/home\/wp-content\/uploads\/2013\/10\/Informe-escuela-de-medicina-UABJO-300x200.jpg\" alt=\"\" width=\"300\" height=\"200\" srcset=\"https:\/\/www.eloriente.net\/home\/wp-content\/uploads\/2013\/10\/Informe-escuela-de-medicina-UABJO-300x200.jpg 300w, https:\/\/www.eloriente.net\/home\/wp-content\/uploads\/2013\/10\/Informe-escuela-de-medicina-UABJO-1024x682.jpg 1024w\" sizes=\"(max-width: 300px) 100vw, 300px\" \/><\/a><\/p>\n<p style=\"text-align: left;\">Foto: UABJO<\/p>\n<p style=\"text-align: left;\">\n<p style=\"text-align: left;\"><strong>Otras entradas:<\/strong><\/p>\n<p><a title=\"Permalink to Analizan Reforma Fiscal 2014 en UABJO\" href=\"http:\/\/www.eloriente.net\/home\/2013\/10\/27\/analizan-reforma-fiscal-2014-en-uabjo\/\" rel=\"bookmark\">Analizan Reforma Fiscal 2014 en UABJO<\/a><\/p>\n<p><a href=\"http:\/\/www.eloriente.net\/home\/2013\/10\/27\/analizan-reforma-fiscal-2014-en-uabjo\/\" rel=\"bookmark\"><img decoding=\"async\" title=\"Analizan Reforma Fiscal 2014 en UABJO\" src=\"http:\/\/www.eloriente.net\/home\/wp-content\/themes\/city-desk\/timthumb.php?src=http%3A%2F%2Fwww.eloriente.net%2Fhome%2Fwp-content%2Fuploads%2F2013%2F10%2FConferencia-UABJO-Reforma-Fiscal.jpg&amp;q=90&amp;w=160&amp;h=106&amp;zc=1\" alt=\"Analizan Reforma Fiscal 2014 en UABJO\" \/><\/a><\/p>\n<p>eloriente.net\/UABJO 27 de octubre de 2013 Con el objetivo de promover entre la comunidad universitaria el an\u00e1lisis y la reflexi\u00f3n sobre la reforma fiscal 2014, la Facultad de Contadur\u00eda y Administraci\u00f3n (FCA) de la Universidad Aut\u00f3noma \u201cBenito Ju\u00e1rez\u201d de Oaxaca (UABJO), realiz\u00f3 la conferencia titulada \u201cPerspectivas de la reforma fiscal 2014\u201d, en el auditorio de [&#8230;]<\/p>\n<p>October 27, 2013<\/p>\n<div id=\"post-17157\">\n<p><a title=\"Permalink to INAH y UNAM promueven formaci\u00f3n de profesionales en patrimonio cultural\" href=\"http:\/\/www.eloriente.net\/home\/2013\/10\/26\/inah-y-unam-promueven-formacion-de-profesionales-en-patrimonio-cultural\/\" rel=\"bookmark\">INAH y UNAM promueven formaci\u00f3n de profesionales en patrimonio cultural<\/a><\/p>\n<p><a href=\"http:\/\/www.eloriente.net\/home\/2013\/10\/26\/inah-y-unam-promueven-formacion-de-profesionales-en-patrimonio-cultural\/\" rel=\"bookmark\"><img decoding=\"async\" title=\"INAH y UNAM promueven formaci\u00f3n de profesionales en patrimonio cultural\" src=\"http:\/\/www.eloriente.net\/home\/wp-content\/themes\/city-desk\/timthumb.php?src=http%3A%2F%2Fwww.eloriente.net%2Fhome%2Fwp-content%2Fuploads%2F2013%2F10%2FTeresa-Franco-INAH-congreso-Convenciones-cultura-INAH.jpg&amp;q=90&amp;w=160&amp;h=106&amp;zc=1\" alt=\"INAH y UNAM promueven formaci\u00f3n de profesionales en patrimonio cultural\" \/><\/a>eloriente.net\/INAH 26 de octubre de 2013 *** La propuesta fue realizada por Teresa Franco, directora general del INAH, en el marco del Encuentro InternacionalConvenciones UNESCO. Una visi\u00f3n articulada desde Iberoam\u00e9rica *** Actualmente M\u00e9xico es un contribuyente central de la UNESCO, apegado a las directrices de sus convenciones y recomendaciones, expres\u00f3 En el \u00e1nimo de aunar [&#8230;]<\/p>\n<p>October 26, 2013<a title=\"Comment on INAH y UNAM promueven formaci\u00f3n de profesionales en patrimonio cultural\" href=\"http:\/\/www.eloriente.net\/home\/2013\/10\/26\/inah-y-unam-promueven-formacion-de-profesionales-en-patrimonio-cultural\/#respond\">No Comment<\/a><a title=\"Permalink to INAH y UNAM promueven formaci\u00f3n de profesionales en patrimonio cultural\" href=\"http:\/\/www.eloriente.net\/home\/2013\/10\/26\/inah-y-unam-promueven-formacion-de-profesionales-en-patrimonio-cultural\/\" rel=\"bookmark\">Read More<\/a><a title=\"Edit Post\" href=\"http:\/\/www.eloriente.net\/home\/wp-admin\/post.php?post=17157&amp;action=edit\">#<\/a><\/p>\n<\/div>\n<div id=\"post-17143\">\n<h2><a title=\"Permalink to La Competencia\" href=\"http:\/\/www.eloriente.net\/home\/2013\/10\/25\/la-competencia\/\" rel=\"bookmark\">La Competencia<\/a><\/h2>\n<p><a href=\"http:\/\/www.eloriente.net\/home\/2013\/10\/25\/la-competencia\/\" rel=\"bookmark\"><img decoding=\"async\" title=\"La Competencia\" src=\"http:\/\/www.eloriente.net\/home\/wp-content\/themes\/city-desk\/timthumb.php?src=http%3A%2F%2Fwww.eloriente.net%2Fhome%2Fwp-content%2Fuploads%2F2013%2F10%2FCu%CC%81pula-de-Actos-CNC-Barquillo-5-Atribucio%CC%81n-Algunos-derechos-reservados-por-edans-.jpg&amp;q=90&amp;w=160&amp;h=106&amp;zc=1\" alt=\"La Competencia\" \/><\/a>eloriente.net 25 de octubre de 2013 Por: Guadalupe Zarza Brise\u00f1o Como estrategas que somos nuestro quehacer diario es enfrentar a la competencia con la competitividad, parece trabalenguas, verdad?? Solemos ver a la competencia de manera muy estrecha, como un enemigo implacable a quien debemos eliminar, acabar, aniquilar a toda costa por lo que lamento decirles [&#8230;]<\/p>\n<p>October 25, 2013<\/p>\n<\/div>\n\n\t\t\t  <div \n\t\t\t  \tclass = \"fb-comments\" \n\t\t\t  \tdata-href = \"https:\/\/www.eloriente.net\/home\/2013\/10\/31\/programa-de-estudios-esta-acreditado-informa-director-de-escuela-de-medicina\/\"\n\t\t\t  \tdata-numposts = \"10\"\n\t\t\t\tdata-colorscheme = \"dark\"\n\t\t\t\tdata-order-by = \"social\"\n\t\t\t\tdata-mobile=true>\n\t\t\t  <\/div>\n\t\t  <style>\n\t\t\t.fb_iframe_widget_fluid_desktop iframe {\n\t\t\t    width: 100% !important;\n\t\t\t}\n\t\t  <\/style>\n\t\t  ","protected":false},"excerpt":{"rendered":"<p>eloriente.net\/UABJO 31 de octubre de 2013 En sesi\u00f3n solemne del Honorable Consejo T\u00e9cnico, el director de la Facultad de Medicina y Cirug\u00eda de la Universidad Aut\u00f3noma \u201cBenito Ju\u00e1rez\u201d de Oaxaca (UABJO), Miguel \u00c1ngel Reyes Franco rindi\u00f3 su primer informe de sus actividades acad\u00e9mico-administrativas, donde dio a conocer que se han realizado diversas acciones respecto a [&hellip;]<\/p>\n","protected":false},"author":1,"featured_media":17239,"comment_status":"open","ping_status":"open","sticky":false,"template":"","format":"standard","meta":{"_jetpack_memberships_contains_paid_content":false,"footnotes":""},"categories":[29,18,32,10,30,84],"tags":[],"class_list":["post-17238","post","type-post","status-publish","format-standard","has-post-thumbnail","hentry","category-capital","category-educacion-y-cultura","category-entradas","category-lo-mas-reciente","category-salud","category-universidades"],"jetpack_featured_media_url":"https:\/\/www.eloriente.net\/home\/wp-content\/uploads\/2013\/10\/Informe-escuela-de-medicina-UABJO.jpg","jetpack_sharing_enabled":true,"_links":{"self":[{"href":"https:\/\/www.eloriente.net\/home\/wp-json\/wp\/v2\/posts\/17238"}],"collection":[{"href":"https:\/\/www.eloriente.net\/home\/wp-json\/wp\/v2\/posts"}],"about":[{"href":"https:\/\/www.eloriente.net\/home\/wp-json\/wp\/v2\/types\/post"}],"author":[{"embeddable":true,"href":"https:\/\/www.eloriente.net\/home\/wp-json\/wp\/v2\/users\/1"}],"replies":[{"embeddable":true,"href":"https:\/\/www.eloriente.net\/home\/wp-json\/wp\/v2\/comments?post=17238"}],"version-history":[{"count":1,"href":"https:\/\/www.eloriente.net\/home\/wp-json\/wp\/v2\/posts\/17238\/revisions"}],"predecessor-version":[{"id":17240,"href":"https:\/\/www.eloriente.net\/home\/wp-json\/wp\/v2\/posts\/17238\/revisions\/17240"}],"wp:featuredmedia":[{"embeddable":true,"href":"https:\/\/www.eloriente.net\/home\/wp-json\/wp\/v2\/media\/17239"}],"wp:attachment":[{"href":"https:\/\/www.eloriente.net\/home\/wp-json\/wp\/v2\/media?parent=17238"}],"wp:term":[{"taxonomy":"category","embeddable":true,"href":"https:\/\/www.eloriente.net\/home\/wp-json\/wp\/v2\/categories?post=17238"},{"taxonomy":"post_tag","embeddable":true,"href":"https:\/\/www.eloriente.net\/home\/wp-json\/wp\/v2\/tags?post=17238"}],"curies":[{"name":"wp","href":"https:\/\/api.w.org\/{rel}","templated":true}]}}