{"id":17314,"date":"2013-11-05T06:45:47","date_gmt":"2013-11-05T12:45:47","guid":{"rendered":"http:\/\/www.eloriente.net\/home\/?p=17314"},"modified":"2013-11-04T19:00:36","modified_gmt":"2013-11-05T01:00:36","slug":"8nov-abre-feria-internacional-del-libro-infantil-y-juvenil-con-tema-recomposicion-del-tejido-social","status":"publish","type":"post","link":"https:\/\/www.eloriente.net\/home\/2013\/11\/05\/8nov-abre-feria-internacional-del-libro-infantil-y-juvenil-con-tema-recomposicion-del-tejido-social\/","title":{"rendered":"8\/Nov Abre Feria Internacional del Libro Infantil y Juvenil con tema: &#8216;recomposici\u00f3n del tejido social&#8217;"},"content":{"rendered":"<p>eloriente.net\/<a href=\"http:\/\/www.filij.conaculta.gob.mx\/\" target=\"_blank\">CONACULTA<\/a><\/p>\n<p>4 de noviembre de 2013<br \/>\n<iframe loading=\"lazy\" src=\"\/\/www.youtube.com\/embed\/Xt34m-V8y5c\" frameborder=\"0\" width=\"420\" height=\"315\"><\/iframe><\/p>\n<div>\n<ul>\n<li><strong>En el encuentro se realizar\u00e1 el 16 Seminario Internacional de Fomento de la Lectura, con destacados especialistas de Argentina, Brasil, Canad\u00e1, Colombia, Espa\u00f1a, Estados Unidos, Francia y M\u00e9xico<\/strong><\/li>\n<\/ul>\n<\/div>\n<div>\n<ul>\n<li><strong>Habr\u00e1 actividades en honor a reconocidos personajes de la cultura mexicana como Mireya Cueto y Jorge Ibarg\u00fcengoitia<\/strong><\/li>\n<\/ul>\n<\/div>\n<div>\n<ul>\n<li><strong>Se instalar\u00e1 una segunda Bebeteca a fin de duplicar los talleres para ni\u00f1os de hasta 4 a\u00f1os<\/strong><\/li>\n<\/ul>\n<\/div>\n<div>\n<ul>\n<li>\u00a0<strong>Por segunda ocasi\u00f3n se realizar\u00e1 el FESTO-C\u00f3mic, con invitados como Milo Manara, Humberto Ramos y Sixto Valencia y se inaugurar\u00e1 la exposici\u00f3n\u00a0<em>50 a\u00f1os de Mem\u00edn Pingu\u00edn<\/em><\/strong><\/li>\n<\/ul>\n<\/div>\n<div>La recomposici\u00f3n del tejido social ser\u00e1 el tema eje de la programaci\u00f3n de la 33\u00aa Feria Internacional del Libro Infantil y Juvenil (FILIJ), que se realizar\u00e1 del 8 al 18 de noviembre en el Centro Nacional de las Artes (Cenart), con cientos de actividades que incluyen la presentaci\u00f3n de la Compa\u00f1\u00eda Nacional de Teatro de Costa Rica; la instalaci\u00f3n de una segunda Bebeteca, que duplicar\u00e1 los talleres para ni\u00f1os de hasta 4 a\u00f1os, y la realizaci\u00f3n del FESTO C\u00f3mic.<\/div>\n<div><\/div>\n<div>Destacan actividades en honor a reconocidos personajes de la cultura mexicana: en su 30 aniversario luctuoso, Jorge Ibarg\u00fcengoitia ser\u00e1 figura central del programa por el D\u00eda Nacional del Libro; se presentar\u00e1\u00a0<em>Jos\u00e9 Guadalupe Posada. Edici\u00f3n conmemorativa<\/em>, libro editado por la Direcci\u00f3n General de Publicaciones (DGP) del Conaculta en colaboraci\u00f3n con el Instituto Cultural de Aguascalientes, para recordar al grabador y creador de La Catrina a 100 a\u00f1os de su muerte; habr\u00e1 un Homenaje a Mireya Cueto (1922-2013), maestra titiritera fallecida este a\u00f1o. Adem\u00e1s, para recordar a un icono de la historieta mexicana, se montar\u00e1 la exposici\u00f3n\u00a0<em>50 a\u00f1os de Mem\u00edn Pingu\u00edn<\/em>.<\/div>\n<div><\/div>\n<div>Organizada por el Conaculta, a trav\u00e9s de la Direcci\u00f3n General de Publicaciones, la Feria Internacional del Libro Infantil y Juvenil, el festejo librero m\u00e1s importante de su tipo en Am\u00e9rica Latina, une sus esfuerzos de promoci\u00f3n del libro y la lectura con diversas manifestaciones art\u00edsticas, con el fin de brindar a la sociedad, especialmente a las nuevas generaciones, actividades que propicien la sana convivencia y la adquisici\u00f3n de h\u00e1bitos indispensables para su desarrollo: el acercamiento al arte y la cultura.<\/div>\n<div><\/div>\n<div><strong>Profesionalizaci\u00f3n<\/strong><\/div>\n<div><\/div>\n<div>Parte medular de la Feria desde hace 16 a\u00f1os es el Seminario Internacional de Fomento de la Lectura, encuentro principal del programa de profesionalizaci\u00f3n, que contar\u00e1 con la participaci\u00f3n de escritores, editores, investigadores, acad\u00e9micos y expertos en proyectos educativos y de fomento de la lectura de Argentina, Brasil, Canad\u00e1, Colombia, Espa\u00f1a, Estados Unidos, Francia y M\u00e9xico. A partir de este a\u00f1o el formato del seminario se har\u00e1 m\u00e1s flexible para permitir una mejor interacci\u00f3n entre participantes y p\u00fablico asistente, en su mayor\u00eda mediadores de lectura.<\/div>\n<div><\/div>\n<div>Organizado con el apoyo de la Secretar\u00eda de Educaci\u00f3n P\u00fablica (SEP), el Seminario se realizar\u00e1 del 11 al 14 de noviembre, con una serie de conferencias magistrales y paneles de reflexi\u00f3n que girar\u00e1n en torno al tema Palabras que zurcen. La lectura y la escritura en la recomposici\u00f3n del tejido social. En \u00e9l se abordar\u00e1 desde diversos \u00e1ngulos la realidad social y se estimular\u00e1 la reflexi\u00f3n para que desde la escuela, la sociedad civil, y con el apoyo de la investigaci\u00f3n acad\u00e9mica y el desarrollo tecnol\u00f3gico, sea posible reforzar los v\u00ednculos del libro y la lectura con la restauraci\u00f3n del tejido social.<\/div>\n<div><\/div>\n<div>Por primera ocasi\u00f3n, el seminario ser\u00e1 transmitido en vivo, v\u00eda\u00a0<em>streaming<\/em>, en la Biblioteca Vasconcelos y en la Universidad Aut\u00f3noma Metropolitana Unidad Azcapotzalco.<\/div>\n<div><\/div>\n<div>Las actividades de profesionalizaci\u00f3n incluir\u00e1n el Encuentro para Libreros y Editores: La librer\u00eda como v\u00ednculo con la comunidad; el Encuentro para Bibliotecarios con el t\u00f3pico El bibliotecario: constructor de comunidades lectoras; las clases magistrales que en esta ocasi\u00f3n tendr\u00e1n dos vertientes: libro \u00e1lbum y la novela infantil y juvenil, y el Laboratorio de Proyectos que ofrecer\u00e1 talleres de ilustraci\u00f3n y creaci\u00f3n literaria para estudiantes y creadores.<\/div>\n<div><\/div>\n<div>Al propio tiempo se realizar\u00e1 el Circuito Acad\u00e9mico-Cultural Oto\u00f1o en diversas sedes del Distrito Federal, as\u00ed como en Oaxaca, con talleres y conferencias dirigidos a promotores de lectura, p\u00fablico en general, ni\u00f1os y creadores.<\/div>\n<div><\/div>\n<div>Profesionales agrupados en El Ilustradero llegar\u00e1n con propuestas como las tituladas Ilustradores fuera del estudio, Escribamos juntos una historia y \u00a1Viva, fiesta ilustrada!<\/div>\n<div><\/div>\n<div>La 33\u00aa. FILIJ acoge, por segundo a\u00f1o consecutivo, al FESTO C\u00f3mic. Tercer Festival de Autores de C\u00f3mic, que tendr\u00e1 como invitado especial al historietista italiano Milo Manara, se montar\u00e1 la exposici\u00f3n\u00a0<em>Los Primeros<\/em>, tendr\u00e1 lugar un\u00a0<em>Jam<\/em>\u00a0Monero, un\u00a0<em>Kombate Monero<\/em>\u00a0entre Bachan y Chubasco, y se contar\u00e1 con la presencia de Humberto Ramos, dibujante de Spider-Man, y de Sixto Valencia, creador del dibujo que, desde 1963, dio vida a<em>Mem\u00edn Pingu\u00edn<\/em>\u00a0de Yolanda Vargas Dulch\u00e9, entre muchas otras actividades que se llevar\u00e1 a cabo los d\u00edas 16 y 17 de noviembre.<\/div>\n<div><\/div>\n<div>Talleres, presentaciones editoriales y un ciclo de cine, formar\u00e1n parte del Pre-FESTO C\u00f3mic, a partir del 8 de noviembre.<\/div>\n<div><\/div>\n<div><strong>Talleres para ni\u00f1os y j\u00f3venes<\/strong><\/div>\n<div><\/div>\n<div>Debido al \u00e9xito de la Bebeteca instalada a partir de la edici\u00f3n 30 de la feria, este a\u00f1o se contar\u00e1 con una m\u00e1s, lo que significa que los talleres para beb\u00e9s de hasta 4 a\u00f1os de edad se duplicar\u00e1n, para poder ofrecer alrededor de 200 sesiones.<\/div>\n<div><\/div>\n<div>Cientos de talleres infantiles y juveniles m\u00e1s se impartir\u00e1n en diferentes espacios de la FILIJ.\u00a0La lectura es el v\u00ednculo principal para crear desde poes\u00eda en tercera dimensi\u00f3n, personajes para el teatro kamishibai, hasta lenguajes como el braille, en los talleres realizados en colaboraci\u00f3n con editoriales, instancias culturales y educativas y talleristas independientes seleccionados por convocatoria p\u00fablica.<\/div>\n<div><\/div>\n<div><strong>El Programa Nacional Salas de Lectura<\/strong><\/div>\n<div><\/div>\n<div>A trav\u00e9s del Programa Nacional Salas de Lectura (PNSL), la Direcci\u00f3n General de Publicaciones organizar\u00e1 el martes 12 de noviembre, D\u00eda Nacional del Libro, un Homenaje a Jorge Ibarg\u00fcengoitia (1928-1983), con la mesa de an\u00e1lisis Pasajes cinematogr\u00e1ficos en la obra de Ibarg\u00fcengoitia, con autores de Tierra Adentro; la lectura en atril de\u00a0<em>Dos cr\u00edmenes<\/em>\u00a0y la proyecci\u00f3n de la pel\u00edcula basada en esta obra del escritor guanajuatense, lecturas en voz alta a cargo de autores, mediadores de lectura y p\u00fablico en general.<\/div>\n<div><\/div>\n<div>El Homenaje se realizar\u00e1 en el Centro de Lectura instalado en la feria, en el que todos los d\u00edas habr\u00e1 presentaciones de libros, talleres, sesiones de narraci\u00f3n oral o funciones de teatro gui\u00f1ol. Como cada a\u00f1o, el PNSL instalar\u00e1 a lo largo de las \u00e1reas verdes del Cenart Cabinas de Lectura, \u00c1rboles Po\u00e9ticos y Libro Bicis.<\/div>\n<div><\/div>\n<div><strong>Una amplia oferta de actividades<\/strong><\/div>\n<div><\/div>\n<div>En la edici\u00f3n 33 de la Feria participar\u00e1n m\u00e1s de 130 casas editoriales, se realizar\u00e1n alrededor de 120 presentaciones de libros, revistas y dem\u00e1s publicaciones y proyectos editoriales; asimismo se tendr\u00e1 un espacio destinado a la firma de libros de autores participantes.<\/div>\n<div><\/div>\n<div>Habr\u00e1 una variada propuesta esc\u00e9nica que incluye: el Homenaje a Mireya Cueto (1922-2013) con la escenificaci\u00f3n de sus obras para t\u00edteres\u00a0<em>Historias revueltas<\/em>,\u00a0<em>Cuando canta un alebrije<\/em>\u00a0y\u00a0<em>Nuestra ra\u00edz<\/em>, y la participaci\u00f3n de la Escuela Nacional de Arte Teatral del Centro Nacional de las Artes, con la obra de teatro para j\u00f3venes\u00a0<em>Besos en la cocina.<\/em><\/div>\n<div><\/div>\n<div>Destaca tambi\u00e9n la participaci\u00f3n de la Compa\u00f1\u00eda Nacional de Teatro de Costa Rica con la puesta en escena\u00a0<em>20 mil leguas de viaje submarino<\/em>, de Julio Verne. Esta presentaci\u00f3n se deriv\u00f3 de la presencia de M\u00e9xico como Pa\u00eds Invitado de Honor de la 14 Feria Internacional del Libro de Costa Rica, efectuada del 23 de agosto al 1 de septiembre en el pa\u00eds centroamericano.<\/div>\n<div><\/div>\n<div>\u00a0En m\u00fasica habr\u00e1 conciertos para todos los gustos. Los ni\u00f1os podr\u00e1n disfrutar de \u00a1Qu\u00e9 payasos!, Mariana Mallol, Los Aguakates, Tr\u00e9bol Tr\u00edo y Mitos del Sol y la Luna, entre otros; y para j\u00f3venes estar\u00e1n Los M\u00fasicos de Jos\u00e9, Madame R\u00e9camier, Little Jesus, Ella y el Muerto, Felixxx, la Big Band de la Escuela Superior de M\u00fasica del Instituto Nacional de Bellas Artes, entre otros. Adem\u00e1s se har\u00e1 presente la original propuesta de Arreola+Carballo, en la que se mezclan poes\u00eda n\u00e1huatl y m\u00fasica.<\/div>\n<div><\/div>\n<div>La programaci\u00f3n incluye la exposici\u00f3n de obra de los galardonados en las convocatorias del XXV Concurso Nacional de Cartel Invitemos a Leer y del XXIII Cat\u00e1logo de Ilustradores de Publicaciones Infantiles y Juveniles, en el Vest\u00edbulo del Teatro de las Artes y los jardines del Cenart.<\/div>\n<div><\/div>\n<div>En la inauguraci\u00f3n del 16 Seminario Internacional de Fomento de la Lectura, el lunes 11 a las 9:00 horas, se entregar\u00e1 el Premio Hispanoamericano de Poes\u00eda para Ni\u00f1os, convocado por la Fundaci\u00f3n para las Letras Mexicanas y el Fondo de Cultura Econ\u00f3mica.<\/div>\n<div><\/div>\n<div>En el marco de la 33\u00aa FILIJ se entregar\u00e1n adem\u00e1s el Premio Nacional Juan Pablos al M\u00e9rito Editorial, y el Premio Caniem al Arte Editorial.<\/div>\n<div><\/div>\n<div>Se reconocer\u00e1 a los ganadores de diversos cert\u00e1menes: del Tercer Premio Internacional del Libro Animado Interactivo en Espa\u00f1ol Paula Benavides, y de las convocatorias de la FILIJ: XXV Concurso Nacional de Cartel Invitemos a leer, XXIII Cat\u00e1logo de Ilustradores de Publicaciones Infantiles y Juveniles, XX Premio FILIJ de Cuento para Ni\u00f1os y J\u00f3venes y XVIII Premio Internacional del Libro Ilustrado Infantil y Juvenil.<\/div>\n<div><\/div>\n<div>La 33\u00aa Feria Internacional del Libro Infantil y Juvenil ser\u00e1 inaugurada el viernes 8 de noviembre a las 10:00 horas, en el Teatro de las Artes del Cenart y permanecer\u00e1 abierta hasta el lunes 18 de noviembre, de 10:00 a 20:00 horas,\u00a0en R\u00edo Churubusco No. 79 esquina Calzada de Tlalpan, Colonia Country Club.<\/div>\n<div><\/div>\n<div><a href=\"http:\/\/www.eloriente.net\/home\/wp-content\/uploads\/2013\/11\/Atribucio\u0301n-Algunos-derechos-reservados-por-jorgemejia-LIBROS.jpg\"><img loading=\"lazy\" decoding=\"async\" class=\"alignnone size-medium wp-image-17315\" title=\"Atribucio\u0301n Algunos derechos reservados por jorgemejia LIBROS\" src=\"http:\/\/www.eloriente.net\/home\/wp-content\/uploads\/2013\/11\/Atribucio\u0301n-Algunos-derechos-reservados-por-jorgemejia-LIBROS-300x200.jpg\" alt=\"\" width=\"300\" height=\"200\" srcset=\"https:\/\/www.eloriente.net\/home\/wp-content\/uploads\/2013\/11\/Atribucio\u0301n-Algunos-derechos-reservados-por-jorgemejia-LIBROS-300x200.jpg 300w, https:\/\/www.eloriente.net\/home\/wp-content\/uploads\/2013\/11\/Atribucio\u0301n-Algunos-derechos-reservados-por-jorgemejia-LIBROS.jpg 1024w\" sizes=\"(max-width: 300px) 100vw, 300px\" \/><\/a><\/div>\n<div><a href=\"http:\/\/creativecommons.org\/licenses\/by\/2.0\/\"><img decoding=\"async\" title=\"Atribuci\u00f3n\" src=\"http:\/\/l.yimg.com\/g\/images\/cc_icon_attribution_small.gif\" alt=\"Atribuci\u00f3n\" border=\"0\" \/><\/a>\u00a0<a title=\"Attribution License\" href=\"http:\/\/creativecommons.org\/licenses\/by\/2.0\/\">Algunos derechos reservados<\/a>\u00a0por\u00a0<a href=\"http:\/\/www.flickr.com\/photos\/mejiaperalta\/\">jorgemejia<\/a><\/div>\n<div><\/div>\n<div><\/div>\n<div>Anteriores:<\/div>\n<div>\n<p><a title=\"Permalink to Conaculta anuncia el Tercer Premio Literario LIPP 2013\" href=\"http:\/\/www.eloriente.net\/home\/2013\/07\/24\/conaculta-anuncia-el-tercer-premio-literario-lipp-2013\/\" rel=\"bookmark\">Conaculta anuncia el Tercer Premio Literario LIPP 2013<\/a><\/p>\n<p><a href=\"http:\/\/www.eloriente.net\/home\/2013\/07\/24\/conaculta-anuncia-el-tercer-premio-literario-lipp-2013\/\" rel=\"bookmark\"><img decoding=\"async\" title=\"Conaculta anuncia el Tercer Premio Literario LIPP 2013\" src=\"http:\/\/www.eloriente.net\/home\/wp-content\/themes\/city-desk\/timthumb.php?src=http%3A%2F%2Fwww.eloriente.net%2Fhome%2Fwp-content%2Fuploads%2F2013%2F07%2Fanuncio_premio_literario_2013_lipp_la_brasserie_alr_7122b.jpg&amp;q=90&amp;w=160&amp;h=106&amp;zc=1\" alt=\"Conaculta anuncia el Tercer Premio Literario LIPP 2013\" \/><\/a>eloriente.net\/ Conaculta 24 de julio de 2013 El presidente del Conaculta anunci\u00f3 el Tercer Premio Literario LIPP 2013. El jurado est\u00e1 conformado por escritores como Alberto Chimal, Silvia Molina, Xavier Velasco, Rafael P\u00e9rez Gay, Cristina Rivera Garza, Eduardo Antonio Parra, Alejandro Reyes y M\u00f3nica Lav\u00edn Est\u00e1 dirigido a editoriales activas que presenten manuscritos de novela [&#8230;]<\/p>\n<p>July 24, 2013<\/p>\n<div id=\"post-14861\">\n<p><a title=\"Permalink to Exhibe el MAM la muestra Proceso abierto, una reflexi\u00f3n sobre el arte\" href=\"http:\/\/www.eloriente.net\/home\/2013\/07\/20\/exhibe-el-mam-la-muestra-proceso-abierto-una-reflexion-sobre-el-arte\/\" rel=\"bookmark\">Exhibe el MAM la muestra Proceso abierto, una reflexi\u00f3n sobre el arte<\/a><\/p>\n<p><a href=\"http:\/\/www.eloriente.net\/home\/2013\/07\/20\/exhibe-el-mam-la-muestra-proceso-abierto-una-reflexion-sobre-el-arte\/\" rel=\"bookmark\"><img decoding=\"async\" title=\"Exhibe el MAM la muestra Proceso abierto, una reflexi\u00f3n sobre el arte\" src=\"http:\/\/www.eloriente.net\/home\/wp-content\/themes\/city-desk\/timthumb.php?src=http%3A%2F%2Fwww.eloriente.net%2Fhome%2Fwp-content%2Fuploads%2F2013%2F07%2Fprocesoabiertode_marianna_dellekamp_fsm_0107b.jpg&amp;q=90&amp;w=160&amp;h=106&amp;zc=1\" alt=\"Exhibe el MAM la muestra Proceso abierto, una reflexi\u00f3n sobre el arte\" \/><\/a>eloriente.net\/ Conaculta 20 de julio de 2013 La exposici\u00f3n se divide en tres ejes tem\u00e1ticos: fotograf\u00eda y cuerpo; imagen y texto e instalaciones recientes de proceso abierto. La exhibici\u00f3n estar\u00e1 abierta a partir de este s\u00e1bado 20 de julio y permanecer\u00e1 hasta al 10 de noviembre de 2013. Fotograf\u00eda, video, instalaci\u00f3n y libros de artista [&#8230;]<\/p>\n<p>July 20, 2013Comments Off<a title=\"Permalink to Exhibe el MAM la muestra Proceso abierto, una reflexi\u00f3n sobre el arte\" href=\"http:\/\/www.eloriente.net\/home\/2013\/07\/20\/exhibe-el-mam-la-muestra-proceso-abierto-una-reflexion-sobre-el-arte\/\" rel=\"bookmark\">Read More<\/a><\/p>\n<\/div>\n<div id=\"post-14479\">\n<p><a title=\"Permalink to Abre Sala de Arte P\u00fablico Siqueiros tres exposiciones\" href=\"http:\/\/www.eloriente.net\/home\/2013\/07\/12\/abre-sala-de-arte-publico-siqueiros-tres-exposiciones\/\" rel=\"bookmark\">Abre Sala de Arte P\u00fablico Siqueiros tres exposiciones<\/a><\/p>\n<p><a href=\"http:\/\/www.eloriente.net\/home\/2013\/07\/12\/abre-sala-de-arte-publico-siqueiros-tres-exposiciones\/\" rel=\"bookmark\"><img decoding=\"async\" title=\"Abre Sala de Arte P\u00fablico Siqueiros tres exposiciones\" src=\"http:\/\/www.eloriente.net\/home\/wp-content\/themes\/city-desk\/timthumb.php?src=http%3A%2F%2Fwww.eloriente.net%2Fhome%2Fwp-content%2Fuploads%2F2013%2F07%2Fexpo-en-sala-siqueiros-conaculta.jpg&amp;q=90&amp;w=160&amp;h=106&amp;zc=1\" alt=\"Abre Sala de Arte P\u00fablico Siqueiros tres exposiciones\" \/><\/a>eloriente.net\/ Conaculta 12 de julio de 2013 Reinterpretaci\u00f3n de acontecimientos, espacios, objetivos y acci\u00f3n perform\u00e1tica, en las nuevas muestras Desde el 10 de julio la Sala de Arte P\u00fablico Siqueiros (SAPS) ofrece al p\u00fablico tres exhibiciones: Interpretaci\u00f3n del Soneto de las Estrellas (homenaje al poeta puertorrique\u00f1o Esteban Vald\u00e9s), de Jes\u00fas Bubu Negr\u00f3n; R\u00e9quiem, de Emilio [&#8230;]<\/p>\n<p>July 12, 2013<\/p>\n<\/div>\n<\/div>\n<div><\/div>\n<div><\/div>\n\n\t\t\t  <div \n\t\t\t  \tclass = \"fb-comments\" \n\t\t\t  \tdata-href = \"https:\/\/www.eloriente.net\/home\/2013\/11\/05\/8nov-abre-feria-internacional-del-libro-infantil-y-juvenil-con-tema-recomposicion-del-tejido-social\/\"\n\t\t\t  \tdata-numposts = \"10\"\n\t\t\t\tdata-colorscheme = \"dark\"\n\t\t\t\tdata-order-by = \"social\"\n\t\t\t\tdata-mobile=true>\n\t\t\t  <\/div>\n\t\t  <style>\n\t\t\t.fb_iframe_widget_fluid_desktop iframe {\n\t\t\t    width: 100% !important;\n\t\t\t}\n\t\t  <\/style>\n\t\t  ","protected":false},"excerpt":{"rendered":"<p>eloriente.net\/CONACULTA 4 de noviembre de 2013 En el encuentro se realizar\u00e1 el 16 Seminario Internacional de Fomento de la Lectura, con destacados especialistas de Argentina, Brasil, Canad\u00e1, Colombia, Espa\u00f1a, Estados Unidos, Francia y M\u00e9xico Habr\u00e1 actividades en honor a reconocidos personajes de la cultura mexicana como Mireya Cueto y Jorge Ibarg\u00fcengoitia Se instalar\u00e1 una segunda [&hellip;]<\/p>\n","protected":false},"author":1,"featured_media":17315,"comment_status":"open","ping_status":"open","sticky":false,"template":"","format":"standard","meta":{"_jetpack_memberships_contains_paid_content":false,"footnotes":""},"categories":[18,32,10,24,31],"tags":[],"class_list":["post-17314","post","type-post","status-publish","format-standard","has-post-thumbnail","hentry","category-educacion-y-cultura","category-entradas","category-lo-mas-reciente","category-mexico-y-el-mundo","category-principal"],"jetpack_featured_media_url":"https:\/\/www.eloriente.net\/home\/wp-content\/uploads\/2013\/11\/Atribucio\u0301n-Algunos-derechos-reservados-por-jorgemejia-LIBROS.jpg","jetpack_sharing_enabled":true,"_links":{"self":[{"href":"https:\/\/www.eloriente.net\/home\/wp-json\/wp\/v2\/posts\/17314"}],"collection":[{"href":"https:\/\/www.eloriente.net\/home\/wp-json\/wp\/v2\/posts"}],"about":[{"href":"https:\/\/www.eloriente.net\/home\/wp-json\/wp\/v2\/types\/post"}],"author":[{"embeddable":true,"href":"https:\/\/www.eloriente.net\/home\/wp-json\/wp\/v2\/users\/1"}],"replies":[{"embeddable":true,"href":"https:\/\/www.eloriente.net\/home\/wp-json\/wp\/v2\/comments?post=17314"}],"version-history":[{"count":1,"href":"https:\/\/www.eloriente.net\/home\/wp-json\/wp\/v2\/posts\/17314\/revisions"}],"predecessor-version":[{"id":17316,"href":"https:\/\/www.eloriente.net\/home\/wp-json\/wp\/v2\/posts\/17314\/revisions\/17316"}],"wp:featuredmedia":[{"embeddable":true,"href":"https:\/\/www.eloriente.net\/home\/wp-json\/wp\/v2\/media\/17315"}],"wp:attachment":[{"href":"https:\/\/www.eloriente.net\/home\/wp-json\/wp\/v2\/media?parent=17314"}],"wp:term":[{"taxonomy":"category","embeddable":true,"href":"https:\/\/www.eloriente.net\/home\/wp-json\/wp\/v2\/categories?post=17314"},{"taxonomy":"post_tag","embeddable":true,"href":"https:\/\/www.eloriente.net\/home\/wp-json\/wp\/v2\/tags?post=17314"}],"curies":[{"name":"wp","href":"https:\/\/api.w.org\/{rel}","templated":true}]}}