{"id":17318,"date":"2013-11-05T00:01:42","date_gmt":"2013-11-05T06:01:42","guid":{"rendered":"http:\/\/www.eloriente.net\/home\/?p=17318"},"modified":"2013-11-04T19:09:29","modified_gmt":"2013-11-05T01:09:29","slug":"gobierno-de-argentina-da-a-conocer-listas-negras-de-la-dictadura-julio-cortazar-en-la-lista","status":"publish","type":"post","link":"https:\/\/www.eloriente.net\/home\/2013\/11\/05\/gobierno-de-argentina-da-a-conocer-listas-negras-de-la-dictadura-julio-cortazar-en-la-lista\/","title":{"rendered":"Gobierno de Argentina da a conocer \u00ablistas negras\u00bb de la dictadura; Julio Cort\u00e1zar en la lista"},"content":{"rendered":"<p>eloriente.net\/Visi\u00f3n Siete<\/p>\n<p>4 de noviembre de 2013<\/p>\n<p>Este es el momento en que la televisi\u00f3n argentina se enlaza al anuncio del Ministro de Defensa, Agust\u00edn Rossi, de lo que el propio gobierno denomina \u00abhist\u00f3rico hallazgo\u00bb de documentos de la \u00faltima dictadura de ese pa\u00eds.<br \/>\n<iframe loading=\"lazy\" src=\"\/\/www.youtube.com\/embed\/bJLpPzpLrrk\" frameborder=\"0\" width=\"420\" height=\"315\"><\/iframe><\/p>\n<div id=\"copete_amp\">El ministro de Defensa, Agust\u00edn Rossi, revel\u00f3 que el jueves \u00faltimo el jefe de la Fuerza A\u00e9rea, brigadier Mario Callejo, le comunic\u00f3 que en tareas de limpieza del subsuelo del Edificio C\u00f3ndor se hallaron 1.500 documentos, entre los cuales tambi\u00e9n figuran las listas negras y el caso Papel Prensa.<\/div>\n<div id=\"cuerpo_amp\">\n<p>En los documentos encontrados figura un plan de acci\u00f3n de gobierno de las Juntas Militares que abarcaba hasta el a\u00f1o 2000,\u00a0 y actas que dejan clara constancia de la relaci\u00f3n entre la venta de Papel Prensa y la\u00a0 desaparici\u00f3n de su propietario,\u00a0 David Graiver.<\/p>\n<p>Se hallaron documentos donde los altos mandos de las fuerzas de entonces debat\u00edan sobre el tratamiento que deb\u00eda darse al tema \u00abdesaparecidos\u00bb tanto a nivel de opini\u00f3n p\u00fablica, como de los familiares que buscaban a los desparecidos y ante los organismos internacionales.<\/p>\n<p>Tambi\u00e9n se encontr\u00f3 la lista negra de artistas, intelectuales y comunicadores que se hab\u00eda elaborado en la dictadura y los debates sobre el proyecto de decreto de Ley de Radiodifusi\u00f3n.<\/p>\n<p>Asimismo se hall\u00f3\u00a0 el libro de Mesa de Entradas donde figuran los movimientos de visitas, entre los que se incluye la constancia de la consulta que hizo\u00a0 Hebe de Bonafini sobre la desaparici\u00f3n de sus hijos.<\/p>\n<p>El ministro de Defensa, Agust\u00edn Rossi, anunci\u00f3 en las sede de su cartera en conferencia de prensa que en el subsuelo del edificio C\u00f3ndor, sede del comando en jefe de la Fuerza A\u00e9rea, durante una tarea de limpieza se hall\u00f3 \u00abdocumentaci\u00f3n que podr\u00eda ser sensible del per\u00edodo del \u00faltima dictadura\u00bb que fue analizada durante todo el fin de semana por juristas y expertos en derechos humanos.<\/p>\n<p>Precis\u00f3 que se encontraron 1.500 unidades en biblioratos \u00abcon much\u00edsima documentaci\u00f3n\u00bb que estaban guardadas en dos cajas fuertes, un armario y una estanter\u00eda en ese subsuelo de tres metros de ancho por dos de alto.<\/p>\n<p>\u00abLlegamos a esta documentaci\u00f3n por la informaci\u00f3n que nos dio el jefe de la Fuerza A\u00e9rea\u00bb actual., destac\u00f3 Rossi sobre el hallazgo de los documentos que permanecieron ocultos tras 30 a\u00f1os de democracia.<\/p>\n<p>\u00abEncontramos 6 carpetas originales de las actas de las Juntas Militares, todas las actas secretas desde el 24 de marzo del 76 hasta el 10 de diciembre del 83 con cronologia de cada uno y los originales firmados por los secretarios generales de cada fuerza\u00bb, revel\u00f3 Rossi. \u00abCada carpeta incluye una planilla con los temas que se trataban y se analizaban y las posiciones de cada fuerza, un total de 280 actas originales\u00bb, agreg\u00f3<\/p>\n<p>Las actas \u00abest\u00e1n ordenadas y tienen \u00edndice tem\u00e1tico\u00bb.Tambi\u00e9n se hallaron documentos de la Comisi\u00f3n de Asesoramiento Legislativo (CAL) de la dictadura..<\/p>\n<p>Hay gr\u00e1ficos sobre \u00abuna hip\u00f3tesis de plan de gobierno\u00bb de la dictadura con \u00abun escenario que llegaba al a\u00f1o 2000\u00bb. Otro documento encontrado es una comisi\u00f3n de la Asociaci\u00f3n de Bancos Argentinos (ADEBA) de aportes al esquema del proyecto militar, destac\u00f3.<\/p>\n<p>Se halaron \u00ab13 actass originales de la cjunta sobre caso Papel Prensa con un\u00a0 seruimiento exaustivo: 12 est\u00e1n fechadas entre el 15 de setiembre del\u00a0 76 y 1 de diciembre\u00a0 del 77 \u00ablo que demuestra que el tema era de discusi\u00f3n permanente en las Juntas\u00bb, precis\u00f3 Rossi.<\/p>\n<p>Ley de radio difusi\u00f3n: la ley que la corte delcaro constitucional remplazas la de la dictadura decreto ley sancionado el 16 de setiembre de 1980 . el tema tambi\u00e9n encontr\u00f3 oposiciones en los debates en las reuniones de la junta militar.<\/p>\n<p>Se encontr\u00f3 \u00abel acta institucional del 24 de junio del 76 donde dice que la Junta de gobierno se adjudica facultad de considerar la conducta de las personas que hayan ocasionado perjuicios\u00a0 a los intereses de la naci\u00f3n, y que se sancionar\u00e1n con la\u00a0 p\u00e9rdida derechos pol\u00edticos y gremiales, hasta la expulsi\u00f3n del\u00a0 pa\u00eds \u00aby la internaci\u00f3n en el lugar que determine el Poder Ejecutivo Nacional\u00bb.<br \/>\n<strong>Detalles del hallazgo<\/strong><\/p>\n<p>-Las carpetas originales de las actas secretas encontradas est\u00e1n fechadas entre el 24 de marzo de 1976 y el 10 de diciembre de 1983 y son las originales firmadas por los secretarios generales de cada una de las Fuerzas Armadas de ese per\u00edodo.<\/p>\n<p>-Cada carpeta incluye una planilla de temas que se trataban, las posiciones que ten\u00eda cada una de las Fuerzas, clasificadas en 280 actas originales agrupadas en carpetas, con un \u00edndice tem\u00e1tico de las actas.<\/p>\n<p>-Rossi sostuvo que \u00abes la primera vez que se tiene acceso a una documentaci\u00f3n integrada de este per\u00edodo en su versi\u00f3n original, con toda la ventaja que significa que est\u00e9 ordenada con una clasificaci\u00f3n previa, producto del \u00f3rden cronol\u00f3gico\u00bb.<\/p>\n<p>-Se encontraron tambi\u00e9n documentos de la CAL (Comisi\u00f3n de Asesoramiento Legislativo) y documentos que daban sustento doctrinario al proceso; entre ellos, una hip\u00f3tesis de plan de gobierno que consta de dos partes: la etapa fundacional hasta cerca de los a\u00f1os &#8217;90, y la denominada \u00abnueva rep\u00fablica\u00bb hasta cerca del a\u00f1o 2000.<\/p>\n<p>-Asimismo se encontr\u00f3 una comunicaci\u00f3n de la Asociaci\u00f3n de Bancos Argentinos en los cuales se registran aportes econ\u00f3micos a la Junta; \u00abesto es evidencia de que no fue s\u00f3lo un golpe militar sino un golpe c\u00edvico-militar\u00bb, asegur\u00f3 Rossi.<\/p>\n<p>-Se descubrieron libros de mesa de entrada, donde cualquier comunicaci\u00f3n enviada hacia la Junta y emitida por la misma quedaba asentada, entre los que se encontr\u00f3, por ejemplo, el pedido de aparici\u00f3n de los hijos de Hebe de Bonafini.<\/p>\n<p>-Una carpeta que analiza las listas negras de intelectuales, comunicadores y artistas, con distintos niveles de prohibici\u00f3n en cuanto a su desenvolvimiento. Estas listas estaban calificadas de F1 a F4 seg\u00fan el grado te\u00f3rico de peligrosidad, y contenian, al 31 de enero de 1980, 331 personas. Para el 20 de octubre de 1982 la lista hab\u00eda descendido a 153, producto de la desaparici\u00f3n o exilio de muchos de ellos.<\/p>\n<p>-En las listas negras figuraban, entre otros: Norma Aleandro; Emilio Alfar; H\u00e9ctor Alterio; Osvaldo Bayer; Norman Briski; Julio Cort\u00e1zar; Rogelio Garc\u00eda Lupo; Horacio Guaran\u00ed; V\u00edctor Heredia; Federico Luppi; Osvalro Pugliese; Rodolfo Puiggr\u00f3s; Marilina Ross; Mercedes Sosa; y Mar\u00eda Elena Walsh.<\/p>\n<p><strong>Tratamiento medi\u00e1tico del tema desaparecidos<\/strong><\/p>\n<p>-Entre la documentaci\u00f3n se encotraron actas referentes al tratamiento medi\u00e1tico que deb\u00edan tener los altos rangos consultados sobre el tema; entre otros se recomendaba el uso de eufemismos tales como \u00abaveriguaci\u00f3n de paradero\u00bb.<\/p>\n<p>-Se tratan cuestiones como la respuesta a los requerimientos de organismos internacionales (como la visita de la Comisi\u00f3n de Derechos Humanos en el 79) y el pedido de familiares de desaparecidos.<\/p>\n<p>&#8211; Se encontr\u00f3 el acta institucional del 24 de junio del &#8217;76 donde la Junta se adjudica \u00abla facultad de considerar la conducta de las personas que hayan ocasionado perjuicios a los intereses de la naci\u00f3n\u00bb y que se sancionar\u00e1n con a p\u00e9rdida de derechos pol\u00edticos y gremiales, hasta la expulsi\u00f3n del pa\u00eds y la \u00abinternaci\u00f3n en el lugar que determine el Poder Ejecutivo Nacional\u00bb.<\/p>\n<p>-El acta N\u00b0 130 del 11 de marzo del &#8217;80 decide reemplazar el uso de \u00abpersona desaparecida\u00bb por \u00abpedido de paradero\u00bb de esa persona.<\/p>\n<p><strong>Ley de Radiodifusi\u00f3n y Papel Prensa<\/strong><\/p>\n<p>&#8211; Rossi destac\u00f3 que \u00aben las actas se puede rastrear el tema dentro de lo que eran los debates de la junta y el tratamiento que se le dio a distintas empresas durante el proceso y la dictadura; entre ellos memorias y balances de Aerol\u00edneas, y la nacionalizaci\u00f3n del grupo Aluar, entre otras\u00bb.<\/p>\n<p>&#8211; En cuanto al caso Papel Prensa y la detenci\u00f3n de la familia Graiver, Rossi detall\u00f3 que se encontraron 13 actas originales donde se realiza un seguimiento del tema entre el 15 de septiembre del &#8217;76 y el 1 de diciembre del &#8217;77 \u00ablo que demuestra que el tema era de discusi\u00f3n permanente en la Junta\u00bb, agreg\u00f3 Rossi.<\/p>\n<p>-\u00abEn el acta N\u00b0 19 del &#8217;77 queda claramente demostrado que para la Junta Militar el tratamiento de los arrestos del caso Graiver se analizaba junto con el tema de Papel Prensa\u00bb, subray\u00f3.<\/p>\n<p>&#8211; El acta 14 es la \u00fanica cuya copia est\u00e1 presente en la justicia, donde queda \u00abperfectamente establecido que la Junta autoriza la transferencia del 51% de las acciones a las empresas que tiene el diario Clar\u00edn, la Naci\u00f3n y La Raz\u00f3n\u00bb.<\/p>\n<p>-El anexo N\u00b01 establece que el 49% restante se divida entre los diarios del interior, pero el anexo N\u00b02 suprime esa obligaci\u00f3n.<\/p>\n<p>&#8211; Rossi destac\u00f3 en este sentido que \u00abla cantidad de actas del caso Papel Prensa demuestran que la detenci\u00f3n de la familia Graiver estaba directamente relacionada con la venta de la empresa\u00bb.<\/p>\n<p>Finalmente, Rossi concluy\u00f3 en tres puntos respecto del hallazgo hist\u00f3rico-jur\u00eddico: \u00aben primer lugar, llegamos a esta informaci\u00f3n por la decisi\u00f3n de un Jefe de Estado Mayor de las Fuerzas Armadas, sin la cual nunca hubi\u00e9semos llegado a tener esta informaci\u00f3n\u00bb, explic\u00f3 y agreg\u00f3 que esto \u00abcontribuye a la construcci\u00f3n de una nueva etapa en la que las Fuerzas Armadas est\u00e1n integradas a la sociedad civil\u00bb.<\/p>\n<p>En segundo lugar, el titular de Defensa afirm\u00f3 que \u00bb no hay dudas de que la informaci\u00f3n tiene un valor hist\u00f3rico relevante, y ser\u00e1 decisi\u00f3n de la justicia si esta documentaci\u00f3n tiene, a su vez, valor jur\u00eddico para las distintas causas que se est\u00e1n llevando a los estrados judiciales\u00bb.<\/p>\n<p>En \u00faltimo lugar el funcionario expres\u00f3 una \u00abpalabra de aliento y esperanza\u00bb, porque \u00abtodos mantenemos la expectativa de que pueda seguir existiendo documentaci\u00f3n y este es un elemento que surge, despu\u00e9s de treinta a\u00f1os en su estado original\u00bb.<\/p>\n<p>En ese sentido Rossi inform\u00f3 que firm\u00f3 dos resoluciones tendientes a darle a la Direcci\u00f3n de Derechos Humanos un plazo de seis meses para que clasifique la informaci\u00f3n y a indicarle a los Jefes de las Fuerzas que se intensifiquen las requisas en lugares no habituales a fin de encontrar cualquier documentaci\u00f3n que pueda ayudar en el sentido de seguir descubriendo la verdad.<\/p>\n<p><a href=\"http:\/\/www.prensa.argentina.ar\/2013\/11\/04\/45517-historico-hallazgo-de-documentos-de-la-ultima-dictadura-se-encontraron-actas-sobre-el-tema-desaparecidos-y-los-planes-de-gobierno-de-las-juntas.php\" target=\"_blank\">INFORMACI\u00d3N OFICIAL<\/a><\/p>\n<p><a href=\"http:\/\/www.eloriente.net\/home\/wp-content\/uploads\/2013\/11\/Ministro-Listas-negras-Argentina.png\"><img loading=\"lazy\" decoding=\"async\" class=\"alignnone size-medium wp-image-17319\" title=\"Ministro Listas negras Argentina\" src=\"http:\/\/www.eloriente.net\/home\/wp-content\/uploads\/2013\/11\/Ministro-Listas-negras-Argentina-300x164.png\" alt=\"\" width=\"300\" height=\"164\" srcset=\"https:\/\/www.eloriente.net\/home\/wp-content\/uploads\/2013\/11\/Ministro-Listas-negras-Argentina-300x164.png 300w, https:\/\/www.eloriente.net\/home\/wp-content\/uploads\/2013\/11\/Ministro-Listas-negras-Argentina.png 640w\" sizes=\"(max-width: 300px) 100vw, 300px\" \/><\/a><\/p>\n<p>ANTERIORES:<\/p>\n<p><a title=\"Permalink to Ricardo Adair: El derecho a decidir\" href=\"http:\/\/www.eloriente.net\/home\/2013\/10\/17\/ricardo-adair-el-derecho-a-decidir\/\" rel=\"bookmark\">Ricardo Adair: El derecho a decidir<\/a><\/p>\n<p>eloriente.net 17 de octubre de 2013 El d\u00eda de ayer fue hist\u00f3rico para todas las personas con discapacidad en M\u00e9xico, la Primera Sala de la Suprema Corte de Justicia de la Naci\u00f3n (SCJN) sent\u00f3 un precedente al reconocer que las personas con discapacidad intelectual gozan de derechos como cualquier otra persona, esto a ra\u00edz de [&#8230;]<\/p>\n<p>October 17, 2013<\/p>\n<div id=\"post-16874\">\n<p><a title=\"Permalink to El Caso de Sebasti\u00e1n Furlan vs. Argentina (1a. Parte)\" href=\"http:\/\/www.eloriente.net\/home\/2013\/10\/10\/el-caso-de-sebastian-furlan-vs-argentina-1a-parte\/\" rel=\"bookmark\">El Caso de Sebasti\u00e1n Furlan vs. Argentina (1a. Parte)<\/a><\/p>\n<p><a href=\"http:\/\/www.eloriente.net\/home\/2013\/10\/10\/el-caso-de-sebastian-furlan-vs-argentina-1a-parte\/\" rel=\"bookmark\"><img decoding=\"async\" title=\"El Caso de Sebasti\u00e1n Furlan vs. Argentina (1a. Parte)\" src=\"http:\/\/www.eloriente.net\/home\/wp-content\/themes\/city-desk\/timthumb.php?src=http%3A%2F%2Fwww.eloriente.net%2Fhome%2Fwp-content%2Fuploads%2F2013%2F10%2FBandera-Argentina-Algunos-derechos-reservados-por-quimpg.jpg&amp;q=90&amp;w=160&amp;h=106&amp;zc=1\" alt=\"El Caso de Sebasti\u00e1n Furlan vs. Argentina (1a. Parte)\" \/><\/a>eloriente.net 10 de octubre de 2013 Por: Alejandra Silva Soriano Les voy a platicar de un caso llevado ante la Corte Interamericana de Derechos Humanos, cuya sentencia se emiti\u00f3 el 31 de agosto de 2012 (que por cierto es el d\u00eda de mi cumplea\u00f1os), que representa un claro referente a tener en cuenta en materia [&#8230;]<\/p>\n<p>October 10, 2013<\/p>\n<\/div>\n<div id=\"post-16757\">\n<p><a title=\"Permalink to Las 10+ Vistas de ELORIENTE.NET en Septiembre\/2013\" href=\"http:\/\/www.eloriente.net\/home\/2013\/10\/03\/las-10-vistas-de-eloriente-net-en-septiembre2013\/\" rel=\"bookmark\">Las 10+ Vistas de ELORIENTE.NET en Septiembre\/2013<\/a><\/p>\n<p><a href=\"http:\/\/www.eloriente.net\/home\/2013\/10\/03\/las-10-vistas-de-eloriente-net-en-septiembre2013\/\" rel=\"bookmark\"><img decoding=\"async\" title=\"Las 10+ Vistas de ELORIENTE.NET en Septiembre\/2013\" src=\"http:\/\/www.eloriente.net\/home\/wp-content\/themes\/city-desk\/timthumb.php?src=http%3A%2F%2Fwww.eloriente.net%2Fhome%2Fwp-content%2Fuploads%2F2013%2F10%2FRichard-Kalvar-La-Louvi%C3%A8re-Belgique-1979-%40MaisonEuropeennePhotographie.jpg&amp;q=90&amp;w=160&amp;h=106&amp;zc=1\" alt=\"Las 10+ Vistas de ELORIENTE.NET en Septiembre\/2013\" \/><\/a>eloriente.net 3 de octubre de 2013 Cada mes, El Oriente publicar\u00e1 esta lista de los contenidos m\u00e1s visitados por nuestros usuarios. Esto, para que aquellos que se han perdido una buena recomendaci\u00f3n, una buena nota, tengan la oportunidad de volver sobre ella, aprender, regocijarse, disfrutar. Hay que recordar que el objetivo de El Oriente es [&#8230;]<\/p>\n<p>October 3, 2013<\/p>\n<\/div>\n<\/div>\n<p>&nbsp;<\/p>\n\n\t\t\t  <div \n\t\t\t  \tclass = \"fb-comments\" \n\t\t\t  \tdata-href = \"https:\/\/www.eloriente.net\/home\/2013\/11\/05\/gobierno-de-argentina-da-a-conocer-listas-negras-de-la-dictadura-julio-cortazar-en-la-lista\/\"\n\t\t\t  \tdata-numposts = \"10\"\n\t\t\t\tdata-colorscheme = \"dark\"\n\t\t\t\tdata-order-by = \"social\"\n\t\t\t\tdata-mobile=true>\n\t\t\t  <\/div>\n\t\t  <style>\n\t\t\t.fb_iframe_widget_fluid_desktop iframe {\n\t\t\t    width: 100% !important;\n\t\t\t}\n\t\t  <\/style>\n\t\t  ","protected":false},"excerpt":{"rendered":"<p>eloriente.net\/Visi\u00f3n Siete 4 de noviembre de 2013 Este es el momento en que la televisi\u00f3n argentina se enlaza al anuncio del Ministro de Defensa, Agust\u00edn Rossi, de lo que el propio gobierno denomina \u00abhist\u00f3rico hallazgo\u00bb de documentos de la \u00faltima dictadura de ese pa\u00eds. El ministro de Defensa, Agust\u00edn Rossi, revel\u00f3 que el jueves \u00faltimo [&hellip;]<\/p>\n","protected":false},"author":1,"featured_media":17319,"comment_status":"open","ping_status":"open","sticky":false,"template":"","format":"standard","meta":{"_jetpack_memberships_contains_paid_content":false,"footnotes":""},"categories":[6,32,13,24],"tags":[],"class_list":["post-17318","post","type-post","status-publish","format-standard","has-post-thumbnail","hentry","category-canal-4-especiales","category-entradas","category-especiales","category-mexico-y-el-mundo"],"jetpack_featured_media_url":"https:\/\/www.eloriente.net\/home\/wp-content\/uploads\/2013\/11\/Ministro-Listas-negras-Argentina.png","jetpack_sharing_enabled":true,"_links":{"self":[{"href":"https:\/\/www.eloriente.net\/home\/wp-json\/wp\/v2\/posts\/17318"}],"collection":[{"href":"https:\/\/www.eloriente.net\/home\/wp-json\/wp\/v2\/posts"}],"about":[{"href":"https:\/\/www.eloriente.net\/home\/wp-json\/wp\/v2\/types\/post"}],"author":[{"embeddable":true,"href":"https:\/\/www.eloriente.net\/home\/wp-json\/wp\/v2\/users\/1"}],"replies":[{"embeddable":true,"href":"https:\/\/www.eloriente.net\/home\/wp-json\/wp\/v2\/comments?post=17318"}],"version-history":[{"count":2,"href":"https:\/\/www.eloriente.net\/home\/wp-json\/wp\/v2\/posts\/17318\/revisions"}],"predecessor-version":[{"id":17321,"href":"https:\/\/www.eloriente.net\/home\/wp-json\/wp\/v2\/posts\/17318\/revisions\/17321"}],"wp:featuredmedia":[{"embeddable":true,"href":"https:\/\/www.eloriente.net\/home\/wp-json\/wp\/v2\/media\/17319"}],"wp:attachment":[{"href":"https:\/\/www.eloriente.net\/home\/wp-json\/wp\/v2\/media?parent=17318"}],"wp:term":[{"taxonomy":"category","embeddable":true,"href":"https:\/\/www.eloriente.net\/home\/wp-json\/wp\/v2\/categories?post=17318"},{"taxonomy":"post_tag","embeddable":true,"href":"https:\/\/www.eloriente.net\/home\/wp-json\/wp\/v2\/tags?post=17318"}],"curies":[{"name":"wp","href":"https:\/\/api.w.org\/{rel}","templated":true}]}}