{"id":17333,"date":"2013-11-06T12:32:10","date_gmt":"2013-11-06T18:32:10","guid":{"rendered":"http:\/\/www.eloriente.net\/home\/?p=17333"},"modified":"2013-11-06T12:32:10","modified_gmt":"2013-11-06T18:32:10","slug":"recentralizacion-romanticismos-contra-la-pared","status":"publish","type":"post","link":"https:\/\/www.eloriente.net\/home\/2013\/11\/06\/recentralizacion-romanticismos-contra-la-pared\/","title":{"rendered":"Recentralizaci\u00f3n: romanticismos, contra la pared"},"content":{"rendered":"<p>eloriente.net<\/p>\n<p>6 de noviembre de 2013<\/p>\n<p style=\"text-align: right\"><a href=\"http:\/\/almargenoaxaca.wordpress.com\/author\/almargenoaxaca\/\" target=\"_blank\">Por: Adri\u00e1n Ortiz Romero<\/a><\/p>\n<ul>\n<li>Recentralizaci\u00f3n: romanticismos, contra la pared<\/li>\n<li>Secci\u00f3n 22, con actitud franca de antidemocracia<\/li>\n<\/ul>\n<p>La discusi\u00f3n legislativa sobre la desaparici\u00f3n del Instituto Federal Electoral, y la creaci\u00f3n del Instituto Nacional Electoral, revive la necesidad de discutir nuestro federalismo y las formas tan singulares en que \u00e9ste aparece y se apaga en nuestro sistema pol\u00edtico. Lo inusual es que mientras esta discusi\u00f3n aparenta darse, en los poderes federales se siguen tomando decisiones que lo que buscan es centralizar las decisiones m\u00e1s trascendentales de la vida p\u00fablica nacional.<\/p>\n<p>En efecto, una de esas decisiones es la relativa a la reforma fiscal, que sigue sin dar visos de equidad en el establecimiento y cobro de impuestos. Y otra es la reforma educativa de la que \u2013es necesario decirlo- el proceso de recentralizaci\u00f3n se da en buena medida gracias a la incapacidad de los estados para regir ese tema, pero tambi\u00e9n de las \u201caportaciones\u201d que hacen a ello grupos de presi\u00f3n como la Secci\u00f3n 22 del SNTE. \u00bfDe qu\u00e9 hablamos?<\/p>\n<p>De que se supone que la Rep\u00fablica Mexicana est\u00e1 conformada bajo la forma de una federaci\u00f3n de estados que se supone que se unen para formar un ente de gobierno superior que les procure las condiciones necesarias a cada una de esas partes integrantes, para lograr un gobierno y un desarrollo parejo, que les d\u00e9 a los habitantes de todas las entidades federativas, mejores condiciones de vida. En esa l\u00f3gica, se supone que tanto los deberes como los derechos deber\u00edan ser equitativos entre todos los estados que formaron la federaci\u00f3n. En M\u00e9xico ese modelo ha variado de muchas formas a lo largo de las \u00faltimas d\u00e9cadas. Pero lo que queda claro es que ninguna de esas variaciones ha tenido como finalidad procurar un federalismo real en nuestro pa\u00eds.<\/p>\n<p>La cuesti\u00f3n fiscal es una muestra simple de ese federalismo simulado. Oaxaca, por ejemplo, depende en alrededor del 95 por ciento de los recursos que le env\u00eda la federaci\u00f3n debido a dos razones fundamentales: primera, a que nuestra entidad no tiene capacidad para generar la riqueza suficiente que a su vez estimule una recaudaci\u00f3n provechosa; y segunda, porque en nuestro singular sistema pol\u00edtico no se ha procurado ni siquiera algo cercano a un desarrollo m\u00e1s o menos equitativo de todas las partes que integran la federaci\u00f3n. En esa din\u00e1mica, somos dependientes de la federaci\u00f3n porque no podemos recaudar lo suficiente; y lo seguiremos siendo porque no tenemos expectativas de incrementar esa recaudaci\u00f3n porque no hay forma de que existan condiciones distintas que detonen el desarrollo de nuestra entidad.<\/p>\n<p>Por si eso no fuera suficiente, hoy en d\u00eda seguimos viendo que la tendencia va para distintos rumbos, pero no hacia un equilibrio en la recaudaci\u00f3n de impuestos. \u00bfPor qu\u00e9 la federaci\u00f3n tiene una recaudaci\u00f3n tan importante, que contrasta con los baj\u00edsimos niveles de captaci\u00f3n de impuestos que tienen las entidades federativas, y ya no digamos los municipios?<\/p>\n<p>La respuesta es sencilla: porque desde hace d\u00e9cadas la federaci\u00f3n ha concentrado el cobro de los impuestos m\u00e1s importantes, y ha dejado a las entidades federativas el cobro de los impuestos m\u00e1s intrascendentes o los m\u00e1s impopulares, y con ello ha vuelto casi testimonial la capacidad recaudadora de muchas entidades federativas, pero con mayor fuerza la de entidades como Oaxaca que adem\u00e1s de todo eso no tienen un universo amplio a qui\u00e9n cobrarle esos pocos impuestos.<\/p>\n<p>El caso de los municipios es m\u00e1s dram\u00e1tico, pues a ellos s\u00f3lo les ha dejado el cobro del impuesto predial y el cobro de algunos servicios y licencias que hace que la gran mayor\u00eda de los municipios del pa\u00eds tambi\u00e9n dependan de los recursos federales. No es el momento de hablar sobre si los estados y municipios pueden recaudar m\u00e1s. M\u00e1s bien, llama la atenci\u00f3n que en un momento en el que se supone que debe revivir el debate sobre el federalismo, tenemos ejemplos brutales de c\u00f3mo ese federalismo no se cumple ni se observa en otros \u00e1mbitos, y de c\u00f3mo todos lo asumimos como si fuera cosa de nada.<\/p>\n<p>\u00a1GRACIAS, MAESTROS!<\/p>\n<p>Ayer, TIEMPO daba cuenta de que el dirigente de la Secci\u00f3n 22 del SNTE, Rub\u00e9n N\u00fa\u00f1ez Ginez, anunci\u00f3 que el gremio magisterial oaxaque\u00f1o no permitir\u00e1 que la Secretar\u00eda de Educaci\u00f3n P\u00fablica tome el control del pago de la n\u00f3mina a los maestros en Oaxaca, y que presionar\u00e1n para que siga siendo el Instituto Estatal de Educaci\u00f3n P\u00fablica de Oaxaca quien funja como administrador de los recursos federales para el pago de la n\u00f3mina magisterial.<\/p>\n<p>Su decisi\u00f3n parece rebelde y quiz\u00e1 hasta justa pero \u00bfrecordamos por qu\u00e9 el gobierno federal decidi\u00f3 reasumir la responsabilidad del pago de toda la n\u00f3mina magisterial en el pa\u00eds? S\u00ed, lo hizo porque hoy en d\u00eda tiene claro que la descentralizaci\u00f3n educativa en el pa\u00eds fue un fracaso.<\/p>\n<p>Es decir, que las entidades federativas no tuvieron la madurez y la responsabilidad para manejar de forma correcta la relaci\u00f3n con las fuerzas sindicales y los recursos destinados para la educaci\u00f3n. Y que en casos como Oaxaca, la Federaci\u00f3n intenta tomar el control de la n\u00f3mina magisterial en buena medida para aminorar con bases s\u00f3lidas la feroz influencia y determinancia que tiene el sindicato magisterial sobre sus agremiados, y el medio de control (de premio y castigo) en que ha convertido el tema salarial a cambio no de su productividad, sino de su participaci\u00f3n y disciplina en las actividades sindicales.<\/p>\n<p>En este sentido, la Secci\u00f3n 22 no puede apartarse de la responsabilidad que tiene en esta decisi\u00f3n, y asumir que su democracia sirve \u00fanicamente para sus intereses. Porque es cierto, lo democr\u00e1tico y federalista debiera ser que Oaxaca manejara sus propios recursos que le corresponden para la educaci\u00f3n. Pero de ser as\u00ed deber\u00eda hacerlo no en las condiciones actuales ni bajo las presiones que ejerce el propio magisterio. Queda claro que si hoy estamos ante otro rasgo de federalismo simulado, y de centralizaci\u00f3n que se hace a la vista de todos pero que todos aparentan no ver, es no s\u00f3lo gracias a la debilidad de los estados sino tambi\u00e9n a la voracidad y la irresponsabilidad de gremios y grupos de presi\u00f3n que, como la Secci\u00f3n 22, nunca alcanzaron a entender que hasta sus luchas y sus intereses, para seguir vigentes, deb\u00edan tener ciertos l\u00edmites. No los respetaron, y por eso todos vamos en la ruta de la recentralizaci\u00f3n de temas que deber\u00edan ser propios de nuestro federalismo.<\/p>\n<p>EL IEEPCO<\/p>\n<p>Por cierto, mientras hablan de la urgencia del INE, aqu\u00ed el IEEPCO con sus conflictos, regala argumentos y razones para la desaparici\u00f3n de los institutos electorales locales. Pat\u00e9tico.<\/p>\n<p><a href=\"http:\/\/www.eloriente.net\/home\/wp-content\/uploads\/2013\/09\/Bandera-M\u00e9xico-httpcreativecommons.orglicensesby-sa2.0.jpg\"><img loading=\"lazy\" decoding=\"async\" class=\"alignnone size-medium wp-image-16434\" src=\"http:\/\/www.eloriente.net\/home\/wp-content\/uploads\/2013\/09\/Bandera-M\u00e9xico-httpcreativecommons.orglicensesby-sa2.0-300x200.jpg\" alt=\"\" width=\"300\" height=\"200\" srcset=\"https:\/\/www.eloriente.net\/home\/wp-content\/uploads\/2013\/09\/Bandera-M\u00e9xico-httpcreativecommons.orglicensesby-sa2.0-300x200.jpg 300w, https:\/\/www.eloriente.net\/home\/wp-content\/uploads\/2013\/09\/Bandera-M\u00e9xico-httpcreativecommons.orglicensesby-sa2.0.jpg 1024w\" sizes=\"(max-width: 300px) 100vw, 300px\" \/><\/a><\/p>\n<p>Bandera M\u00e9xico httpcreativecommons.orglicensesby-sa2.0<\/p>\n<p><a title=\"Permalink to Se acab\u00f3 la \u2018luna de miel\u2019 para el Presidente\" href=\"http:\/\/www.eloriente.net\/home\/2013\/11\/02\/se-acabo-la-luna-de-miel-para-el-presidente\/\" rel=\"bookmark\">Se acab\u00f3 la \u2018luna de miel\u2019 para el Presidente<\/a><\/p>\n<p><a href=\"http:\/\/www.eloriente.net\/home\/2013\/11\/02\/se-acabo-la-luna-de-miel-para-el-presidente\/\" rel=\"bookmark\"><img decoding=\"async\" src=\"http:\/\/www.eloriente.net\/home\/wp-content\/themes\/city-desk\/timthumb.php?src=http%3A%2F%2Fwww.eloriente.net%2Fhome%2Fwp-content%2Fuploads%2F2012%2F09%2Fpe%C3%B1a-nieto.jpeg&amp;q=90&amp;w=160&amp;h=106&amp;zc=1\" alt=\"Se acab\u00f3 la \u2018luna de miel\u2019 para el Presidente\" \/><\/a><\/p>\n<p>eloriente.net 2 de noviembre de 2013 Por: Adri\u00e1n Ortiz Romero Nada tiene de extra\u00f1o que un Presidente comience su proceso de desgaste desde el primer d\u00eda de su mandato. M\u00e1s bien, las dos preguntas que ser\u00eda interesante responder a partir de la experiencia de cada Mandatario son, primero, cu\u00e1nto tiempo dura lo que se conoce [&#8230;]<\/p>\n<p>November 2, 2013<\/p>\n<div>\n<p><a title=\"Permalink to Goles del M\u00e9xico vs. Brasil Sub-17 y Lista de Convocados de Selecci\u00f3n Mayor\" href=\"http:\/\/www.eloriente.net\/home\/2013\/11\/02\/goles-del-mexico-vs-brasil-sub-17-y-lista-de-convocados-de-seleccion-mayor\/\" rel=\"bookmark\">Goles del M\u00e9xico vs. Brasil Sub-17 y Lista de Convocados de Selecci\u00f3n Mayor<\/a><\/p>\n<p><a href=\"http:\/\/www.eloriente.net\/home\/2013\/11\/02\/goles-del-mexico-vs-brasil-sub-17-y-lista-de-convocados-de-seleccion-mayor\/\" rel=\"bookmark\"><img decoding=\"async\" src=\"http:\/\/www.eloriente.net\/home\/wp-content\/themes\/city-desk\/timthumb.php?src=http%3A%2F%2Fwww.eloriente.net%2Fhome%2Fwp-content%2Fuploads%2F2013%2F11%2FGUDIN%CC%83O-me%CC%81xico-011113.jpg&amp;q=90&amp;w=160&amp;h=106&amp;zc=1\" alt=\"Goles del M\u00e9xico vs. Brasil Sub-17 y Lista de Convocados de Selecci\u00f3n Mayor\" \/><\/a>eloriente.net\/FEMEXFUT 2 de noviembre de 2013 Cuartos de Final de la Copa Mundial Sub-17 de la FIFA EAU 2013 Viernes 1 de noviembre de 2013 Brasil 1-1 M\u00e9xico Brasil 10-11 M\u00e9xico Estadio: Rashid 20:00 hrs. (L) 10:00 hrs. (CM) La Selecci\u00f3n Nacional de M\u00e9xico Sub 17 sac\u00f3 el car\u00e1cter y el buen f\u00fatbol en la [&#8230;]<\/p>\n<p>November 2, 2013<\/p>\n<\/div>\n<div>\n<p><a title=\"Permalink to IFE acuerda que datos de domicilio en credencial para votar est\u00e9n \u2018cifrados\u2019\" href=\"http:\/\/www.eloriente.net\/home\/2013\/10\/24\/ife-acuerda-que-datos-de-domicilio-en-credencial-para-votar-esten-cifrados\/\" rel=\"bookmark\">IFE acuerda que datos de domicilio en credencial para votar est\u00e9n \u2018cifrados\u2019<\/a><\/p>\n<p><a href=\"http:\/\/www.eloriente.net\/home\/2013\/10\/24\/ife-acuerda-que-datos-de-domicilio-en-credencial-para-votar-esten-cifrados\/\" rel=\"bookmark\"><img decoding=\"async\" src=\"http:\/\/www.eloriente.net\/home\/wp-content\/themes\/city-desk\/timthumb.php?src=http%3A%2F%2Fwww.eloriente.net%2Fhome%2Fwp-content%2Fuploads%2F2013%2F10%2FIFE-oficial-eloriente.net_.jpg&amp;q=90&amp;w=160&amp;h=106&amp;zc=1\" alt=\"IFE acuerda que datos de domicilio en credencial para votar est\u00e9n \u2018cifrados\u2019\" \/><\/a>eloriente.net\/IFE 24 de octubre de 2013 Se aprueban modificaciones legales a los estatutos del Partido Acci\u00f3n Nacional El Consejo General del Instituto Federal Electoral (IFE), en sesi\u00f3n extraordinaria, aprob\u00f3 por seis votos a favor y dos en contra -de la Consejera Electoral Mar\u00eda Marv\u00e1n y el Consejero Lorenzo C\u00f3rdova-, que la calle, n\u00famero exterior y [&#8230;]<\/p>\n<p>October 24, 2013<\/p>\n<\/div>\n\n\t\t\t  <div \n\t\t\t  \tclass = \"fb-comments\" \n\t\t\t  \tdata-href = \"https:\/\/www.eloriente.net\/home\/2013\/11\/06\/recentralizacion-romanticismos-contra-la-pared\/\"\n\t\t\t  \tdata-numposts = \"10\"\n\t\t\t\tdata-colorscheme = \"dark\"\n\t\t\t\tdata-order-by = \"social\"\n\t\t\t\tdata-mobile=true>\n\t\t\t  <\/div>\n\t\t  <style>\n\t\t\t.fb_iframe_widget_fluid_desktop iframe {\n\t\t\t    width: 100% !important;\n\t\t\t}\n\t\t  <\/style>\n\t\t  ","protected":false},"excerpt":{"rendered":"<p>eloriente.net 6 de noviembre de 2013 Por: Adri\u00e1n Ortiz Romero Recentralizaci\u00f3n: romanticismos, contra la pared Secci\u00f3n 22, con actitud franca de antidemocracia La discusi\u00f3n legislativa sobre la desaparici\u00f3n del Instituto Federal Electoral, y la creaci\u00f3n del Instituto Nacional Electoral, revive la necesidad de discutir nuestro federalismo y las formas tan singulares en que \u00e9ste aparece [&hellip;]<\/p>\n","protected":false},"author":2,"featured_media":16434,"comment_status":"open","ping_status":"open","sticky":false,"template":"","format":"standard","meta":{"_jetpack_memberships_contains_paid_content":false,"footnotes":""},"categories":[38,11,71,32,10,24],"tags":[],"class_list":["post-17333","post","type-post","status-publish","format-standard","has-post-thumbnail","hentry","category-adrian-ortiz-romero","category-colaboradores","category-elecciones","category-entradas","category-lo-mas-reciente","category-mexico-y-el-mundo"],"jetpack_featured_media_url":"https:\/\/www.eloriente.net\/home\/wp-content\/uploads\/2013\/09\/Bandera-M\u00e9xico-httpcreativecommons.orglicensesby-sa2.0.jpg","jetpack_sharing_enabled":true,"_links":{"self":[{"href":"https:\/\/www.eloriente.net\/home\/wp-json\/wp\/v2\/posts\/17333"}],"collection":[{"href":"https:\/\/www.eloriente.net\/home\/wp-json\/wp\/v2\/posts"}],"about":[{"href":"https:\/\/www.eloriente.net\/home\/wp-json\/wp\/v2\/types\/post"}],"author":[{"embeddable":true,"href":"https:\/\/www.eloriente.net\/home\/wp-json\/wp\/v2\/users\/2"}],"replies":[{"embeddable":true,"href":"https:\/\/www.eloriente.net\/home\/wp-json\/wp\/v2\/comments?post=17333"}],"version-history":[{"count":2,"href":"https:\/\/www.eloriente.net\/home\/wp-json\/wp\/v2\/posts\/17333\/revisions"}],"predecessor-version":[{"id":17335,"href":"https:\/\/www.eloriente.net\/home\/wp-json\/wp\/v2\/posts\/17333\/revisions\/17335"}],"wp:featuredmedia":[{"embeddable":true,"href":"https:\/\/www.eloriente.net\/home\/wp-json\/wp\/v2\/media\/16434"}],"wp:attachment":[{"href":"https:\/\/www.eloriente.net\/home\/wp-json\/wp\/v2\/media?parent=17333"}],"wp:term":[{"taxonomy":"category","embeddable":true,"href":"https:\/\/www.eloriente.net\/home\/wp-json\/wp\/v2\/categories?post=17333"},{"taxonomy":"post_tag","embeddable":true,"href":"https:\/\/www.eloriente.net\/home\/wp-json\/wp\/v2\/tags?post=17333"}],"curies":[{"name":"wp","href":"https:\/\/api.w.org\/{rel}","templated":true}]}}