{"id":17336,"date":"2013-11-06T12:45:42","date_gmt":"2013-11-06T18:45:42","guid":{"rendered":"http:\/\/www.eloriente.net\/home\/?p=17336"},"modified":"2013-11-06T12:45:42","modified_gmt":"2013-11-06T18:45:42","slug":"el-problema-de-la-educacion-va-de-la-mano-con-el-de-la-cultura-garcia-bergua","status":"publish","type":"post","link":"https:\/\/www.eloriente.net\/home\/2013\/11\/06\/el-problema-de-la-educacion-va-de-la-mano-con-el-de-la-cultura-garcia-bergua\/","title":{"rendered":"El problema de la educaci\u00f3n va de la mano con el de la cultura: Garc\u00eda Bergua"},"content":{"rendered":"<p>eloriente.net\/<a href=\"http:\/\/agencian22.blogspot.mx\/\" target=\"_blank\">Agencia de Noticias de Canal 22<\/a><\/p>\n<p>6 de noviembre de 2013<\/p>\n<p style=\"text-align: right;\">Por:\u00a0<strong>Alizbeth Mercado\u00a0<\/strong><strong>@alizbeat<\/strong><\/p>\n<div><strong>CIUDAD DE M\u00c9XICO, M\u00e9xico, (N22).-<\/strong>\u00a0Pienso que sigue siendo necesario apoyar a los creadores, a los j\u00f3venes y es necesario el sistema de becas, porque no tenemos un sistema que haya creado p\u00fablicos que sostengan ese trabajo. De alguna manera si quitas lo est\u00edmulos quitas gran parte del trabajo cultural que se est\u00e1 haciendo y es parte del Producto Interno Bruto (PIB). No es tan f\u00e1cil s\u00f3lo decir \u201cles cortamos los apoyos y que se rasquen con sus u\u00f1as\u201d, porque finalmente el problema de la educaci\u00f3n va de la mano con el de la cultura, explic\u00f3 para\u00a0<strong>Agencia N22<\/strong>, la escritora Ana Garc\u00eda Bergua.<\/div>\n<div><\/div>\n<div>Garc\u00eda Bergua obtuvo el\u00a0\u00a0Premio de Literatura Sor Juan In\u00e9s de la Cruz por su novela\u00a0<em>La bomba de San Jos\u00e9<\/em>, inform\u00f3 la Feria Internacional del Libro de Guadalajara (FIL).<\/div>\n<div><\/div>\n<div>En un comunicado el jurado reconoci\u00f3 que el texto gan\u00f3 por ser \u201cuna novela subversiva que arroja una mirada ir\u00f3nica y aguda sobre toda una \u00e9poca, la de los a\u00f1os sesenta, que cambi\u00f3 el mundo de las mujeres\u201d. El premio se entrega desde 1993 al trabajo de literatas hispanas.<\/div>\n<div><em><br \/>\n<\/em><\/div>\n<div><em>La bomba de San Jos\u00e9<\/em>\u00a0se public\u00f3 en 2012 en coedici\u00f3n por ERA y la Direcci\u00f3n de Literatura de la UNAM. La narraci\u00f3n se sit\u00faa en los a\u00f1os 60 en la Ciudad de M\u00e9xico, \u201ces un divertido retrato de una \u00e9poca, en la que se dio un cambio de valores en la clase media mexicana ilustrada\u201d, declar\u00f3 para el diario\u00a0<em>La Jornada<\/em>.<\/div>\n<div><\/div>\n<div>Al respecto de la declaraci\u00f3n \u00a0del jurado sobre la novela, Bergua coment\u00f3 que los cambios en la sociedad mexicana de la segunda mitad del siglo XX, tienen la suficiente vigencia y relevancia en nuestra perspectiva actual.<\/div>\n<div><\/div>\n<div>\u201cHa cambiado much\u00edsimo la vida\u00a0 a partir de los 60, creo que ustedes los j\u00f3venes no se pueden dar cuenta del alcance que ha tenido la liberaci\u00f3n sexual, liberaci\u00f3n de la mujer, la participaci\u00f3n de los j\u00f3venes en la sociedad, la apertura democr\u00e1tica. Son muchos cambios e incluso la existencia de un medio cultural para las clases medias, hubo cineclubes, surgieron galer\u00edas y con un p\u00fablico m\u00e1s joven de ruptura. Fue un cambio muy grande que se fue asimilando con m\u00e1s tiempo y por otro lado, la represi\u00f3n fue un empuj\u00f3n que hizo que cambiara mucho la sociedad\u201d.<\/div>\n<div><\/div>\n<div>Otro aspecto que hizo ganar a la novela fue \u00a0su car\u00e1cter hilarante. Ana jug\u00f3 con las poses de la clase ilustrada, con los intelectuales \u201cporque era un medio entra\u00f1able lo viv\u00ed en mi infancia toda la gente empe\u00f1ada con hacer cine, escribir, hacer teatro romper tambi\u00e9n los esquemas y es entra\u00f1able una fiesta de la que yo tengo memoria\u201d.<\/div>\n<div><\/div>\n<div>Asimismo, en la misma nota de \u00a0<em>La Jornada \u00a0<\/em>Ana dijo que entre la historia de los protagonistas Hugo, Maite y su crisis matrimonial se esconde el capricho de un familiar del \u201cSe\u00f1or Presidente\u201d, entonces la novela resulta \u201cun retrato un poco grotesco del Partido Revolucionario Institucional (PRI)\u201d.<\/div>\n<div><\/div>\n<div>El PRI gobernaba en los a\u00f1os 60 y tras 12 a\u00f1os de alternancia pol\u00edtica regres\u00f3 con Enrique Pe\u00f1a, para Bergua resulta parad\u00f3jico. Ayer estaba oyendo \u201cEl weso\u201d y hablaban de los funcionarios de ahora que son del pasado, regresaron de \u00e9poca del PRI y me da risa que finalmente s\u00ed \u00a0es un orden de cosas que quiere regresar, por ejemplo todo este gran recorte para la cultura que es escandaloso, a\u00f1adi\u00f3.<\/div>\n<div><\/div>\n<div>\u201cRegresa el PRI y aunque esta disfrazado de cordero finalmente no deja de ser ese gobierno tan de la forma de la manipulaci\u00f3n y de &#8216;lo doy a quien me conviene&#8217; etc\u00e9tera. Desde luego era una sociedad m\u00e1s controlada y controlable, ahora no ser\u00e1 f\u00e1cil\u201d.<\/div>\n<div><\/div>\n<div>No ser\u00e1 f\u00e1cil, porque para Bergua la sociedad civil est\u00e1 tomando acciones, \u201cnuestro papel como gente de letras y comunicadores es abrir la discusi\u00f3n\u201d. Yo siento razonar y discutir no se hace tanto en este pa\u00eds, se gira y se vocifera y no se razona. Creo que es importante que la discusi\u00f3n \u00a0se abra e incluya muchos puntos de vista, dijo.<\/div>\n<div><\/div>\n<div>Ella recibi\u00f3 un premio por su labor, en su opini\u00f3n est\u00e1 bien el otorgar a los creadores est\u00edmulos, sin embargo \u201cel trabajo que se debe hacer es ampliar los fondos, hacer llegar a la gente la cultura de manera inmediata, ir a leer, hacer exposiciones en las comunidades, hacer trabajo \u2018a ras de tierra\u2019 y creo que no se trata de \u00a0quitar recursos a unos para darle a otros, es ampliar recursos y ampliar el alcance a de la cultura\u201d.<\/div>\n<p>El premio para Garc\u00eda Bergua, dotado con 10 mil d\u00f3lares, lo recibir\u00e1 la autora el 4 de diciembre pr\u00f3ximo, durante la edici\u00f3n n\u00famero 27 de la FIL.<\/p>\n<div><a href=\"http:\/\/www.eloriente.net\/home\/wp-content\/uploads\/2013\/11\/garc\u00eda-bergua-n22.jpg\"><img loading=\"lazy\" decoding=\"async\" class=\"alignnone size-full wp-image-17337\" title=\"garc\u00eda bergua n22\" src=\"http:\/\/www.eloriente.net\/home\/wp-content\/uploads\/2013\/11\/garc\u00eda-bergua-n22.jpg\" alt=\"\" width=\"250\" height=\"300\" \/><\/a><\/div>\n<div><\/div>\n<div>Imagen:http:\/\/bit.ly\/17DScLq<\/div>\n<div>\u00a0 \u00a0 \u00a0 \u00a0 \u00a0 \u00a0\u00a0http:\/\/bit.ly\/HvdBdk<\/div>\n<div><\/div>\n<div style=\"text-align: right;\"><strong>Otras entradas:\u00a0<\/strong><\/div>\n<div style=\"text-align: left;\"><\/div>\n<div style=\"text-align: left;\">\n<p><a title=\"Permalink to En favor de las cuotas de g\u00e9nero\" href=\"http:\/\/www.eloriente.net\/home\/2013\/10\/20\/en-favor-de-las-cuotas-de-genero\/\" rel=\"bookmark\">En favor de las cuotas de g\u00e9nero<\/a><\/p>\n<p><a href=\"http:\/\/www.eloriente.net\/home\/2013\/10\/20\/en-favor-de-las-cuotas-de-genero\/\" rel=\"bookmark\"><img decoding=\"async\" title=\"En favor de las cuotas de g\u00e9nero\" src=\"http:\/\/www.eloriente.net\/home\/wp-content\/themes\/city-desk\/timthumb.php?src=http%3A%2F%2Fwww.eloriente.net%2Fhome%2Fwp-content%2Fuploads%2F2013%2F10%2FMujeres-antes-muertas-que-sumisas-Atribucio%CC%81nCompartir-bajo-la-misma-licencia-Algunos-derechos-reservados-por-gaelx-.jpg&amp;q=90&amp;w=160&amp;h=106&amp;zc=1\" alt=\"En favor de las cuotas de g\u00e9nero\" \/><\/a>eloriente.net\/Miguel Carbonell 20 de octubre de 2013 Por: Miguel Carbonell La propuesta de que 50% de las candidaturas a cargos de representaci\u00f3n popular correspondan a cada uno de los sexos, asegurando un incremento sustancial de la participaci\u00f3n de las mujeres en la pol\u00edtica, es un paso hacia delante muy valioso al que hay que apoyar. [&#8230;]<\/p>\n<p>October 20, 2013<\/p>\n<div id=\"post-16891\">\n<p><a title=\"Permalink to Eduardo Lizalde obtiene Premio Internacional de Poes\u00eda Federico Garc\u00eda Lorca\" href=\"http:\/\/www.eloriente.net\/home\/2013\/10\/11\/eduardo-lizalde-obtiene-premio-internacional-de-poesia-federico-garcia-lorca\/\" rel=\"bookmark\">Eduardo Lizalde obtiene Premio Internacional de Poes\u00eda Federico Garc\u00eda Lorca<\/a><\/p>\n<p><a href=\"http:\/\/www.eloriente.net\/home\/2013\/10\/11\/eduardo-lizalde-obtiene-premio-internacional-de-poesia-federico-garcia-lorca\/\" rel=\"bookmark\"><img decoding=\"async\" title=\"Eduardo Lizalde obtiene Premio Internacional de Poes\u00eda Federico Garc\u00eda Lorca\" src=\"http:\/\/www.eloriente.net\/home\/wp-content\/themes\/city-desk\/timthumb.php?src=http%3A%2F%2Fwww.eloriente.net%2Fhome%2Fwp-content%2Fuploads%2F2013%2F10%2FGranada-Algunos-derechos-reservados-por-jiangkeren.jpg&amp;q=90&amp;w=160&amp;h=106&amp;zc=1\" alt=\"Eduardo Lizalde obtiene Premio Internacional de Poes\u00eda Federico Garc\u00eda Lorca\" \/><\/a>eloriente.net 11 de octubre de 2013 eloriente.net (Oaxaca, M\u00e9xico).- El inmenso poeta mexicano Eduardo Lizalde fue anunciado esta ma\u00f1ana (medio d\u00eda en Espa\u00f1a) como el poeta reconocido por el Premio Internacional de Poes\u00eda Ciudad de Granada \u201cFederico Garc\u00eda Lorca\u201d 2013. Luego de un debate entre el jurado del Premio, en el cual participan miembros de: [&#8230;]<\/p>\n<p>October 11, 2013<\/p>\n<\/div>\n<div id=\"post-16816\">\n<p><a title=\"Permalink to No hay periodismo, en el sentido cl\u00e1sico de la frase\u201d: David Rieff\" href=\"http:\/\/www.eloriente.net\/home\/2013\/10\/07\/no-hay-periodismo-en-el-sentido-clasico-de-la-frase-david-rieff\/\" rel=\"bookmark\">No hay periodismo, en el sentido cl\u00e1sico de la frase\u201d: David Rieff<\/a><\/p>\n<p><a href=\"http:\/\/www.eloriente.net\/home\/2013\/10\/07\/no-hay-periodismo-en-el-sentido-clasico-de-la-frase-david-rieff\/\" rel=\"bookmark\"><img decoding=\"async\" title=\"No hay periodismo, en el sentido cl\u00e1sico de la frase\u201d: David Rieff\" src=\"http:\/\/www.eloriente.net\/home\/wp-content\/themes\/city-desk\/timthumb.php?src=http%3A%2F%2Fwww.eloriente.net%2Fhome%2Fwp-content%2Fuploads%2F2013%2F10%2FDavid-Rieff-600x300.jpg&amp;q=90&amp;w=160&amp;h=106&amp;zc=1\" alt=\"No hay periodismo, en el sentido cl\u00e1sico de la frase\u201d: David Rieff\" \/><\/a>eloriente.net\/Agencia de Noticias de Canal 22 7 de octubre de 2013 \u00a0Por Marcos D. Aguilar @alephcircular XALAPA, M\u00e9xico, (N22).- \u201cHe escrito 10 libros y no escribo sobre mi propia vida sobre asuntos personales, no me gusta esa manera, yo hablo para mi, los otros pueden hacer lo que quieran.Trat\u00e9 de escribir un libro una memoria [&#8230;]<\/p>\n<p>October 7, 2013<\/p>\n<\/div>\n<\/div>\n\n\t\t\t  <div \n\t\t\t  \tclass = \"fb-comments\" \n\t\t\t  \tdata-href = \"https:\/\/www.eloriente.net\/home\/2013\/11\/06\/el-problema-de-la-educacion-va-de-la-mano-con-el-de-la-cultura-garcia-bergua\/\"\n\t\t\t  \tdata-numposts = \"10\"\n\t\t\t\tdata-colorscheme = \"dark\"\n\t\t\t\tdata-order-by = \"social\"\n\t\t\t\tdata-mobile=true>\n\t\t\t  <\/div>\n\t\t  <style>\n\t\t\t.fb_iframe_widget_fluid_desktop iframe {\n\t\t\t    width: 100% !important;\n\t\t\t}\n\t\t  <\/style>\n\t\t  ","protected":false},"excerpt":{"rendered":"<p>eloriente.net\/Agencia de Noticias de Canal 22 6 de noviembre de 2013 Por:\u00a0Alizbeth Mercado\u00a0@alizbeat CIUDAD DE M\u00c9XICO, M\u00e9xico, (N22).-\u00a0Pienso que sigue siendo necesario apoyar a los creadores, a los j\u00f3venes y es necesario el sistema de becas, porque no tenemos un sistema que haya creado p\u00fablicos que sostengan ese trabajo. De alguna manera si quitas lo [&hellip;]<\/p>\n","protected":false},"author":1,"featured_media":17337,"comment_status":"open","ping_status":"open","sticky":false,"template":"","format":"standard","meta":{"_jetpack_memberships_contains_paid_content":false,"footnotes":""},"categories":[49,18,32,10],"tags":[],"class_list":["post-17336","post","type-post","status-publish","format-standard","has-post-thumbnail","hentry","category-destacadas","category-educacion-y-cultura","category-entradas","category-lo-mas-reciente"],"jetpack_featured_media_url":"https:\/\/www.eloriente.net\/home\/wp-content\/uploads\/2013\/11\/garc\u00eda-bergua-n22.jpg","jetpack_sharing_enabled":true,"_links":{"self":[{"href":"https:\/\/www.eloriente.net\/home\/wp-json\/wp\/v2\/posts\/17336"}],"collection":[{"href":"https:\/\/www.eloriente.net\/home\/wp-json\/wp\/v2\/posts"}],"about":[{"href":"https:\/\/www.eloriente.net\/home\/wp-json\/wp\/v2\/types\/post"}],"author":[{"embeddable":true,"href":"https:\/\/www.eloriente.net\/home\/wp-json\/wp\/v2\/users\/1"}],"replies":[{"embeddable":true,"href":"https:\/\/www.eloriente.net\/home\/wp-json\/wp\/v2\/comments?post=17336"}],"version-history":[{"count":2,"href":"https:\/\/www.eloriente.net\/home\/wp-json\/wp\/v2\/posts\/17336\/revisions"}],"predecessor-version":[{"id":17339,"href":"https:\/\/www.eloriente.net\/home\/wp-json\/wp\/v2\/posts\/17336\/revisions\/17339"}],"wp:featuredmedia":[{"embeddable":true,"href":"https:\/\/www.eloriente.net\/home\/wp-json\/wp\/v2\/media\/17337"}],"wp:attachment":[{"href":"https:\/\/www.eloriente.net\/home\/wp-json\/wp\/v2\/media?parent=17336"}],"wp:term":[{"taxonomy":"category","embeddable":true,"href":"https:\/\/www.eloriente.net\/home\/wp-json\/wp\/v2\/categories?post=17336"},{"taxonomy":"post_tag","embeddable":true,"href":"https:\/\/www.eloriente.net\/home\/wp-json\/wp\/v2\/tags?post=17336"}],"curies":[{"name":"wp","href":"https:\/\/api.w.org\/{rel}","templated":true}]}}