{"id":18006,"date":"2013-11-05T23:07:49","date_gmt":"2013-11-06T05:07:49","guid":{"rendered":"http:\/\/www.eloriente.net\/home\/?p=18006"},"modified":"2013-12-03T13:15:41","modified_gmt":"2013-12-03T19:15:41","slug":"acude-massimo-gatta-a-bellas-artes","status":"publish","type":"post","link":"https:\/\/www.eloriente.net\/home\/2013\/11\/05\/acude-massimo-gatta-a-bellas-artes\/","title":{"rendered":"Acude Massimo Gatta a Bellas Artes"},"content":{"rendered":"<p>eloriente.net\/<a href=\"http:\/\/www.uabjo.mx\/\" target=\"_blank\">UABJO<\/a><\/p>\n<p>5 de noviembre de 2013<\/p>\n<p>La Escuela de Bellas Artes correspondiente a la Universidad Aut\u00f3noma \u201cBenito Ju\u00e1rez\u201d de Oaxaca (UABJO), cont\u00f3 con la presencia del m\u00fasico Massimo Gatta durante una semana de actividades.<\/p>\n<p>Oriundo de un municipio de Italia, inici\u00f3 a temprana edad sus estudios y poco a poco logr\u00f3 sobresalir por su talento nato y virtuoso de la guitarra, es egresado del Conservatorio G. Tartini en Trieste, participe en la Orquesta de Guitarras de Xalapa y catedr\u00e1tico en la Facultad de M\u00fasica de la Universidad Veracruzana donde varios de sus alumnos han sido ganadores de concursos a nivel nacional e internacional.<\/p>\n<p>En esta ocasi\u00f3n fue invitado a la escuela de Bellas Artes para realizar cursos a los alumnos, un recital de guitarra en la Sala Ju\u00e1rez y un taller \u00abInterpretaci\u00f3n de la M\u00fasica como Creaci\u00f3n\u00bb. El director de dicha escuela, Fidel Torres Gonz\u00e1lez dijo que la finalidad de estas actividades es para que los alumnos tengan otras experiencias en cuanto a la m\u00fasica se refiere, \u00ablos maestros que tenemos son de buen nivel y con esto buscamos reforzar la parte acad\u00e9mica, en ese caso fue para el \u00e1rea de guitarra\u00bb.<\/p>\n<p>Por su parte el maestro Massimo agradeci\u00f3 la invitaci\u00f3n y siendo su primera vez de compartir un repertorio dentro de la universidad y al mismo tiempo estrenar algunos estudios que no se hab\u00edan tocado, destac\u00f3 que hay muy buenos talentos dentro de la asignatura y considera muy buena oferta implementar la licenciatura.<\/p>\n<p>\u00abEs importante dar espacios a los j\u00f3venes para que se vayan proyectando y que tengan movilidad entre universidades y vivir nuevas experiencias e incrementar sus conocimientos\u00bb, concluy\u00f3 el m\u00fasico italiano.<\/p>\n<p><a href=\"http:\/\/www.eloriente.net\/home\/wp-content\/uploads\/2013\/12\/Massimo-Gatta-Bellas-Artes-eloriente.net_.jpg\"><img loading=\"lazy\" decoding=\"async\" class=\"alignnone size-medium wp-image-18007\" title=\"Massimo Gatta Bellas Artes eloriente.net\" src=\"http:\/\/www.eloriente.net\/home\/wp-content\/uploads\/2013\/12\/Massimo-Gatta-Bellas-Artes-eloriente.net_-200x300.jpg\" alt=\"\" width=\"200\" height=\"300\" srcset=\"https:\/\/www.eloriente.net\/home\/wp-content\/uploads\/2013\/12\/Massimo-Gatta-Bellas-Artes-eloriente.net_-200x300.jpg 200w, https:\/\/www.eloriente.net\/home\/wp-content\/uploads\/2013\/12\/Massimo-Gatta-Bellas-Artes-eloriente.net_-682x1024.jpg 682w, https:\/\/www.eloriente.net\/home\/wp-content\/uploads\/2013\/12\/Massimo-Gatta-Bellas-Artes-eloriente.net_-1024x1536.jpg 1024w\" sizes=\"(max-width: 200px) 100vw, 200px\" \/><\/a><\/p>\n<p>Foto: UABJO<\/p>\n<p><strong>Anteriores:<\/strong><\/p>\n<p><a title=\"Permalink to Inicia en Oaxaca Congreso \u201cLos Pueblos Ind\u00edgenas de Am\u00e9rica Latina\u201d\" href=\"http:\/\/www.eloriente.net\/home\/2013\/11\/01\/inicia-en-oaxaca-congreso-los-pueblos-indigenas-de-america-latina\/\" rel=\"bookmark\">Inicia en Oaxaca Congreso \u201cLos Pueblos Ind\u00edgenas de Am\u00e9rica Latina\u201d<\/a><\/p>\n<p><a href=\"http:\/\/www.eloriente.net\/home\/2013\/11\/01\/inicia-en-oaxaca-congreso-los-pueblos-indigenas-de-america-latina\/\" rel=\"bookmark\"><img decoding=\"async\" title=\"Inicia en Oaxaca Congreso \u201cLos Pueblos Ind\u00edgenas de Am\u00e9rica Latina\u201d\" src=\"http:\/\/www.eloriente.net\/home\/wp-content\/themes\/city-desk\/timthumb.php?src=http%3A%2F%2Fwww.eloriente.net%2Fhome%2Fwp-content%2Fuploads%2F2013%2F12%2FCongreso-UABJO-ind%C3%ADgenas-eloriente.net_.jpg&amp;q=90&amp;w=160&amp;h=106&amp;zc=1\" alt=\"Inicia en Oaxaca Congreso \u201cLos Pueblos Ind\u00edgenas de Am\u00e9rica Latina\u201d\" \/><\/a><\/p>\n<p>eloriente.net 1 de noviembre de 2013 Con el prop\u00f3sito de fortalecer la cooperaci\u00f3n e intercambio de experiencias entre acad\u00e9micos y profesionales que trabajan con los pueblos ind\u00edgenas en Am\u00e9rica Latina, Estados Unidos y Europa; as\u00ed como promover el dise\u00f1o e implementaci\u00f3n de pol\u00edticas para el desarrollo social y la conservaci\u00f3n del patrimonio cultural, dio inicio [&#8230;]<\/p>\n<p>November 1, 2013<\/p>\n<div id=\"post-17251\">\n<p><a title=\"Permalink to Quer\u00e9taro: La conspiraci\u00f3n se hizo visible, por Tom\u00e1s Gonz\u00e1lez\" href=\"http:\/\/www.eloriente.net\/home\/2013\/10\/31\/queretaro-la-conspiracion-se-hizo-visible-por-tomas-gonzalez\/\" rel=\"bookmark\">Quer\u00e9taro: La conspiraci\u00f3n se hizo visible, por Tom\u00e1s Gonz\u00e1lez<\/a><\/p>\n<p><a href=\"http:\/\/www.eloriente.net\/home\/2013\/10\/31\/queretaro-la-conspiracion-se-hizo-visible-por-tomas-gonzalez\/\" rel=\"bookmark\"><img decoding=\"async\" title=\"Quer\u00e9taro: La conspiraci\u00f3n se hizo visible, por Tom\u00e1s Gonz\u00e1lez\" src=\"http:\/\/www.eloriente.net\/home\/wp-content\/themes\/city-desk\/timthumb.php?src=http%3A%2F%2Fwww.eloriente.net%2Fhome%2Fwp-content%2Fuploads%2F2013%2F10%2FQuere%CC%81taro-Atribucio%CC%81n-Algunos-derechos-reservados-por-Leandros-World-Tour-.jpg&amp;q=90&amp;w=160&amp;h=106&amp;zc=1\" alt=\"Quer\u00e9taro: La conspiraci\u00f3n se hizo visible, por Tom\u00e1s Gonz\u00e1lez\" \/><\/a>eloriente.net 31 de octubre de 2013 Por: Tom\u00e1s Alejandro Gonz\u00e1lez A Sa\u00fal Ru\u00edz Arriaga, entra\u00f1able amigo y constante fuente de inspiraci\u00f3n. Francamente, no esperaba encontrarme en medio de una multitud de j\u00f3venes que juntos fuimos invitados a volver al origen, a tener claro siempre, nuestra identidad, nuestro prop\u00f3sito y nuestro destino, en lo individual y [&#8230;]<\/p>\n<p>October 31, 2013<\/p>\n<\/div>\n<div id=\"post-17238\">\n<p><a title=\"Permalink to \u2018Programa de Estudios est\u00e1 acreditado\u2019, informa director de Escuela de Medicina\" href=\"http:\/\/www.eloriente.net\/home\/2013\/10\/31\/programa-de-estudios-esta-acreditado-informa-director-de-escuela-de-medicina\/\" rel=\"bookmark\">\u2018Programa de Estudios est\u00e1 acreditado\u2019, informa director de Escuela de Medicina<\/a><\/p>\n<p><a href=\"http:\/\/www.eloriente.net\/home\/2013\/10\/31\/programa-de-estudios-esta-acreditado-informa-director-de-escuela-de-medicina\/\" rel=\"bookmark\"><img decoding=\"async\" title=\"\u2018Programa de Estudios est\u00e1 acreditado\u2019, informa director de Escuela de Medicina\" src=\"http:\/\/www.eloriente.net\/home\/wp-content\/themes\/city-desk\/timthumb.php?src=http%3A%2F%2Fwww.eloriente.net%2Fhome%2Fwp-content%2Fuploads%2F2013%2F10%2FInforme-escuela-de-medicina-UABJO.jpg&amp;q=90&amp;w=160&amp;h=106&amp;zc=1\" alt=\"\u2018Programa de Estudios est\u00e1 acreditado\u2019, informa director de Escuela de Medicina\" \/><\/a>eloriente.net\/UABJO 31 de octubre de 2013 En sesi\u00f3n solemne del Honorable Consejo T\u00e9cnico, el director de la Facultad de Medicina y Cirug\u00eda de la Universidad Aut\u00f3noma \u201cBenito Ju\u00e1rez\u201d de Oaxaca (UABJO), Miguel \u00c1ngel Reyes Franco rindi\u00f3 su primer informe de sus actividades acad\u00e9mico-administrativas, donde dio a conocer que se han realizado diversas acciones respecto a [&#8230;]<\/p>\n<p>October 31, 2013<\/p>\n<\/div>\n<p>&nbsp;<\/p>\n\n\t\t\t  <div \n\t\t\t  \tclass = \"fb-comments\" \n\t\t\t  \tdata-href = \"https:\/\/www.eloriente.net\/home\/2013\/11\/05\/acude-massimo-gatta-a-bellas-artes\/\"\n\t\t\t  \tdata-numposts = \"10\"\n\t\t\t\tdata-colorscheme = \"dark\"\n\t\t\t\tdata-order-by = \"social\"\n\t\t\t\tdata-mobile=true>\n\t\t\t  <\/div>\n\t\t  <style>\n\t\t\t.fb_iframe_widget_fluid_desktop iframe {\n\t\t\t    width: 100% !important;\n\t\t\t}\n\t\t  <\/style>\n\t\t  ","protected":false},"excerpt":{"rendered":"<p>eloriente.net\/UABJO 5 de noviembre de 2013 La Escuela de Bellas Artes correspondiente a la Universidad Aut\u00f3noma \u201cBenito Ju\u00e1rez\u201d de Oaxaca (UABJO), cont\u00f3 con la presencia del m\u00fasico Massimo Gatta durante una semana de actividades. Oriundo de un municipio de Italia, inici\u00f3 a temprana edad sus estudios y poco a poco logr\u00f3 sobresalir por su talento [&hellip;]<\/p>\n","protected":false},"author":1,"featured_media":18007,"comment_status":"open","ping_status":"open","sticky":false,"template":"","format":"standard","meta":{"_jetpack_memberships_contains_paid_content":false,"footnotes":""},"categories":[18,32,10,84],"tags":[],"class_list":["post-18006","post","type-post","status-publish","format-standard","has-post-thumbnail","hentry","category-educacion-y-cultura","category-entradas","category-lo-mas-reciente","category-universidades"],"jetpack_featured_media_url":"https:\/\/www.eloriente.net\/home\/wp-content\/uploads\/2013\/12\/Massimo-Gatta-Bellas-Artes-eloriente.net_.jpg","jetpack_sharing_enabled":true,"_links":{"self":[{"href":"https:\/\/www.eloriente.net\/home\/wp-json\/wp\/v2\/posts\/18006"}],"collection":[{"href":"https:\/\/www.eloriente.net\/home\/wp-json\/wp\/v2\/posts"}],"about":[{"href":"https:\/\/www.eloriente.net\/home\/wp-json\/wp\/v2\/types\/post"}],"author":[{"embeddable":true,"href":"https:\/\/www.eloriente.net\/home\/wp-json\/wp\/v2\/users\/1"}],"replies":[{"embeddable":true,"href":"https:\/\/www.eloriente.net\/home\/wp-json\/wp\/v2\/comments?post=18006"}],"version-history":[{"count":2,"href":"https:\/\/www.eloriente.net\/home\/wp-json\/wp\/v2\/posts\/18006\/revisions"}],"predecessor-version":[{"id":18009,"href":"https:\/\/www.eloriente.net\/home\/wp-json\/wp\/v2\/posts\/18006\/revisions\/18009"}],"wp:featuredmedia":[{"embeddable":true,"href":"https:\/\/www.eloriente.net\/home\/wp-json\/wp\/v2\/media\/18007"}],"wp:attachment":[{"href":"https:\/\/www.eloriente.net\/home\/wp-json\/wp\/v2\/media?parent=18006"}],"wp:term":[{"taxonomy":"category","embeddable":true,"href":"https:\/\/www.eloriente.net\/home\/wp-json\/wp\/v2\/categories?post=18006"},{"taxonomy":"post_tag","embeddable":true,"href":"https:\/\/www.eloriente.net\/home\/wp-json\/wp\/v2\/tags?post=18006"}],"curies":[{"name":"wp","href":"https:\/\/api.w.org\/{rel}","templated":true}]}}